{"id":10157,"date":"2016-10-12T16:35:04","date_gmt":"2016-10-12T19:35:04","guid":{"rendered":"http:\/\/www.fhycs.unam.edu.ar\/portada\/?p=10157"},"modified":"2016-10-14T11:41:59","modified_gmt":"2016-10-14T14:41:59","slug":"inscriben-a-curso-con-puntaje-docente-sobre-la-musica-en-la-infancia","status":"publish","type":"post","link":"https:\/\/www.fhycs.unam.edu.ar\/portada\/inscriben-a-curso-con-puntaje-docente-sobre-la-musica-en-la-infancia\/","title":{"rendered":"Dictar\u00e1n curso sobre la m\u00fasica en la infancia"},"content":{"rendered":"<p><img loading=\"lazy\" class=\" wp-image-10158 alignleft\" src=\"https:\/\/www.fhycs.unam.edu.ar\/portada\/wp-content\/uploads\/2016\/10\/FB_IMG_1476248642876-300x232.jpg\" alt=\"fb_img_1476248642876\" width=\"334\" height=\"258\" srcset=\"https:\/\/www.fhycs.unam.edu.ar\/portada\/wp-content\/uploads\/2016\/10\/FB_IMG_1476248642876-300x232.jpg 300w, https:\/\/www.fhycs.unam.edu.ar\/portada\/wp-content\/uploads\/2016\/10\/FB_IMG_1476248642876-600x464.jpg 600w, https:\/\/www.fhycs.unam.edu.ar\/portada\/wp-content\/uploads\/2016\/10\/FB_IMG_1476248642876.jpg 698w\" sizes=\"(max-width: 334px) 100vw, 334px\" \/><\/p>\n<p style=\"text-align: justify;\">Se trata de una <strong>actualizaci\u00f3n y perfeccionamiento<\/strong>\u00a0 realizada por la <strong>Secretar\u00eda de Extensi\u00f3n y Vinculaci\u00f3n Tecnol\u00f3gica<\/strong> sobre <strong>\u201cLa M\u00fasica en el Desarrollo de la Primera Infancia\u201d.<\/strong><!--more--><\/p>\n<p style=\"text-align: justify;\">El curso, que tiene un dictado de\u00a0 60 hs. con valoraci\u00f3n docente, comenzar\u00e1 el viernes 21 de octubre a las 18:00 hs en el anexo de la Facultad de Humanidades de la Universidad Nacional de Misiones (UNaM) San Lorenzo casi Av. Mitre primer piso aula 3.<\/p>\n<blockquote>\n<p style=\"text-align: right;\"><span style=\"color: #008080;\"><strong>Inscripciones de lunes a viernes de 18:00 a 21:00 Hs. en el Instituto Esteban Lugo en el Bolp 1, Rademacher casi Maip\u00fa, Posadas.<\/strong><\/span><\/p>\n<p style=\"text-align: right;\"><span style=\"color: #008080;\"><strong> Cel 376154372690 <\/strong><\/span><\/p>\n<p style=\"text-align: right;\"><span style=\"color: #008080;\"><strong>E-mail: \u00a0<a href=\"mailto:%3Cscript%20type=%27text\/javascript%27%3E%20%3C%21--%20var%20prefix%20=%20%27ma%27%20+%20%27il%27%20+%20%27to%27;%20var%20path%20=%20%27hr%27%20+%20%27ef%27%20+%20%27=%27;%20var%20addy66555%20=%20%27fundacionanimartemisiones%27%20+%20%27@%27;%20addy66555%20=%20addy66555%20+%20%27gmail%27%20+%20%27.%27%20+%20%27com%27;%20document.write%28%27%3Ca%20%27%20+%20path%20+%20%27\/%27%27%20+%20prefix%20+%20%27:%27%20+%20addy66555%20+%20%27\/%27%3E%27+%20addy66555+%20%27%3C\/\/a%3E%27%29;%20\/\/--%3E\/n%20%3C\/script%3E%3Cscript%20type=%27text\/javascript%27%3E%20%3C%21--%20document.write%28%27%3Cspan%20style=\/%27display:%20none;\/%27%3E%27+%20%27Esta%20direcci%C3%B3n%20de%20correo%20electr%C3%B3nico%20est%C3%A1%20siendo%20protegida%20contra%20los%20robots%20de%20spam.%20Necesita%20tener%20JavaScript%20habilitado%20para%20poder%20verlo.%27+%20%27%3C\/%27+%20%27span%3E%27%29;%20\/\/--%3E%20%3C\/script%3E\" target=\"_blank\">fundacionanimartemisiones@gmail.com<\/a><br \/>\n<\/strong><\/span><\/p>\n<\/blockquote>\n<p>Se trata de una novedosa propuesta que busca ampliar los recursos pedag\u00f3gicos de las personas a cargo de ni\u00f1os en la primera infancia desde la m\u00fasica y los aportes de la musicoterapia.<\/p>\n<h6>Desarrolla las siguientes tem\u00e1ticas desde talleres te\u00f3ricos vivenciales:<\/h6>\n<ul>\n<li>Beneficios de utilizar la m\u00fasica\u00a0 en la primera infancia.<\/li>\n<li>Aportes de la Musicoterapia a la primera infancia.<\/li>\n<li>M\u00fasica y embarazo.<\/li>\n<li>V\u00ednculos sonoros bebe-adulto-nanas.<\/li>\n<li>Est\u00edmulos para el ni\u00f1o y la familia desde la literatura infantil, la exploraci\u00f3n musical, juegos, rondas cantos que activan el encuentro del adulto con el ni\u00f1o.<\/li>\n<li>Audios de canciones y repertorio para primera infancia.<\/li>\n<\/ul>\n<p>El curso es coordinado por la <strong>Licenciada en Musicoterapia Alba Lugo<\/strong> y equipo docente de amplia trayectoria en la tem\u00e1tica,. Es organizado por la <strong>Tecnicatura Superior en Jard\u00edn Maternal del Instituto Superior Esteban Lugo<\/strong> en convenio con la Facultad de Humanidades y Ciencias Sociales de la UNaM.<\/p>\n<p>Fue declarado de <em>&#8220;Inter\u00e9s provincial&#8221;<\/em> por la <strong>Honorable C\u00e1mara de Representantes de la Provincia de Misiones.<\/strong><\/p>\n<p>&nbsp;<\/p>\n<p>&nbsp;<\/p>\n<p>&nbsp;<\/p>\n","protected":false},"excerpt":{"rendered":"<p>Se trata de una actualizaci\u00f3n y perfeccionamiento\u00a0 realizada por la Secretar\u00eda de Extensi\u00f3n y Vinculaci\u00f3n Tecnol\u00f3gica sobre \u201cLa M\u00fasica en el Desarrollo de la Primera Infancia\u201d.<\/p>\n","protected":false},"author":10,"featured_media":0,"comment_status":"open","ping_status":"closed","sticky":false,"template":"","format":"standard","meta":{"extendify_custom_stylesheet":""},"categories":[1],"tags":[5],"_links":{"self":[{"href":"https:\/\/www.fhycs.unam.edu.ar\/portada\/wp-json\/wp\/v2\/posts\/10157"}],"collection":[{"href":"https:\/\/www.fhycs.unam.edu.ar\/portada\/wp-json\/wp\/v2\/posts"}],"about":[{"href":"https:\/\/www.fhycs.unam.edu.ar\/portada\/wp-json\/wp\/v2\/types\/post"}],"author":[{"embeddable":true,"href":"https:\/\/www.fhycs.unam.edu.ar\/portada\/wp-json\/wp\/v2\/users\/10"}],"replies":[{"embeddable":true,"href":"https:\/\/www.fhycs.unam.edu.ar\/portada\/wp-json\/wp\/v2\/comments?post=10157"}],"version-history":[{"count":4,"href":"https:\/\/www.fhycs.unam.edu.ar\/portada\/wp-json\/wp\/v2\/posts\/10157\/revisions"}],"predecessor-version":[{"id":10205,"href":"https:\/\/www.fhycs.unam.edu.ar\/portada\/wp-json\/wp\/v2\/posts\/10157\/revisions\/10205"}],"wp:attachment":[{"href":"https:\/\/www.fhycs.unam.edu.ar\/portada\/wp-json\/wp\/v2\/media?parent=10157"}],"wp:term":[{"taxonomy":"category","embeddable":true,"href":"https:\/\/www.fhycs.unam.edu.ar\/portada\/wp-json\/wp\/v2\/categories?post=10157"},{"taxonomy":"post_tag","embeddable":true,"href":"https:\/\/www.fhycs.unam.edu.ar\/portada\/wp-json\/wp\/v2\/tags?post=10157"}],"curies":[{"name":"wp","href":"https:\/\/api.w.org\/{rel}","templated":true}]}}