{"id":10222,"date":"2016-10-15T15:36:50","date_gmt":"2016-10-15T18:36:50","guid":{"rendered":"http:\/\/www.fhycs.unam.edu.ar\/portada\/?p=10222"},"modified":"2016-10-20T09:20:07","modified_gmt":"2016-10-20T12:20:07","slug":"paro-de-mujeres-ante-el-femicidio-de-la-adolescente","status":"publish","type":"post","link":"https:\/\/www.fhycs.unam.edu.ar\/portada\/paro-de-mujeres-ante-el-femicidio-de-la-adolescente\/","title":{"rendered":"&#8220;Paro de mujeres&#8221; ante el femicidio de la adolescente con cese de actividades en la FHyCS"},"content":{"rendered":"<p><img loading=\"lazy\" class=\"wp-image-8054 alignleft\" src=\"https:\/\/www.fhycs.unam.edu.ar\/portada\/wp-content\/uploads\/2016\/08\/ni-una-menos.jpg\" alt=\"Ep\u00edgrafe de ejemplo\" width=\"436\" height=\"327\" srcset=\"https:\/\/www.fhycs.unam.edu.ar\/portada\/wp-content\/uploads\/2016\/08\/ni-una-menos.jpg 800w, https:\/\/www.fhycs.unam.edu.ar\/portada\/wp-content\/uploads\/2016\/08\/ni-una-menos-300x225.jpg 300w, https:\/\/www.fhycs.unam.edu.ar\/portada\/wp-content\/uploads\/2016\/08\/ni-una-menos-768x576.jpg 768w, https:\/\/www.fhycs.unam.edu.ar\/portada\/wp-content\/uploads\/2016\/08\/ni-una-menos-600x450.jpg 600w\" sizes=\"(max-width: 436px) 100vw, 436px\" \/><\/p>\n<p style=\"text-align: justify;\">Bajo el lema <strong>\u201cBasta de violencia machista, vivas nos queremos\u201d<\/strong>, el colectivo <strong>#NiUnaMenos<\/strong> junto a agrupaciones feministas y de derechos humanos, convocaron a un <em>\u201cparo de mujeres\u201d<\/em> para este mi\u00e9rcoles 19 de octubre, movilizados ante el horror que rodea al femicidio de la adolescente Luc\u00eda P\u00e9rez, en Mar del Plata.<!--more--><\/p>\n<blockquote>\n<p style=\"text-align: right;\"><strong><span style=\"color: #008080;\">En Posadas la convocatoria es para pr\u00f3ximo mi\u00e9rcoles 19 con cese de actividades desde las 10:30 a 13:00 horas, en las intersecciones de las avenidas Uruguay y Mitre. <em>\u201cBasta de violencia machista, vivas nos queremos\u201d<\/em>, ser\u00e1 uno de los lemas. Proponen que las manifestantes marchen vestidas de negro.<\/span><\/strong><\/p>\n<\/blockquote>\n<p style=\"text-align: justify;\">Al aclarar que la medida se toma <em>\u201cpor primera vez y ante la atrocidad de este crimen. Luc\u00eda P\u00e9rez ten\u00eda 16 a\u00f1os y viv\u00eda en Mar del Plata. El domingo, fue drogada, violada, empalada y asesinada por, al menos dos hombres, que ya est\u00e1n detenidos, y presuntamente un tercero\u201d<\/em>, el comunicado explica que <em>\u201cel femicidio ocurri\u00f3 el mismo d\u00eda que una multitud marchaba en el Encuentro Nacional de Mujeres, en Rosario, y caus\u00f3 estupor\u201d.<\/em><\/p>\n<p style=\"text-align: justify;\">Ante eso, un gran colectivo de mujeres \u2013organizadas y autoconvocadas- se reuni\u00f3 para definir una medida ante la atrocidad. <em>\u201cLuego de dos a\u00f1os con marchas masivas bajo la consigna #NiUnaMenos y ante la falta de resultados concretos del reclamo y la continuidad de los femicidios d\u00eda a d\u00eda, se opt\u00f3 por llamar por primera vez a un paro femenino\u201d<\/em>, comentaron.<\/p>\n<p style=\"text-align: justify;\">La <strong>Facultad de Humanidades y Ciencias Sociales<\/strong> junto a la <a href=\"https:\/\/www.fhycs.unam.edu.ar\/portada\/la-fhycs-cuenta-con-su-protocolo-de-intervencion-institucional-ante-denuncias-de-violencias-de-genero-y-acoso-sexual\/\"><strong>Mesa Interclaustro del Protocolo contra las Violencias de G\u00e9neros Humanidades<\/strong><\/a>, hizo un llamamiento a toda la comunidad de la UNaM para que se sume a este reclamo: <em>\u201cque no nos es ajeno. Nos interpela y exige nuestro compromiso como participes activos en la lucha por la justicia y en la b\u00fasqueda de igualdad de derechos\u201d.<\/em><\/p>\n<p style=\"text-align: justify;\">Est\u00e1n convocados los gremios: APUNAM, ADUNAM, FEDUM y todas las agrupaciones estudiantiles.<\/p>\n<p style=\"text-align: justify;\">El grito se escuchar\u00e1 fuerte: <strong>#VIVAS NOS QUEREMOS\u2026!!!<\/strong><\/p>\n<h6 style=\"text-align: justify;\"><strong>Intervenci\u00f3n art\u00edstica contra la Violencia de G\u00e9nero realizada en la FHyCS memoria de Luc\u00eda Maidana<\/strong><\/h6>\n<p style=\"text-align: justify;\"><div id=\"metaslider-id-5047\" style=\"max-width: 400px; margin: 0 auto;\" class=\"ml-slider-3-27-13 metaslider metaslider-flex metaslider-5047 ml-slider ml-slider-lightbox-1-12-0 no-active-lightbox\">\n    <div id=\"metaslider_container_5047\">\n        <div id=\"metaslider_5047\">\n            <ul aria-live=\"polite\" class=\"slides\">\n                <li style=\"display: block; width: 100%;\" class=\"slide-5048 ms-image\"><a href=\"https:\/\/www.fhycs.unam.edu.ar\/portada\/wp-content\/uploads\/2016\/03\/Intervenci\u00f3n-contra-violaciones-1.jpg\" target=\"_self\"><img src=\"https:\/\/www.fhycs.unam.edu.ar\/portada\/wp-content\/uploads\/2016\/03\/Intervenci\u00f3n-contra-violaciones-1-400x200.jpg\" height=\"200\" width=\"400\" alt=\"\" class=\"slider-5047 slide-5048\" \/><\/a><\/li>\n                <li style=\"display: none; width: 100%;\" class=\"slide-5049 ms-image\"><a href=\"https:\/\/www.fhycs.unam.edu.ar\/portada\/wp-content\/uploads\/2016\/03\/Intervenci\u00f3n-contra-violaciones-2.jpg\" target=\"_self\"><img src=\"https:\/\/www.fhycs.unam.edu.ar\/portada\/wp-content\/uploads\/2016\/03\/Intervenci\u00f3n-contra-violaciones-2-400x200.jpg\" height=\"200\" width=\"400\" alt=\"\" class=\"slider-5047 slide-5049\" \/><\/a><\/li>\n                <li style=\"display: none; width: 100%;\" class=\"slide-5050 ms-image\"><a href=\"https:\/\/www.fhycs.unam.edu.ar\/portada\/wp-content\/uploads\/2016\/03\/Intervenci\u00f3n-contra-violaciones-3.jpg\" target=\"_self\"><img src=\"https:\/\/www.fhycs.unam.edu.ar\/portada\/wp-content\/uploads\/2016\/03\/Intervenci\u00f3n-contra-violaciones-3-400x200.jpg\" height=\"200\" width=\"400\" alt=\"\" class=\"slider-5047 slide-5050\" \/><\/a><\/li>\n                <li style=\"display: none; width: 100%;\" class=\"slide-5051 ms-image\"><a href=\"https:\/\/www.fhycs.unam.edu.ar\/portada\/wp-content\/uploads\/2016\/03\/Intervenci\u00f3n-contra-violaciones-4.jpg\" target=\"_self\"><img src=\"https:\/\/www.fhycs.unam.edu.ar\/portada\/wp-content\/uploads\/2016\/03\/Intervenci\u00f3n-contra-violaciones-4-400x200.jpg\" height=\"200\" width=\"400\" alt=\"\" class=\"slider-5047 slide-5051\" \/><\/a><\/li>\n                <li style=\"display: none; width: 100%;\" class=\"slide-5052 ms-image\"><a href=\"https:\/\/www.fhycs.unam.edu.ar\/portada\/wp-content\/uploads\/2016\/03\/Intervenci\u00f3n-contra-violaciones-5.jpg\" target=\"_self\"><img src=\"https:\/\/www.fhycs.unam.edu.ar\/portada\/wp-content\/uploads\/2016\/03\/Intervenci\u00f3n-contra-violaciones-5-400x200.jpg\" height=\"200\" width=\"400\" alt=\"\" class=\"slider-5047 slide-5052\" \/><\/a><div class=\"caption-wrap\"><div class=\"caption\">Renzo Rodr\u00edguez, Mgter. Zulma Cabrera, Prof. Lorena Gutierrez y Prof.  Adriana Czubarko<\/div><\/div><\/li>\n                <li style=\"display: none; width: 100%;\" class=\"slide-5053 ms-image\"><a href=\"https:\/\/www.fhycs.unam.edu.ar\/portada\/wp-content\/uploads\/2016\/03\/Intervenci\u00f3n-contra-violaciones-6.jpg\" target=\"_self\"><img src=\"https:\/\/www.fhycs.unam.edu.ar\/portada\/wp-content\/uploads\/2016\/03\/Intervenci\u00f3n-contra-violaciones-6-400x200.jpg\" height=\"200\" width=\"400\" alt=\"\" class=\"slider-5047 slide-5053\" \/><\/a><\/li>\n                <li style=\"display: none; width: 100%;\" class=\"slide-5054 ms-image\"><a href=\"https:\/\/www.fhycs.unam.edu.ar\/portada\/wp-content\/uploads\/2016\/03\/Intervenci\u00f3n-contra-violaciones-7.jpg\" target=\"_self\"><img src=\"https:\/\/www.fhycs.unam.edu.ar\/portada\/wp-content\/uploads\/2016\/03\/Intervenci\u00f3n-contra-violaciones-7-400x200.jpg\" height=\"200\" width=\"400\" alt=\"\" class=\"slider-5047 slide-5054\" \/><\/a><div class=\"caption-wrap\"><div class=\"caption\">Profesora Elena Maidana <\/div><\/div><\/li>\n                <li style=\"display: none; width: 100%;\" class=\"slide-5055 ms-image\"><a href=\"https:\/\/www.fhycs.unam.edu.ar\/portada\/wp-content\/uploads\/2016\/03\/Intervenci\u00f3n-contra-violaciones-8.jpg\" target=\"_self\"><img src=\"https:\/\/www.fhycs.unam.edu.ar\/portada\/wp-content\/uploads\/2016\/03\/Intervenci\u00f3n-contra-violaciones-8-400x200.jpg\" height=\"200\" width=\"400\" alt=\"\" class=\"slider-5047 slide-5055\" \/><\/a><\/li>\n                <li style=\"display: none; width: 100%;\" class=\"slide-5056 ms-image\"><a href=\"https:\/\/www.fhycs.unam.edu.ar\/portada\/wp-content\/uploads\/2016\/03\/Intervenci\u00f3n-contra-violaciones-9.jpg\" target=\"_self\"><img src=\"https:\/\/www.fhycs.unam.edu.ar\/portada\/wp-content\/uploads\/2016\/03\/Intervenci\u00f3n-contra-violaciones-9-400x200.jpg\" height=\"200\" width=\"400\" alt=\"\" class=\"slider-5047 slide-5056\" \/><\/a><div class=\"caption-wrap\"><div class=\"caption\">La docente de la FHyCS Mariana Pizarro y su hija realizando una emocionante intervenci\u00f3n <\/div><\/div><\/li>\n                <li style=\"display: none; width: 100%;\" class=\"slide-5057 ms-image\"><a href=\"https:\/\/www.fhycs.unam.edu.ar\/portada\/wp-content\/uploads\/2016\/03\/Intervenci\u00f3n-contra-violaciones-10.jpg\" target=\"_self\"><img src=\"https:\/\/www.fhycs.unam.edu.ar\/portada\/wp-content\/uploads\/2016\/03\/Intervenci\u00f3n-contra-violaciones-10-400x200.jpg\" height=\"200\" width=\"400\" alt=\"\" class=\"slider-5047 slide-5057\" \/><\/a><\/li>\n                <li style=\"display: none; width: 100%;\" class=\"slide-5058 ms-image\"><a href=\"https:\/\/www.fhycs.unam.edu.ar\/portada\/wp-content\/uploads\/2016\/03\/Intervenci\u00f3n-contra-violaciones-11.jpg\" target=\"_self\"><img src=\"https:\/\/www.fhycs.unam.edu.ar\/portada\/wp-content\/uploads\/2016\/03\/Intervenci\u00f3n-contra-violaciones-11-400x200.jpg\" height=\"200\" width=\"400\" alt=\"\" class=\"slider-5047 slide-5058\" \/><\/a><\/li>\n                <li style=\"display: none; width: 100%;\" class=\"slide-5059 ms-image\"><a href=\"https:\/\/www.fhycs.unam.edu.ar\/portada\/wp-content\/uploads\/2016\/03\/Intervenci\u00f3n-contra-violaciones-12.jpg\" target=\"_self\"><img src=\"https:\/\/www.fhycs.unam.edu.ar\/portada\/wp-content\/uploads\/2016\/03\/Intervenci\u00f3n-contra-violaciones-12-400x200.jpg\" height=\"200\" width=\"400\" alt=\"\" class=\"slider-5047 slide-5059\" \/><\/a><\/li>\n                <li style=\"display: none; width: 100%;\" class=\"slide-5060 ms-image\"><a href=\"https:\/\/www.fhycs.unam.edu.ar\/portada\/wp-content\/uploads\/2016\/03\/Intervenci\u00f3n-contra-violaciones-13.jpg\" target=\"_self\"><img src=\"https:\/\/www.fhycs.unam.edu.ar\/portada\/wp-content\/uploads\/2016\/03\/Intervenci\u00f3n-contra-violaciones-13-400x200.jpg\" height=\"200\" width=\"400\" alt=\"\" class=\"slider-5047 slide-5060\" \/><\/a><\/li>\n                <li style=\"display: none; width: 100%;\" class=\"slide-5061 ms-image\"><a href=\"https:\/\/www.fhycs.unam.edu.ar\/portada\/wp-content\/uploads\/2016\/03\/Intervenci\u00f3n-contra-violaciones-14.jpg\" target=\"_self\"><img src=\"https:\/\/www.fhycs.unam.edu.ar\/portada\/wp-content\/uploads\/2016\/03\/Intervenci\u00f3n-contra-violaciones-14-400x200.jpg\" height=\"200\" width=\"400\" alt=\"\" class=\"slider-5047 slide-5061\" \/><\/a><\/li>\n            <\/ul>\n        <\/div>\n        \n    <\/div>\n<\/div><\/p>\n<p style=\"text-align: justify;\">\n","protected":false},"excerpt":{"rendered":"<p>Bajo el lema \u201cBasta de violencia machista, vivas nos queremos\u201d, el colectivo #NiUnaMenos junto a agrupaciones feministas y de derechos humanos, convocaron a un \u201cparo de mujeres\u201d para este mi\u00e9rcoles 19 de octubre, movilizados ante el horror que rodea al femicidio de la adolescente Luc\u00eda P\u00e9rez, en Mar del Plata.<\/p>\n","protected":false},"author":2,"featured_media":10395,"comment_status":"open","ping_status":"closed","sticky":false,"template":"","format":"standard","meta":{"extendify_custom_stylesheet":""},"categories":[62,84,1628],"tags":[898,1630,1629,1667,1598,1632,685],"_links":{"self":[{"href":"https:\/\/www.fhycs.unam.edu.ar\/portada\/wp-json\/wp\/v2\/posts\/10222"}],"collection":[{"href":"https:\/\/www.fhycs.unam.edu.ar\/portada\/wp-json\/wp\/v2\/posts"}],"about":[{"href":"https:\/\/www.fhycs.unam.edu.ar\/portada\/wp-json\/wp\/v2\/types\/post"}],"author":[{"embeddable":true,"href":"https:\/\/www.fhycs.unam.edu.ar\/portada\/wp-json\/wp\/v2\/users\/2"}],"replies":[{"embeddable":true,"href":"https:\/\/www.fhycs.unam.edu.ar\/portada\/wp-json\/wp\/v2\/comments?post=10222"}],"version-history":[{"count":11,"href":"https:\/\/www.fhycs.unam.edu.ar\/portada\/wp-json\/wp\/v2\/posts\/10222\/revisions"}],"predecessor-version":[{"id":10407,"href":"https:\/\/www.fhycs.unam.edu.ar\/portada\/wp-json\/wp\/v2\/posts\/10222\/revisions\/10407"}],"wp:featuredmedia":[{"embeddable":true,"href":"https:\/\/www.fhycs.unam.edu.ar\/portada\/wp-json\/wp\/v2\/media\/10395"}],"wp:attachment":[{"href":"https:\/\/www.fhycs.unam.edu.ar\/portada\/wp-json\/wp\/v2\/media?parent=10222"}],"wp:term":[{"taxonomy":"category","embeddable":true,"href":"https:\/\/www.fhycs.unam.edu.ar\/portada\/wp-json\/wp\/v2\/categories?post=10222"},{"taxonomy":"post_tag","embeddable":true,"href":"https:\/\/www.fhycs.unam.edu.ar\/portada\/wp-json\/wp\/v2\/tags?post=10222"}],"curies":[{"name":"wp","href":"https:\/\/api.w.org\/{rel}","templated":true}]}}