{"id":10592,"date":"2016-10-24T09:56:50","date_gmt":"2016-10-24T12:56:50","guid":{"rendered":"http:\/\/www.fhycs.unam.edu.ar\/portada\/?p=10592"},"modified":"2016-10-24T12:21:52","modified_gmt":"2016-10-24T15:21:52","slug":"ciclo-teatro-x-la-identidad-2016-en-la-fhycs","status":"publish","type":"post","link":"https:\/\/www.fhycs.unam.edu.ar\/portada\/ciclo-teatro-x-la-identidad-2016-en-la-fhycs\/","title":{"rendered":"Hoy comienza el Ciclo &#8220;Teatro X la Identidad&#8221; 2016 en la FHyCS"},"content":{"rendered":"<p style=\"text-align: justify;\"><img loading=\"lazy\" class=\"alignleft size-medium wp-image-10594\" src=\"https:\/\/www.fhycs.unam.edu.ar\/portada\/wp-content\/uploads\/2016\/10\/14650580_10209725494926934_507899186997796688_n-1-300x206.jpg\" alt=\"14650580_10209725494926934_507899186997796688_n-1\" width=\"300\" height=\"206\" srcset=\"https:\/\/www.fhycs.unam.edu.ar\/portada\/wp-content\/uploads\/2016\/10\/14650580_10209725494926934_507899186997796688_n-1-300x206.jpg 300w, https:\/\/www.fhycs.unam.edu.ar\/portada\/wp-content\/uploads\/2016\/10\/14650580_10209725494926934_507899186997796688_n-1-768x527.jpg 768w, https:\/\/www.fhycs.unam.edu.ar\/portada\/wp-content\/uploads\/2016\/10\/14650580_10209725494926934_507899186997796688_n-1-600x411.jpg 600w, https:\/\/www.fhycs.unam.edu.ar\/portada\/wp-content\/uploads\/2016\/10\/14650580_10209725494926934_507899186997796688_n-1.jpg 926w\" sizes=\"(max-width: 300px) 100vw, 300px\" \/>Se trata de funciones de <strong>teatro le\u00eddo y semi montado<\/strong>. Las <strong>entradas son libres y gratuitas<\/strong> con funciones de lunes a jueves en la Facultad de Humanidades y Ciencias Sociales.<!--more--><\/p>\n<blockquote>\n<p style=\"text-align: right;\"><strong><span style=\"color: #008080;\">Desde el lunes al jueves desde las 14:00 horas en SUM del edificio Juan Figueredo (col\u00f3n 2368)<\/span><\/strong><\/p>\n<p style=\"text-align: right;\"><strong><span style=\"color: #008080;\">Del 24 al 28 de Octubre<\/span><\/strong><\/p>\n<\/blockquote>\n<p style=\"text-align: justify;\">Adem\u00e1s, el viernes 29 de octubre realizar\u00e1n otra funci\u00f3n en Sala Tempo (3 de Febrero 1916).<br \/>\nParticipan de las presentaciones <strong>TeUNaM Ober\u00e1<\/strong>, <strong>TESEA<\/strong>, <strong>ESMU<\/strong>, Proyecto Teatro Le\u00eddo del Departamento de Letras de la Facultad de Humanidades de la UNaM y grupos de teatro independiente.<\/p>\n<p style=\"text-align: justify;\"><em>&#8220;Actuar para no olvidar, actuar para encontrar la verdad\u201d<\/em>, es la premisa del ciclo Teatro x la Identidad que se realiza en todo el pa\u00eds y que comenzar\u00e1 hoy en Posadas. Depende de Abuelas de Plaza de Mayo y tiene el objetivo de rescatar del olvido historias relacionadas con la desaparici\u00f3n de personas en la \u00faltima dictadura c\u00edvico militar argentina. Es usar al teatro como herramienta para generar conciencia y debate.<\/p>\n<p style=\"text-align: justify;\">Organizado por la asociaci\u00f3n civil Arte Uno, el ciclo se realizar\u00e1 en formato teatro le\u00eddo y semi montado llevando a escena obras de la IV convocatoria de dramaturgia publicada en 2015 y que contiene obras escritas por alumnos del Instituto de Formaci\u00f3n Docente que se dicta en la Escuela Normal Mixta. El libro contiene tambi\u00e9n obras de autores independientes.<\/p>\n<p style=\"text-align: justify;\">Hoy, ma\u00f1ana y el jueves las funciones ser\u00e1n a las 13 y a las 17, el mi\u00e9rcoles a las 8 y a las 19, en el SUM del edificio Juan Figueredo de la Facultad de Humanidades y Ciencias Sociales de la Unam (Col\u00f3n entre Tucum\u00e1n y Salta). Mientras que el viernes habr\u00e1 funciones a las\u00a0 8 y a las 18 en Sala Tempo (3 de Febrero casi C\u00f3rdoba). El mi\u00e9rcoles tambi\u00e9n habr\u00e1 a las 16 una funci\u00f3n especial en el Itec 3 de Garup\u00e1.<\/p>\n<p style=\"text-align: justify;\">Las obras ser\u00e1n interpretadas por Teunam Ober\u00e1, Tesea, alumnos de la Escuela de M\u00fasica, proyecto de Teatro Le\u00eddo del departamento de la carrera de Letras de la Unam y por grupos de teatro independientes. La entrada es libre y gratuita para todo p\u00fablico dirigido particularmente a chicos de la escuela secundaria. Luego de cada presentaci\u00f3n habr\u00e1 debates y reflexiones con los chicos.<\/p>\n","protected":false},"excerpt":{"rendered":"<p>Se trata de funciones de teatro le\u00eddo y semi montado. Las entradas son libres y gratuitas con funciones de lunes a jueves en la Facultad de Humanidades y Ciencias Sociales.<\/p>\n","protected":false},"author":5,"featured_media":10594,"comment_status":"open","ping_status":"closed","sticky":false,"template":"","format":"standard","meta":{"extendify_custom_stylesheet":""},"categories":[69,2,1395],"tags":[5,1692,1691],"_links":{"self":[{"href":"https:\/\/www.fhycs.unam.edu.ar\/portada\/wp-json\/wp\/v2\/posts\/10592"}],"collection":[{"href":"https:\/\/www.fhycs.unam.edu.ar\/portada\/wp-json\/wp\/v2\/posts"}],"about":[{"href":"https:\/\/www.fhycs.unam.edu.ar\/portada\/wp-json\/wp\/v2\/types\/post"}],"author":[{"embeddable":true,"href":"https:\/\/www.fhycs.unam.edu.ar\/portada\/wp-json\/wp\/v2\/users\/5"}],"replies":[{"embeddable":true,"href":"https:\/\/www.fhycs.unam.edu.ar\/portada\/wp-json\/wp\/v2\/comments?post=10592"}],"version-history":[{"count":5,"href":"https:\/\/www.fhycs.unam.edu.ar\/portada\/wp-json\/wp\/v2\/posts\/10592\/revisions"}],"predecessor-version":[{"id":10601,"href":"https:\/\/www.fhycs.unam.edu.ar\/portada\/wp-json\/wp\/v2\/posts\/10592\/revisions\/10601"}],"wp:featuredmedia":[{"embeddable":true,"href":"https:\/\/www.fhycs.unam.edu.ar\/portada\/wp-json\/wp\/v2\/media\/10594"}],"wp:attachment":[{"href":"https:\/\/www.fhycs.unam.edu.ar\/portada\/wp-json\/wp\/v2\/media?parent=10592"}],"wp:term":[{"taxonomy":"category","embeddable":true,"href":"https:\/\/www.fhycs.unam.edu.ar\/portada\/wp-json\/wp\/v2\/categories?post=10592"},{"taxonomy":"post_tag","embeddable":true,"href":"https:\/\/www.fhycs.unam.edu.ar\/portada\/wp-json\/wp\/v2\/tags?post=10592"}],"curies":[{"name":"wp","href":"https:\/\/api.w.org\/{rel}","templated":true}]}}