{"id":10849,"date":"2016-11-03T16:26:59","date_gmt":"2016-11-03T19:26:59","guid":{"rendered":"http:\/\/www.fhycs.unam.edu.ar\/portada\/?p=10849"},"modified":"2016-11-07T06:49:02","modified_gmt":"2016-11-07T09:49:02","slug":"proyectaran-el-largometraje-tunteyh-o-el-rumor-de-las-piedras-en-la-fhycs","status":"publish","type":"post","link":"https:\/\/www.fhycs.unam.edu.ar\/portada\/proyectaran-el-largometraje-tunteyh-o-el-rumor-de-las-piedras-en-la-fhycs\/","title":{"rendered":"Proyectar\u00e1n el largometraje \u201cTunteyh o el rumor de las piedras\u201d en la FHyCS"},"content":{"rendered":"<p style=\"text-align: justify;\"><img loading=\"lazy\" class=\"alignleft size-medium wp-image-10851\" src=\"https:\/\/www.fhycs.unam.edu.ar\/portada\/wp-content\/uploads\/2016\/11\/14925445_554700668049164_7794832569092138402_n-248x300.jpg\" alt=\"Tunteyh o el rumor de las piedras\" width=\"248\" height=\"300\" srcset=\"https:\/\/www.fhycs.unam.edu.ar\/portada\/wp-content\/uploads\/2016\/11\/14925445_554700668049164_7794832569092138402_n-248x300.jpg 248w, https:\/\/www.fhycs.unam.edu.ar\/portada\/wp-content\/uploads\/2016\/11\/14925445_554700668049164_7794832569092138402_n.jpg 600w\" sizes=\"(max-width: 248px) 100vw, 248px\" \/>El Fondo Argentino de Desarrollo Cultural y Creativo del <strong>Ministerio de Cultura de la Naci\u00f3n<\/strong> y <strong>Grupo Documenta<\/strong> presentan las proyecciones en la provincia de Misiones del largometraje documental \u00a0<strong>\u00a0&#8220;Tunteyh o el rumor de las piedras&#8221;<\/strong>, dirigido por<strong> Marina Rubino <\/strong>y realizado en la<strong> comunidad wich\u00ed de Km2 en el chaco salte\u00f1o<\/strong>. En las funciones estar\u00e1 presente su directora, el productor de campo, <strong>Jos\u00e9 Bautista Flores<\/strong> y la productora, <strong>Ana Krichmar<\/strong>.<!--more--><\/p>\n<p style=\"text-align: justify;\">Tambi\u00e9n se proyectar\u00e1 una s\u00edntesis en proceso del largometraje \u201cYvonne Guaz\u00fa\u201d, retrato de la religiosa francesa Yvonne Pierron.<\/p>\n<p><code><iframe loading=\"lazy\" src=\"https:\/\/www.youtube.com\/embed\/zvsNxOjCAYY\" width=\"560\" height=\"315\" frameborder=\"0\" allowfullscreen=\"allowfullscreen\"><\/iframe><\/code><\/p>\n<blockquote>\n<p style=\"text-align: justify;\"><span style=\"color: #008080;\">Ha recibido 3 premios internacionales: 2do Premio en el 24\u00b0 Festival Pres\u00e9nce Autochtone, Terres en Vues \/ Land Insights de Montreal, Canad\u00e1 2014, Premio FANTEPU 2014 al Mejor Documental Abya Yala en el 2do Festival Internacional de Cine y Video Mapuche y del Abya Yala, Temuco Gullumapu, Walmapu-Chile. 2014 y el Premio Premio Moises Huentelaf al trabajo etnogr\u00e1fico en el 6to Festival de Cine de los Pueblos Originarios y Naciones sin Estado, Valparaiso. Chile.<\/span><\/p>\n<\/blockquote>\n<p style=\"text-align: justify;\">Adem\u00e1s, el documental ha sido Declarada de Inter\u00e9s Cultural por el Ministerio de Cultura de la Naci\u00f3n.<img loading=\"lazy\" class=\"alignleft wp-image-10850\" src=\"https:\/\/www.fhycs.unam.edu.ar\/portada\/wp-content\/uploads\/2016\/11\/camion-e1396966554205-300x92.gif\" alt=\"camion-e1396966554205\" width=\"805\" height=\"247\" srcset=\"https:\/\/www.fhycs.unam.edu.ar\/portada\/wp-content\/uploads\/2016\/11\/camion-e1396966554205-300x92.gif 300w, https:\/\/www.fhycs.unam.edu.ar\/portada\/wp-content\/uploads\/2016\/11\/camion-e1396966554205-600x183.gif 600w\" sizes=\"(max-width: 805px) 100vw, 805px\" \/><\/p>\n<p style=\"text-align: justify;\">\n","protected":false},"excerpt":{"rendered":"<p>El Fondo Argentino de Desarrollo Cultural y Creativo del Ministerio de Cultura de la Naci\u00f3n y Grupo Documenta presentan las proyecciones en la provincia de Misiones del largometraje documental \u00a0\u00a0&#8220;Tunteyh o el rumor de las piedras&#8221;, dirigido por Marina Rubino y realizado en la comunidad wich\u00ed de Km2 en el chaco salte\u00f1o. En las funciones [&hellip;]<\/p>\n","protected":false},"author":5,"featured_media":10850,"comment_status":"open","ping_status":"closed","sticky":false,"template":"","format":"standard","meta":{"extendify_custom_stylesheet":""},"categories":[769,2],"tags":[308,446,1741,144],"_links":{"self":[{"href":"https:\/\/www.fhycs.unam.edu.ar\/portada\/wp-json\/wp\/v2\/posts\/10849"}],"collection":[{"href":"https:\/\/www.fhycs.unam.edu.ar\/portada\/wp-json\/wp\/v2\/posts"}],"about":[{"href":"https:\/\/www.fhycs.unam.edu.ar\/portada\/wp-json\/wp\/v2\/types\/post"}],"author":[{"embeddable":true,"href":"https:\/\/www.fhycs.unam.edu.ar\/portada\/wp-json\/wp\/v2\/users\/5"}],"replies":[{"embeddable":true,"href":"https:\/\/www.fhycs.unam.edu.ar\/portada\/wp-json\/wp\/v2\/comments?post=10849"}],"version-history":[{"count":4,"href":"https:\/\/www.fhycs.unam.edu.ar\/portada\/wp-json\/wp\/v2\/posts\/10849\/revisions"}],"predecessor-version":[{"id":10855,"href":"https:\/\/www.fhycs.unam.edu.ar\/portada\/wp-json\/wp\/v2\/posts\/10849\/revisions\/10855"}],"wp:featuredmedia":[{"embeddable":true,"href":"https:\/\/www.fhycs.unam.edu.ar\/portada\/wp-json\/wp\/v2\/media\/10850"}],"wp:attachment":[{"href":"https:\/\/www.fhycs.unam.edu.ar\/portada\/wp-json\/wp\/v2\/media?parent=10849"}],"wp:term":[{"taxonomy":"category","embeddable":true,"href":"https:\/\/www.fhycs.unam.edu.ar\/portada\/wp-json\/wp\/v2\/categories?post=10849"},{"taxonomy":"post_tag","embeddable":true,"href":"https:\/\/www.fhycs.unam.edu.ar\/portada\/wp-json\/wp\/v2\/tags?post=10849"}],"curies":[{"name":"wp","href":"https:\/\/api.w.org\/{rel}","templated":true}]}}