{"id":11012,"date":"2016-11-11T13:01:33","date_gmt":"2016-11-11T16:01:33","guid":{"rendered":"http:\/\/www.fhycs.unam.edu.ar\/portada\/?p=11012"},"modified":"2016-11-11T13:01:33","modified_gmt":"2016-11-11T16:01:33","slug":"curso-taller-contribuciones-bibliotecologicas-para-la-gestion-documental","status":"publish","type":"post","link":"https:\/\/www.fhycs.unam.edu.ar\/portada\/curso-taller-contribuciones-bibliotecologicas-para-la-gestion-documental\/","title":{"rendered":"Curso-Taller: &#8220;Contribuciones bibliotecol\u00f3gicas para la gesti\u00f3n documental&#8221;"},"content":{"rendered":"<p style=\"text-align: justify;\"><img loading=\"lazy\" class=\"alignleft size-medium wp-image-11013\" src=\"https:\/\/www.fhycs.unam.edu.ar\/portada\/wp-content\/uploads\/2016\/11\/FEMIBIP-PROFAE-UNaM-2-232x300.jpg\" alt=\"femibip-profae-unam-2\" width=\"232\" height=\"300\" srcset=\"https:\/\/www.fhycs.unam.edu.ar\/portada\/wp-content\/uploads\/2016\/11\/FEMIBIP-PROFAE-UNaM-2-232x300.jpg 232w, https:\/\/www.fhycs.unam.edu.ar\/portada\/wp-content\/uploads\/2016\/11\/FEMIBIP-PROFAE-UNaM-2-768x994.jpg 768w, https:\/\/www.fhycs.unam.edu.ar\/portada\/wp-content\/uploads\/2016\/11\/FEMIBIP-PROFAE-UNaM-2-791x1024.jpg 791w, https:\/\/www.fhycs.unam.edu.ar\/portada\/wp-content\/uploads\/2016\/11\/FEMIBIP-PROFAE-UNaM-2-600x776.jpg 600w, https:\/\/www.fhycs.unam.edu.ar\/portada\/wp-content\/uploads\/2016\/11\/FEMIBIP-PROFAE-UNaM-2.jpg 1275w\" sizes=\"(max-width: 232px) 100vw, 232px\" \/>El taller denominado <strong>&#8220;Nuevos v\u00ednculos con las Bibliotecas Populares de Misiones. Contribuciones bibliotecol\u00f3gicas para la gesti\u00f3n documental&#8221;<\/strong> se inscribe en los proyectos seleccionados por <strong>PROFAE 2016<\/strong> y es destinado a integrantes de comisiones directivas y miembros de las bibliotecas populares de Misiones, agentes Municipales y agentes sociales actuantes en las bibliotecas populares.<!--more--><\/p>\n<blockquote>\n<p style=\"text-align: right;\"><span style=\"color: #008080;\"><strong>Cronograma de dictado del curso:<\/strong><\/span><\/p>\n<p style=\"text-align: right;\"><span style=\"color: #008080;\"><strong>Zona sur: Biblioteca Popular Sarmiento de Ober\u00e1. Sabados 12 y 26 de Noviembre de 2016.<\/strong><\/span><\/p>\n<p style=\"text-align: right;\"><span style=\"color: #008080;\"><strong>Zona norte: Biblioteca popular-escolar Horacio Quiroga: Escuela Norma N\u00b02 de Montecarlo: S\u00e1bados 19 de noviembre y 3 de diciembre.<\/strong><\/span><\/p>\n<\/blockquote>\n<p>&nbsp;<\/p>\n<h6 style=\"text-align: justify;\"><strong>Justificaci\u00f3n del proyecto:\u00a0<\/strong><\/h6>\n<p style=\"text-align: justify;\">Las Bibliotecas Populares de la Provincia de Misiones, creadas con vocaci\u00f3n solidaria y configurados como organismos aut\u00f3nomos, son, en muchos barrios, pueblos y ciudades de nuestro entorno provincial, un componente esencial en el desarrollo educativo y cultural de la comunidad en la que se inserta. Sostenidas por la voluntad de los vecinos y los ingentes esfuerzos econ\u00f3micos de sus Comisiones Directivas, facilitan el acceso a la informaci\u00f3n y la recreaci\u00f3n as\u00ed como a otras alternativas de democratizaci\u00f3n del saber y el conocimiento ofreciendo su colecci\u00f3n documental y el accionar cultural.<\/p>\n<p style=\"text-align: justify;\">La vocaci\u00f3n y el voluntariado no siempre son suficientes para hacer frente a las acciones administrativas, de gesti\u00f3n y de procesamiento documental del patrimonio cultural que albergan las bibliotecas.Hace m\u00e1s de una d\u00e9cada no se realiza \u2013para el conjunto de Bibliotecas Populares de la provincia de Misiones (y regi\u00f3n) una capacitaci\u00f3n intensiva en lo atinente a los servicios administrativos y procesos t\u00e9cnicos b\u00e1sicos, con contenidos orientados a sus realidades locales reconocidas en los diagn\u00f3sticos elaborados en base a investigaci\u00f3n.<\/p>\n<p style=\"text-align: justify;\">Este proyecto propone una instancia de Capacitaci\u00f3n Presencial mediante la oferta de un curso-taller de dos jornadas completas cada uno a desarrollarse en dos Bibliotecas Populares de la Provincia.<\/p>\n<p style=\"text-align: justify;\">La propuesta de capacitaci\u00f3n \u2013ofrecida con el acompa\u00f1amiento de la FEMIBIP- permite atender a toda la comunidad bibliotecaria de las Bibliotecas Populares de la provincia de Misiones y se halla fundada en un conjunto de argumentos:<\/p>\n<p style=\"text-align: justify;\">&#8211; Las localidades y por ende, sus Bibliotecas Populares no se encuentran a grandes distancias entre s\u00ed, por tanto pueden inscribirse y participar todas las personas interesadas, independientemente de su localidad de origen o localidad seleccionada para ofrecer la capacitaci\u00f3n.<\/p>\n<p style=\"text-align: justify;\">&#8211; La capacitaci\u00f3n presencial estar\u00eda contemplando la dificultad, todav\u00eda alta, de acceso a Internet de muchas localidades del centro y norte de la provincia (y regi\u00f3n); raz\u00f3n tambi\u00e9n fundamental de esta propuesta.<\/p>\n<p style=\"text-align: justify;\"><strong>Objetivo\u00a0general:\u00a0<\/strong><\/p>\n<p style=\"text-align: justify;\">INTRODUCIR a los principios te\u00f3rico-pr\u00e1cticos del circuito administrativo y del procesamiento de la informaci\u00f3n documental de la biblioteca.<\/p>\n<p style=\"text-align: justify;\"><strong>Objetios espec\u00edficos:<\/strong><\/p>\n<ul style=\"text-align: justify;\">\n<li>Identificar las Bibliotecas Populares en funcionamiento en el territorio de la provincia de Misiones as\u00ed como sus caracter\u00edsticas en t\u00e9rminos de colecci\u00f3n, tecnolog\u00eda, formaci\u00f3n de recursos humanos y otros.<\/li>\n<li>Plantear la importancia de la adecuada gesti\u00f3n administrativa de la biblioteca popular.<\/li>\n<li>Plantear instancias administrativas b\u00e1sicas para la gesti\u00f3n y el desarrollo de colecciones en la biblioteca popular.<\/li>\n<li>Instruir en el uso de herramientas administrativas para la gesti\u00f3n y el desarrollo de colecciones.<\/li>\n<li>Instruir en el uso de herramientas b\u00e1sicas para el procesamiento documental de las colecciones.<\/li>\n<\/ul>\n<p style=\"text-align: justify;\"><strong>Contenidos<\/strong><\/p>\n<p style=\"text-align: justify;\">Jornada I: La Biblioteca Popular. Instalaciones, colecciones y servicios desde la perspectiva de la gesti\u00f3n<\/p>\n<p style=\"text-align: justify;\">M\u00f3dulo 1: Desarrollo y gesti\u00f3n material de la biblioteca, consideraci\u00f3n de sus instalaciones, mobiliario equipamiento y mantenimiento<\/p>\n<p style=\"text-align: justify;\">M\u00f3dulo 2: desarrollo y gesti\u00f3n de colecciones y recursos informativos<\/p>\n<p style=\"text-align: justify;\">\n<p style=\"text-align: justify;\">Jornada II: Organizaci\u00f3n de la colecci\u00f3n desde la perspectiva de los procesos t\u00e9cnicos<\/p>\n<p style=\"text-align: justify;\">M\u00f3dulo 3: Descripci\u00f3n f\u00edsica de la colecci\u00f3n<\/p>\n<p style=\"text-align: justify;\">M\u00f3dulo4: An\u00e1lisis y tratamiento documental para la recuperaci\u00f3n<\/p>\n<p style=\"text-align: justify;\">\n<p style=\"text-align: justify;\"><strong>Resultados esperados<\/strong><\/p>\n<ul>\n<li style=\"text-align: justify;\">Relevamiento de datos locales de las bibliotecas populares y convocatoria a capacitaci\u00f3n.<\/li>\n<li style=\"text-align: justify;\">Capacitaci\u00f3n a dirigentes, bibliotecarios y socios de las bibliotecas populares, funcionarios locales por regiones (norte\/sur) de la provincia de Misiones.<\/li>\n<li style=\"text-align: justify;\">Elaboraci\u00f3n de un informe diagn\u00f3stico.<\/li>\n<li style=\"text-align: justify;\">Edici\u00f3n y socializaci\u00f3n del informe a los actores intervinientes y a la comunidad bibliotecaria en general (Dpto. de Bibliotecolog\u00eda; Organismos provinciales y nacionales vinculados (FEMIBIP, CONABIP, otros).<\/li>\n<\/ul>\n<blockquote>\n<h6 style=\"text-align: center;\"><strong>Contactos e inscripci\u00f3n:<\/strong><\/h6>\n<h6 style=\"text-align: center;\"><strong>\u00a0<a href=\"mailto:titahadad@yahoo.com.ar\">titahadad@yahoo.com.ar<\/a><\/strong><\/h6>\n<h6 style=\"text-align: center;\"><strong><a href=\"mailto:mirtajuanamiranda@gmail.com\">mirtajuanamiranda@gmail.com<\/a><\/strong><\/h6>\n<\/blockquote>\n","protected":false},"excerpt":{"rendered":"<p>El taller denominado &#8220;Nuevos v\u00ednculos con las Bibliotecas Populares de Misiones. Contribuciones bibliotecol\u00f3gicas para la gesti\u00f3n documental&#8221; se inscribe en los proyectos seleccionados por PROFAE 2016 y es destinado a integrantes de comisiones directivas y miembros de las bibliotecas populares de Misiones, agentes Municipales y agentes sociales actuantes en las bibliotecas populares.<\/p>\n","protected":false},"author":5,"featured_media":11013,"comment_status":"open","ping_status":"closed","sticky":false,"template":"","format":"standard","meta":{"extendify_custom_stylesheet":""},"categories":[73,926,772,35,1428],"tags":[1787,1786,131,5,1785,132],"_links":{"self":[{"href":"https:\/\/www.fhycs.unam.edu.ar\/portada\/wp-json\/wp\/v2\/posts\/11012"}],"collection":[{"href":"https:\/\/www.fhycs.unam.edu.ar\/portada\/wp-json\/wp\/v2\/posts"}],"about":[{"href":"https:\/\/www.fhycs.unam.edu.ar\/portada\/wp-json\/wp\/v2\/types\/post"}],"author":[{"embeddable":true,"href":"https:\/\/www.fhycs.unam.edu.ar\/portada\/wp-json\/wp\/v2\/users\/5"}],"replies":[{"embeddable":true,"href":"https:\/\/www.fhycs.unam.edu.ar\/portada\/wp-json\/wp\/v2\/comments?post=11012"}],"version-history":[{"count":5,"href":"https:\/\/www.fhycs.unam.edu.ar\/portada\/wp-json\/wp\/v2\/posts\/11012\/revisions"}],"predecessor-version":[{"id":11020,"href":"https:\/\/www.fhycs.unam.edu.ar\/portada\/wp-json\/wp\/v2\/posts\/11012\/revisions\/11020"}],"wp:featuredmedia":[{"embeddable":true,"href":"https:\/\/www.fhycs.unam.edu.ar\/portada\/wp-json\/wp\/v2\/media\/11013"}],"wp:attachment":[{"href":"https:\/\/www.fhycs.unam.edu.ar\/portada\/wp-json\/wp\/v2\/media?parent=11012"}],"wp:term":[{"taxonomy":"category","embeddable":true,"href":"https:\/\/www.fhycs.unam.edu.ar\/portada\/wp-json\/wp\/v2\/categories?post=11012"},{"taxonomy":"post_tag","embeddable":true,"href":"https:\/\/www.fhycs.unam.edu.ar\/portada\/wp-json\/wp\/v2\/tags?post=11012"}],"curies":[{"name":"wp","href":"https:\/\/api.w.org\/{rel}","templated":true}]}}