{"id":11076,"date":"2016-11-14T11:31:43","date_gmt":"2016-11-14T14:31:43","guid":{"rendered":"http:\/\/www.fhycs.unam.edu.ar\/portada\/?p=11076"},"modified":"2016-11-14T11:33:27","modified_gmt":"2016-11-14T14:33:27","slug":"maraton-para-celebrar-el-1-aniversario-de-la-promulgacion-del-boleto-estudiantil-gratuito","status":"publish","type":"post","link":"https:\/\/www.fhycs.unam.edu.ar\/portada\/maraton-para-celebrar-el-1-aniversario-de-la-promulgacion-del-boleto-estudiantil-gratuito\/","title":{"rendered":"Marat\u00f3n para celebrar el 1\u00b0 aniversario de la promulgaci\u00f3n del Boleto Estudiantil Gratuito"},"content":{"rendered":"<h1 class=\"post-title\"><\/h1>\n<p style=\"text-align: justify;\"><img loading=\"lazy\" class=\"alignleft size-medium wp-image-11072\" src=\"https:\/\/www.fhycs.unam.edu.ar\/portada\/wp-content\/uploads\/2016\/11\/14955864_898963473568312_6327547159349521940_n-214x300.jpg\" alt=\"14955864_898963473568312_6327547159349521940_n\" width=\"214\" height=\"300\" srcset=\"https:\/\/www.fhycs.unam.edu.ar\/portada\/wp-content\/uploads\/2016\/11\/14955864_898963473568312_6327547159349521940_n-214x300.jpg 214w, https:\/\/www.fhycs.unam.edu.ar\/portada\/wp-content\/uploads\/2016\/11\/14955864_898963473568312_6327547159349521940_n-600x841.jpg 600w, https:\/\/www.fhycs.unam.edu.ar\/portada\/wp-content\/uploads\/2016\/11\/14955864_898963473568312_6327547159349521940_n.jpg 685w\" sizes=\"(max-width: 214px) 100vw, 214px\" \/>Es una propuesta de la <strong>Secretar\u00eda General de Asuntos Estudiantiles<\/strong>\u00a0(<strong><a href=\"http:\/\/unam.edu.ar\/index.php\/la-unam\/secretarias-generales\/asuntos-estudiantiles\" target=\"_blank\">SGAE<\/a><\/strong>) de la Universidad Nacional de Misiones en articulaci\u00f3n con la <a href=\"http:\/\/agenciauni.posadas.gob.ar\/\" target=\"_blank\"><strong>Agencia Universitaria<\/strong><\/a> de la ciudad de Posadas. Invitan a toda la comunidad educativa a participar de la marat\u00f3n para celebrar el primer a\u00f1o de una conquista muy importante para los estudiantes de la provincia, el Boleto Estudiantil Gratuito.<!--more--><span id=\"more-11068\"><\/span><\/p>\n<blockquote>\n<p style=\"text-align: right;\"><span style=\"color: #008080;\"><strong>Martes 15 de Noviembre en el 4to tramo de la costanera a las 17:00 horas<\/strong><\/span><\/p>\n<\/blockquote>\n<p style=\"text-align: justify;\">Adem\u00e1s, el evento es apoyado por el profesorado en Educaci\u00f3n F\u00edsica del Instituto Antonio Ruiz de Montoya y el Ministerio de Deportes de la Provincia de Misiones.<\/p>\n<h6><strong>Categor\u00edas<\/strong><\/h6>\n<p><strong>Varones y Mujeres<\/strong><\/p>\n<blockquote>\n<h6 style=\"text-align: center;\"><strong>Distancias:<\/strong><\/h6>\n<p style=\"text-align: center;\"><span style=\"color: #008080;\"><strong>1km \u00bd<\/strong>: 10 y 11 a\u00f1os<\/span><\/p>\n<p style=\"text-align: center;\"><span style=\"color: #008080;\"><strong>2 km<\/strong>: 12 a 14 a\u00f1os<\/span><\/p>\n<p style=\"text-align: center;\"><span style=\"color: #008080;\"><strong>3 km<\/strong>: 15 a\u00f1os en delante<\/span><\/p>\n<p style=\"text-align: center;\"><span style=\"color: #008080;\"><strong>5 km<\/strong>: 15 a 17 a\u00f1os<\/span><\/p>\n<p style=\"text-align: center;\"><span style=\"color: #008080;\"><strong>Libre<\/strong>: de 18 a 39 a\u00f1os<\/span><\/p>\n<p style=\"text-align: center;\"><span style=\"color: #008080;\"><strong>Master<\/strong>: de 40 a 49 a\u00f1os<\/span><\/p>\n<p style=\"text-align: center;\"><span style=\"color: #008080;\"><strong>Veteranos<\/strong>: de 50 a 59 a\u00f1os<\/span><\/p>\n<p style=\"text-align: center;\"><span style=\"color: #008080;\"><strong>Veteranos plus<\/strong>: 60 en delante<\/span><\/p>\n<\/blockquote>\n","protected":false},"excerpt":{"rendered":"<p>Es una propuesta de la Secretar\u00eda General de Asuntos Estudiantiles\u00a0(SGAE) de la Universidad Nacional de Misiones en articulaci\u00f3n con la Agencia Universitaria de la ciudad de Posadas. Invitan a toda la comunidad educativa a participar de la marat\u00f3n para celebrar el primer a\u00f1o de una conquista muy importante para los estudiantes de la provincia, el [&hellip;]<\/p>\n","protected":false},"author":5,"featured_media":11072,"comment_status":"open","ping_status":"closed","sticky":false,"template":"","format":"standard","meta":{"extendify_custom_stylesheet":""},"categories":[1001,2,1429],"tags":[5,1798,1797,144],"_links":{"self":[{"href":"https:\/\/www.fhycs.unam.edu.ar\/portada\/wp-json\/wp\/v2\/posts\/11076"}],"collection":[{"href":"https:\/\/www.fhycs.unam.edu.ar\/portada\/wp-json\/wp\/v2\/posts"}],"about":[{"href":"https:\/\/www.fhycs.unam.edu.ar\/portada\/wp-json\/wp\/v2\/types\/post"}],"author":[{"embeddable":true,"href":"https:\/\/www.fhycs.unam.edu.ar\/portada\/wp-json\/wp\/v2\/users\/5"}],"replies":[{"embeddable":true,"href":"https:\/\/www.fhycs.unam.edu.ar\/portada\/wp-json\/wp\/v2\/comments?post=11076"}],"version-history":[{"count":4,"href":"https:\/\/www.fhycs.unam.edu.ar\/portada\/wp-json\/wp\/v2\/posts\/11076\/revisions"}],"predecessor-version":[{"id":11080,"href":"https:\/\/www.fhycs.unam.edu.ar\/portada\/wp-json\/wp\/v2\/posts\/11076\/revisions\/11080"}],"wp:featuredmedia":[{"embeddable":true,"href":"https:\/\/www.fhycs.unam.edu.ar\/portada\/wp-json\/wp\/v2\/media\/11072"}],"wp:attachment":[{"href":"https:\/\/www.fhycs.unam.edu.ar\/portada\/wp-json\/wp\/v2\/media?parent=11076"}],"wp:term":[{"taxonomy":"category","embeddable":true,"href":"https:\/\/www.fhycs.unam.edu.ar\/portada\/wp-json\/wp\/v2\/categories?post=11076"},{"taxonomy":"post_tag","embeddable":true,"href":"https:\/\/www.fhycs.unam.edu.ar\/portada\/wp-json\/wp\/v2\/tags?post=11076"}],"curies":[{"name":"wp","href":"https:\/\/api.w.org\/{rel}","templated":true}]}}