{"id":11116,"date":"2016-11-15T15:26:40","date_gmt":"2016-11-15T18:26:40","guid":{"rendered":"http:\/\/www.fhycs.unam.edu.ar\/portada\/?p=11116"},"modified":"2016-11-29T13:25:03","modified_gmt":"2016-11-29T16:25:03","slug":"estudia-en-la-facultad-de-humanidades-y-ciencias-sociales-inscripciones-abiertas","status":"publish","type":"post","link":"https:\/\/www.fhycs.unam.edu.ar\/portada\/estudia-en-la-facultad-de-humanidades-y-ciencias-sociales-inscripciones-abiertas\/","title":{"rendered":"Comenzaron las inscripciones para el 2017"},"content":{"rendered":"<p style=\"text-align: center;\"><strong>La Facultad de Humanidades y Ciencias Sociales de la Universidad Nacional de Misiones abri\u00f3 su inscripci\u00f3n para el a\u00f1o lectivo 2017.<\/strong><\/p>\n<p style=\"text-align: justify;\">La <a href=\"http:\/\/inscripcion2017.fhycs.unam.edu.ar\" target=\"_blank\"><strong>inscripci\u00f3n online<\/strong><\/a> a las carreras presenciales de grado y pre-grado que conforman su propuesta educativa podr\u00e1 realizarse <strong>hasta el 22 de diciembre de 2016<\/strong> y <strong>desde el 6 al 24 de febrero de 2017.<\/strong><\/p>\n<p style=\"text-align: justify;\"><strong><a href=\"http:\/\/www.fhycs.unam.edu.ar\/carreras\/\" target=\"_blank\"><img class=\"alignnone size-full wp-image-862\" src=\"http:\/\/www.fhycs.unam.edu.ar\/carreras\/wp-content\/uploads\/2016\/10\/carreras.gif\" alt=\"carreras\" width=\"100%\" \/><\/a><\/strong><a href=\"http:\/\/www.fhycs.unam.edu.ar\/carreras\/\" target=\"_blank\"><br \/>\n<\/a><\/p>\n<p style=\"text-align: justify;\">El tr\u00e1mite de inscripci\u00f3n \u2013<strong>a\u00f1o 2017<\/strong>\u2013 tiene <strong>dos etapas de cumplimiento obligatorio<\/strong>:<strong>\u00a0<\/strong><\/p>\n<h6><strong>Primera etapa:<\/strong><\/h6>\n<p><strong>Inscripci\u00f3n <em>on line<\/em><\/strong> al link: <a href=\"http:\/\/inscripcion2017.fhycs.unam.edu.ar\/\" target=\"_blank\">http:\/\/inscripcion2017.fhycs.unam.edu.ar<\/a><\/p>\n<ul>\n<li>Desde el 14 de noviembre de 2016 al 22 de diciembre de 2016, o<\/li>\n<li>Desde el 06 de febrero de 2017 al 24 de febrero de 2017<\/li>\n<\/ul>\n<p>-Para poder completar los datos requeridos, el postulante debe tener habilitada una <strong>direcci\u00f3n de correo electr\u00f3nico<\/strong>.<\/p>\n<p>-Una vez completados los datos que se solicitan, es necesario <strong>imprimir el formulario<\/strong>.<\/p>\n<p>-Para acceder a la segunda etapa es <strong>requisito imprescindible<\/strong> haber realizado previamente la inscripci\u00f3n <em>on line<\/em>.<\/p>\n<h6><a href=\"http:\/\/www.fhycs.unam.edu.ar\/docs\/inscripcion_online_2017.pdf\" target=\"_blank\"><strong>Gu\u00eda para la inscripci\u00f3n online\u00a0<\/strong><\/a><\/h6>\n<h6><strong>Segunda etapa:<\/strong><\/h6>\n<p>En esta etapa deber\u00e1 presentar:<\/p>\n<ul>\n<li>Formulario impreso de inscripci\u00f3n <em>on line<\/em>.<\/li>\n<li>Constancia de finalizaci\u00f3n del Polimodal y\/o Secundaria sin adeudar materias, o<\/li>\n<li>T\u00edtulo Secundario (Original y Copia autenticada por: Colegio, Juzgado de Paz, Escribano o Autoridad Policial).<\/li>\n<li>Fotocopia de la Partida de Nacimiento.<\/li>\n<li>N.I. 1\u00ba y 2\u00ba hoja, o anverso y reverso del nuevo D.N.I.<\/li>\n<li>Dos (2) fotos 3\u00d73.<\/li>\n<li>N\u00ba de Cuil.<\/li>\n<\/ul>\n<p style=\"text-align: justify;\">La presentaci\u00f3n de la documentaci\u00f3n deber\u00e1 realizarse en el <strong>horario elegido<\/strong> al momento de registrar la inscripci\u00f3n <em>on line<\/em>.<\/p>\n<p style=\"text-align: justify;\">Esta <strong>Segunda Etapa<\/strong> se desarrollar\u00e1 desde el 13 de febrero de 2017 al 28 de febrero de 2017 en el horario de 9:00hs a 12:30 hs y de 16:30 a 20 hs en la sede de calle <a href=\"http:\/\/www.fhycs.unam.edu.ar\/carreras\/sede-central\/\" target=\"_blank\">Tucum\u00e1n 1946<\/a>. Planta baja. En la Direcci\u00f3n General de Ense\u00f1anza y Acci\u00f3n Estudiantil (Alumnado).<\/p>\n<p style=\"text-align: justify;\">\n","protected":false},"excerpt":{"rendered":"<p>La Facultad de Humanidades y Ciencias Sociales de la Universidad Nacional de Misiones abri\u00f3 su inscripci\u00f3n para el a\u00f1o lectivo 2017. La inscripci\u00f3n online a las carreras presenciales de grado y pre-grado que conforman su propuesta educativa podr\u00e1 realizarse hasta el 22 de diciembre de 2016 y desde el 6 al 24 de febrero de [&hellip;]<\/p>\n","protected":false},"author":5,"featured_media":11174,"comment_status":"open","ping_status":"closed","sticky":false,"template":"","format":"standard","meta":{"extendify_custom_stylesheet":""},"categories":[1001,1780,1],"tags":[1808,1811,113,1807,668],"_links":{"self":[{"href":"https:\/\/www.fhycs.unam.edu.ar\/portada\/wp-json\/wp\/v2\/posts\/11116"}],"collection":[{"href":"https:\/\/www.fhycs.unam.edu.ar\/portada\/wp-json\/wp\/v2\/posts"}],"about":[{"href":"https:\/\/www.fhycs.unam.edu.ar\/portada\/wp-json\/wp\/v2\/types\/post"}],"author":[{"embeddable":true,"href":"https:\/\/www.fhycs.unam.edu.ar\/portada\/wp-json\/wp\/v2\/users\/5"}],"replies":[{"embeddable":true,"href":"https:\/\/www.fhycs.unam.edu.ar\/portada\/wp-json\/wp\/v2\/comments?post=11116"}],"version-history":[{"count":12,"href":"https:\/\/www.fhycs.unam.edu.ar\/portada\/wp-json\/wp\/v2\/posts\/11116\/revisions"}],"predecessor-version":[{"id":11465,"href":"https:\/\/www.fhycs.unam.edu.ar\/portada\/wp-json\/wp\/v2\/posts\/11116\/revisions\/11465"}],"wp:featuredmedia":[{"embeddable":true,"href":"https:\/\/www.fhycs.unam.edu.ar\/portada\/wp-json\/wp\/v2\/media\/11174"}],"wp:attachment":[{"href":"https:\/\/www.fhycs.unam.edu.ar\/portada\/wp-json\/wp\/v2\/media?parent=11116"}],"wp:term":[{"taxonomy":"category","embeddable":true,"href":"https:\/\/www.fhycs.unam.edu.ar\/portada\/wp-json\/wp\/v2\/categories?post=11116"},{"taxonomy":"post_tag","embeddable":true,"href":"https:\/\/www.fhycs.unam.edu.ar\/portada\/wp-json\/wp\/v2\/tags?post=11116"}],"curies":[{"name":"wp","href":"https:\/\/api.w.org\/{rel}","templated":true}]}}