{"id":11209,"date":"2016-11-16T18:17:30","date_gmt":"2016-11-16T21:17:30","guid":{"rendered":"http:\/\/www.fhycs.unam.edu.ar\/portada\/?p=11209"},"modified":"2016-11-17T09:21:52","modified_gmt":"2016-11-17T12:21:52","slug":"convocatoria-asamblea-universitaria-y-popular-en-la-fhycs-unam","status":"publish","type":"post","link":"https:\/\/www.fhycs.unam.edu.ar\/portada\/convocatoria-asamblea-universitaria-y-popular-en-la-fhycs-unam\/","title":{"rendered":"Estudiantes convocan a una Asamblea Universitaria Popular"},"content":{"rendered":"<p style=\"text-align: justify;\"><strong><img loading=\"lazy\" class=\"alignleft size-medium wp-image-11213\" src=\"https:\/\/www.fhycs.unam.edu.ar\/portada\/wp-content\/uploads\/2016\/11\/DSC_9213-300x200.jpg\" alt=\"asamblea-1\" width=\"300\" height=\"200\" srcset=\"https:\/\/www.fhycs.unam.edu.ar\/portada\/wp-content\/uploads\/2016\/11\/DSC_9213-300x200.jpg 300w, https:\/\/www.fhycs.unam.edu.ar\/portada\/wp-content\/uploads\/2016\/11\/DSC_9213.jpg 320w\" sizes=\"(max-width: 300px) 100vw, 300px\" \/><\/strong>Ante los <em>&#8220;ajustes indiscriminados que Estado Nacional realiza en la educaci\u00f3n&#8221;<\/em>, los estudiantes de la Facultad de Humanidades convocaron a una &#8220;Asamblea universitaria y popular&#8221;.<\/p>\n<p><!--more--><\/p>\n<blockquote>\n<p style=\"text-align: right;\"><span style=\"color: #008080;\"><strong>El mi\u00e9rcoles 23 de noviembre a las 18:00 hs. en el hall de la FHyCS, Tucum\u00e1n 1946.<\/strong><\/span><\/p>\n<\/blockquote>\n<h6 style=\"text-align: justify;\"><strong>Temario de la convocatoria:\u00a0<\/strong><\/h6>\n<ul>\n<li style=\"text-align: justify;\"><em><strong>En primer lugar,<\/strong> el recorte presupuestario de poco menos del 32% para el 2017, que afectar\u00e1 el desarrollo no s\u00f3lo de la educaci\u00f3n superior sino tambi\u00e9n de la ciencia y la tecnolog\u00eda. El recorte significa la necesidad de ajustar el funcionamiento universitario, lo que a la larga puede significar cupos, aranceles, cierre de extensiones \u00e1ulicas, ex\u00e1menes de ingreso, expulsi\u00f3n forzosa del sistema educativo de los que menos tienen, p\u00e9rdida de calidad de la comida de los comedores universitarios, deterioro de los albergues, de los edificios y todo lo que implica tener menos dinero para gastos de funcionamiento, salarios y bienestar estudiantil. <\/em><\/li>\n<li style=\"text-align: justify;\"><em>El consejo directivo de la FHyCS se ha posicionado contra este ajuste y en el marco de una campa\u00f1a nacional hemos ganado el aumento, que no es significativo pero que da el brazo a torcer de este gobierno nacional entreguista y neoliberal.<\/em><\/li>\n<li style=\"text-align: justify;\"><em><strong>En segundo lugar,<\/strong> la quita de refuerzos presupuestarios a 34 universidades nacionales de las 55 del total, lo que significa la quita de la planilla B, con la cual se solventaban gastos de infraestructura u otros que no estuvieran contemplados en el presupuesto, como arreglos de m\u00f3viles, extensiones \u00e1ulicas, etc.<\/em><\/li>\n<li style=\"text-align: justify;\"><em><strong>En tercer lugar,<\/strong> la denuncia del fiscal Marijuan a 52 universidades nacionales por malversaci\u00f3n de fondos. Fondos que en muchos casos han sido utilizados para la mejora de la infraestructura: comedores, aulas, oficinas, etc. Y para bienestar estudiantil: aumento de becas en cupos y montos, programas de albergues, extensi\u00f3n del horario del comedor y la biblioteca. Mejora de los salarios docentes y no docentes, becas de investigaci\u00f3n, becas de posgrado. Viajes, participaci\u00f3n y realizaci\u00f3n d<\/em>e <em>encuentros, foros, congresos y jornadas que fortalecen la transferencia de conocimientos entre sectores.<\/em><\/li>\n<li style=\"text-align: justify;\"><em><strong>En cuarto lugar,<\/strong> la amenaza de Don Casimiro Zbikoski, hist\u00f3rico especulador del transporte p\u00fablico de pasajeros que durante la semana pasada hizo paro, impidiendo la utilizaci\u00f3n del servicio a miles de posade\u00f1os. El monopolio del transporte quiere llevar el costo del pasaje urbano a $23. <\/em><\/li>\n<li style=\"text-align: justify;\"><em>Un monto m\u00e1ximo que seguramente bajar\u00e1 a $18 o $19 por la presi\u00f3n social. Estos aumentos ponen en riesgo el normal desenvolvimiento de las familias, que en un contexto de crisis econ\u00f3mica se ver\u00e1n obligadas a ajustar sus econom\u00edas por otro lado. Asimismo, pone en riesgo el Boleto Estudiantil Gratuito, dado que el presupuesto asignado a la provincia no supera los 42mil millones de pesos.<img loading=\"lazy\" class=\"alignleft size-full wp-image-11214\" src=\"https:\/\/www.fhycs.unam.edu.ar\/portada\/wp-content\/uploads\/2016\/11\/0a8bfff05d3e75706de508cd531e2847_L.jpg\" alt=\"en defensa de la educaci\u00f3n p\u00fablica\" width=\"512\" height=\"384\" srcset=\"https:\/\/www.fhycs.unam.edu.ar\/portada\/wp-content\/uploads\/2016\/11\/0a8bfff05d3e75706de508cd531e2847_L.jpg 512w, https:\/\/www.fhycs.unam.edu.ar\/portada\/wp-content\/uploads\/2016\/11\/0a8bfff05d3e75706de508cd531e2847_L-300x225.jpg 300w\" sizes=\"(max-width: 512px) 100vw, 512px\" \/><\/em><\/li>\n<\/ul>\n<p>&nbsp;<\/p>\n","protected":false},"excerpt":{"rendered":"<p>Ante los &#8220;ajustes indiscriminados que Estado Nacional realiza en la educaci\u00f3n&#8221;, los estudiantes de la Facultad de Humanidades convocaron a una &#8220;Asamblea universitaria y popular&#8221;.<\/p>\n","protected":false},"author":10,"featured_media":11211,"comment_status":"open","ping_status":"closed","sticky":false,"template":"","format":"standard","meta":{"extendify_custom_stylesheet":""},"categories":[2],"tags":[1541,1826,216,5,1827,239],"_links":{"self":[{"href":"https:\/\/www.fhycs.unam.edu.ar\/portada\/wp-json\/wp\/v2\/posts\/11209"}],"collection":[{"href":"https:\/\/www.fhycs.unam.edu.ar\/portada\/wp-json\/wp\/v2\/posts"}],"about":[{"href":"https:\/\/www.fhycs.unam.edu.ar\/portada\/wp-json\/wp\/v2\/types\/post"}],"author":[{"embeddable":true,"href":"https:\/\/www.fhycs.unam.edu.ar\/portada\/wp-json\/wp\/v2\/users\/10"}],"replies":[{"embeddable":true,"href":"https:\/\/www.fhycs.unam.edu.ar\/portada\/wp-json\/wp\/v2\/comments?post=11209"}],"version-history":[{"count":8,"href":"https:\/\/www.fhycs.unam.edu.ar\/portada\/wp-json\/wp\/v2\/posts\/11209\/revisions"}],"predecessor-version":[{"id":11222,"href":"https:\/\/www.fhycs.unam.edu.ar\/portada\/wp-json\/wp\/v2\/posts\/11209\/revisions\/11222"}],"wp:featuredmedia":[{"embeddable":true,"href":"https:\/\/www.fhycs.unam.edu.ar\/portada\/wp-json\/wp\/v2\/media\/11211"}],"wp:attachment":[{"href":"https:\/\/www.fhycs.unam.edu.ar\/portada\/wp-json\/wp\/v2\/media?parent=11209"}],"wp:term":[{"taxonomy":"category","embeddable":true,"href":"https:\/\/www.fhycs.unam.edu.ar\/portada\/wp-json\/wp\/v2\/categories?post=11209"},{"taxonomy":"post_tag","embeddable":true,"href":"https:\/\/www.fhycs.unam.edu.ar\/portada\/wp-json\/wp\/v2\/tags?post=11209"}],"curies":[{"name":"wp","href":"https:\/\/api.w.org\/{rel}","templated":true}]}}