{"id":11275,"date":"2016-11-23T09:16:38","date_gmt":"2016-11-23T12:16:38","guid":{"rendered":"http:\/\/www.fhycs.unam.edu.ar\/portada\/?p=11275"},"modified":"2016-11-23T09:23:24","modified_gmt":"2016-11-23T12:23:24","slug":"del-2013-a-2016-no-hubo-cambios-de-ningun-tipo-para-los-habitantes-de-asentamientos-de-posadas","status":"publish","type":"post","link":"https:\/\/www.fhycs.unam.edu.ar\/portada\/del-2013-a-2016-no-hubo-cambios-de-ningun-tipo-para-los-habitantes-de-asentamientos-de-posadas\/","title":{"rendered":"\u201cDel 2013 a 2016 no hubo cambios de ning\u00fan tipo para los habitantes de asentamientos de Posadas\u201d"},"content":{"rendered":"<p style=\"text-align: justify;\"><img loading=\"lazy\" class=\"alignleft wp-image-11281\" src=\"https:\/\/www.fhycs.unam.edu.ar\/portada\/wp-content\/uploads\/2016\/11\/techo2.jpg\" alt=\"techo2\" width=\"293\" height=\"173\" srcset=\"https:\/\/www.fhycs.unam.edu.ar\/portada\/wp-content\/uploads\/2016\/11\/techo2.jpg 1289w, https:\/\/www.fhycs.unam.edu.ar\/portada\/wp-content\/uploads\/2016\/11\/techo2-300x177.jpg 300w, https:\/\/www.fhycs.unam.edu.ar\/portada\/wp-content\/uploads\/2016\/11\/techo2-768x453.jpg 768w, https:\/\/www.fhycs.unam.edu.ar\/portada\/wp-content\/uploads\/2016\/11\/techo2-1024x605.jpg 1024w, https:\/\/www.fhycs.unam.edu.ar\/portada\/wp-content\/uploads\/2016\/11\/techo2-600x354.jpg 600w\" sizes=\"(max-width: 293px) 100vw, 293px\" \/>As\u00ed lo expresaron los integrantes de la organizaci\u00f3n social <a href=\"https:\/\/www.techo.org\/\" target=\"_blank\"><strong>Techo<\/strong><\/a> durante la presentaci\u00f3n del <a href=\"http:\/\/mapaasentamientos.org.ar\/\" target=\"_blank\"><strong>relevamiento 2016 para asentamientos informales<\/strong><\/a>. Fue en el aula magna de la Facultad de Humanidades y Ciencias Sociales de la Universidad Nacional de Misiones, en la jornada de la tarde noche del jueves 17 de noviembre pr\u00f3ximo pasado.<!--more--><\/p>\n<p style=\"text-align: justify;\">La presentaci\u00f3n estuvo a cargo de <strong>David Villaroel<\/strong> (Director Techo en Misiones), <strong>Ana Victoria Weirich<\/strong> (Coordinadora Provincial del Relevamiento) y <strong>Soledad Balan<\/strong> (Directora Regional de TECHO en Argentina).<\/p>\n<p><code><iframe loading=\"lazy\" src=\"https:\/\/www.youtube.com\/embed\/7W8mT0Qvnus\" width=\"560\" height=\"315\" frameborder=\"0\" allowfullscreen=\"allowfullscreen\"><\/iframe><\/code><\/p>\n<p style=\"text-align: justify;\">Durante el encuentro, la Secretaria de Investigaci\u00f3n y Posgrado, Mag\u00edster Ana Mar\u00eda Gorosito sostuvo <em>\u201cque la cuesti\u00f3n urbana es un tema que la facultad debe abordar de m\u00faltiples maneras\u201d.<\/em><\/p>\n<p><code><iframe loading=\"lazy\" src=\"https:\/\/www.youtube.com\/embed\/l3meeTnhCro\" width=\"560\" height=\"315\" frameborder=\"0\" allowfullscreen=\"allowfullscreen\"><\/iframe><\/code><\/p>\n<h6 style=\"text-align: justify;\"><strong>El relevamiento<\/strong><\/h6>\n<p style=\"text-align: justify;\">En Misiones se relevaron las cinco ciudades m\u00e1s importantes de la provincia: departamento Capital (alcanza a Posadas, Garup\u00e1 y Fachinal), Ober\u00e1, Eldorado y San Vicente. <em>\u201cRelevamos el territorio donde vive el 47 por ciento de la poblaci\u00f3n de Misiones\u201d<\/em>, relataron. Mientras que en el pa\u00eds alcanzaron a relevar la superficie del territorio donde habita el 67 por ciento de la poblaci\u00f3n total.<\/p>\n<p style=\"text-align: justify;\"><em>\u201cNinguno de los asentamientos relevados en 2013, accedi\u00f3 a ning\u00fan servicios ni a la regularizaci\u00f3n de la tierra y eso resulta alarmante porque da cuenta de que no hubo pol\u00edticas que los atendieran\u201d,<\/em> fue una de las primeras reflexiones a la que llegaron los referentes de Techo, tras conocer los resultados de la medici\u00f3n.<\/p>\n<blockquote>\n<p style=\"text-align: right;\"><em><span style=\"color: #008080;\"><img loading=\"lazy\" class=\"wp-image-11279 alignleft\" src=\"https:\/\/www.fhycs.unam.edu.ar\/portada\/wp-content\/uploads\/2016\/11\/asentamientos.png\" alt=\"asentamientos\" width=\"414\" height=\"348\" srcset=\"https:\/\/www.fhycs.unam.edu.ar\/portada\/wp-content\/uploads\/2016\/11\/asentamientos.png 1164w, https:\/\/www.fhycs.unam.edu.ar\/portada\/wp-content\/uploads\/2016\/11\/asentamientos-300x252.png 300w, https:\/\/www.fhycs.unam.edu.ar\/portada\/wp-content\/uploads\/2016\/11\/asentamientos-768x645.png 768w, https:\/\/www.fhycs.unam.edu.ar\/portada\/wp-content\/uploads\/2016\/11\/asentamientos-1024x860.png 1024w, https:\/\/www.fhycs.unam.edu.ar\/portada\/wp-content\/uploads\/2016\/11\/asentamientos-600x504.png 600w\" sizes=\"(max-width: 414px) 100vw, 414px\" \/>Hubo un incremento de asentamientos en Posadas. De 92 asentamientos en 2013 pasamos a 94 en 2016.\u00a0 En Misiones, el 98 por ciento de los habitantes de asentamientos informales no tienen agua potable.<\/span><\/em><\/p>\n<p style=\"text-align: right;\"><em><span style=\"color: #008080;\">Informe TECHO<\/span><\/em><\/p>\n<\/blockquote>\n<p style=\"text-align: justify;\">El relevamiento adem\u00e1s arroj\u00f3 como resultado que <em>\u201c21.700 familias viven en estos 161 asentamientos relevados. Es decir, alrededor de 100 mil personas viven en estas condiciones en los cinco municipios relevados de Misiones\u201d.<\/em><\/p>\n<p style=\"text-align: justify;\">En Eldorado, se relevaron 14 asentamientos informales y se recorrieron 40 barrios en condiciones precarias. En el departamento capital. 16.100 familias viven en asentamientos.<\/p>\n<p style=\"text-align: justify;\"><em>\u201cEsto nos permite concluir que en Misiones, casi dos de cada diez misioneros de los cuatro territorios relevados viven en asentamientos informales\u201d.<\/em><\/p>\n<p style=\"text-align: justify;\">La medici\u00f3n y registro se realiz\u00f3 con el objetivo de actualizar y caracterizar la situaci\u00f3n de los asentamientos informales del pa\u00eds del pa\u00eds, para saber d\u00f3nde est\u00e1n, cu\u00e1ntos son y c\u00f3mo viven las familias que los habitan y que cambios ocurrieron desde el \u00faltimo relevamiento del 2013. Adem\u00e1s, dar indicios, de las din\u00e1micas territoriales 2013-2016 e identificar, georeferenciar y caracterizar los asentamientos informales.<\/p>\n<p style=\"text-align: justify;\">Otro de los resultados que arroj\u00f3 el relevamiento sobre Misiones se\u00f1ala que <em>\u201cla problem\u00e1tica de los asentamientos es estructural: tienen un promedio de 27 a\u00f1os de creaci\u00f3n. Es decir, hay dos generaciones viviendo ah\u00ed\u201d.<\/em><\/p>\n<p style=\"text-align: justify;\">Por otra parte, se refirieron al modo de conformaci\u00f3n del barrio. <em>\u201cEl 83 por ciento de los asentamientos se conformaron por toma de tierra espont\u00e1nea. Es decir, primero vino una familia, luego otra. Habla de una ocupaci\u00f3n hormiga\u201d<\/em>, se\u00f1alaron. Agregaron <em>&#8220;no hubo planificaci\u00f3n adecuada, no hubo acceso justo al suelo a lo largo de los a\u00f1os\u201d.<\/em><\/p>\n<p style=\"text-align: justify;\"><em>\u201cOtra oportunidad que encontramos es que 7 de cada 10 (68 por ciento) asentamientos informales son de tama\u00f1o peque\u00f1o, de menos de cien familias y eso hace m\u00e1s favorable de intervenir, porque nosotros defendemos que las urbanizaciones e intervenciones en las comunidades deben ser pensadas y planificadas desde el barrio\u201d<\/em>, sostuvieron.<\/p>\n<h6 style=\"text-align: justify;\"><strong>Servicios en asentamientos<\/strong><\/h6>\n<p style=\"text-align: justify;\">En relaci\u00f3n a la energ\u00eda el\u00e9ctrica relataron que <em>\u201cen el 77, 6 por ciento de los asentamientos la mayor\u00eda de las familias no cuentan con conexi\u00f3n formal de energ\u00eda el\u00e9ctrica. Estos no son solo n\u00fameros, sino que cada conexi\u00f3n irregular de luz aumenta el riesgo de incendio, se lamentan p\u00e9rdidas humanas, materiales, etc. Hay riesgo en la vida humana por falta de conexi\u00f3n formal de energ\u00eda el\u00e9ctrica\u201d.<\/em><\/p>\n<p style=\"text-align: justify;\">En el caso del agua, <em>\u201cotro n\u00famero alarmante\u201d<\/em>, se\u00f1alaron que el trabajo <em>&#8220;da cuenta que el 97, 5 por ciento no tiene conexi\u00f3n formal (conexiones domiciliarias con medidor y factura).\u00a0 Esto trae aparejado agua contaminada, baja presi\u00f3n del agua, el derroche del recurso, mangueras pinchadas\u201d<\/em>.<\/p>\n<p style=\"text-align: justify;\">En relaci\u00f3n a la eliminaci\u00f3n de excretas \u2013 una problem\u00e1tica general de la provincia-, el n\u00famero se eleva a 99 por ciento de la poblaci\u00f3n que no cuentan con su conexi\u00f3n formal. <em>\u201dCuando cruzamos los datos entre los barrios donde las familias tienen eliminaci\u00f3n de excretas sin c\u00e1mara s\u00e9ptica con pozo negro, y los barrios que consumen agua de pozo, descubrimos que en el 9, 3 por ciento\u00a0 de los asentamientos, las familias est\u00e1n consumiendo agua contaminada por las napas contaminadas por la eliminaci\u00f3n de excretas\u201d.<\/em><\/p>\n<p style=\"text-align: justify;\">La energ\u00eda para cocinar sigue siendo la le\u00f1a o carb\u00f3n en casi el 20 por ciento de los asentamientos de Misiones. <em>\u201c2 de cada 10 asentamientos cocina sus alimentos con le\u00f1a o carb\u00f3n\u201d<\/em>, concluyeron.<\/p>\n<p><code><iframe loading=\"lazy\" src=\"https:\/\/www.youtube.com\/embed\/M2HYtFAUzYI\" width=\"560\" height=\"315\" frameborder=\"0\" allowfullscreen=\"allowfullscreen\"><\/iframe><\/code><\/p>\n<p style=\"text-align: justify;\">https:\/\/www.techo.org\/<\/p>\n<p style=\"text-align: justify;\">Se puede acceder al relevamiento completo en: <a href=\"http:\/\/mapaasentamientos.org.ar\/\" target=\"_blank\">http:\/\/mapaasentamientos.org.ar\/<\/a><\/p>\n<p><em><strong>Texto gentileza de Marina Casales<\/strong><\/em><\/p>\n","protected":false},"excerpt":{"rendered":"<p>As\u00ed lo expresaron los integrantes de la organizaci\u00f3n social Techo durante la presentaci\u00f3n del relevamiento 2016 para asentamientos informales. Fue en el aula magna de la Facultad de Humanidades y Ciencias Sociales de la Universidad Nacional de Misiones, en la jornada de la tarde noche del jueves 17 de noviembre pr\u00f3ximo pasado.<\/p>\n","protected":false},"author":2,"featured_media":11281,"comment_status":"open","ping_status":"closed","sticky":false,"template":"","format":"standard","meta":{"extendify_custom_stylesheet":""},"categories":[36],"tags":[1802,1841,1804,5,811,1169,1840,1803,1839],"_links":{"self":[{"href":"https:\/\/www.fhycs.unam.edu.ar\/portada\/wp-json\/wp\/v2\/posts\/11275"}],"collection":[{"href":"https:\/\/www.fhycs.unam.edu.ar\/portada\/wp-json\/wp\/v2\/posts"}],"about":[{"href":"https:\/\/www.fhycs.unam.edu.ar\/portada\/wp-json\/wp\/v2\/types\/post"}],"author":[{"embeddable":true,"href":"https:\/\/www.fhycs.unam.edu.ar\/portada\/wp-json\/wp\/v2\/users\/2"}],"replies":[{"embeddable":true,"href":"https:\/\/www.fhycs.unam.edu.ar\/portada\/wp-json\/wp\/v2\/comments?post=11275"}],"version-history":[{"count":8,"href":"https:\/\/www.fhycs.unam.edu.ar\/portada\/wp-json\/wp\/v2\/posts\/11275\/revisions"}],"predecessor-version":[{"id":11361,"href":"https:\/\/www.fhycs.unam.edu.ar\/portada\/wp-json\/wp\/v2\/posts\/11275\/revisions\/11361"}],"wp:featuredmedia":[{"embeddable":true,"href":"https:\/\/www.fhycs.unam.edu.ar\/portada\/wp-json\/wp\/v2\/media\/11281"}],"wp:attachment":[{"href":"https:\/\/www.fhycs.unam.edu.ar\/portada\/wp-json\/wp\/v2\/media?parent=11275"}],"wp:term":[{"taxonomy":"category","embeddable":true,"href":"https:\/\/www.fhycs.unam.edu.ar\/portada\/wp-json\/wp\/v2\/categories?post=11275"},{"taxonomy":"post_tag","embeddable":true,"href":"https:\/\/www.fhycs.unam.edu.ar\/portada\/wp-json\/wp\/v2\/tags?post=11275"}],"curies":[{"name":"wp","href":"https:\/\/api.w.org\/{rel}","templated":true}]}}