{"id":11289,"date":"2016-11-21T12:38:20","date_gmt":"2016-11-21T15:38:20","guid":{"rendered":"http:\/\/www.fhycs.unam.edu.ar\/portada\/?p=11289"},"modified":"2016-11-23T08:41:17","modified_gmt":"2016-11-23T11:41:17","slug":"los-jovenes-y-adultos-en-la-universidad","status":"publish","type":"post","link":"https:\/\/www.fhycs.unam.edu.ar\/portada\/los-jovenes-y-adultos-en-la-universidad\/","title":{"rendered":"Encuentro: \u201cLos j\u00f3venes y adultos en la universidad\u201d"},"content":{"rendered":"<p style=\"text-align: justify;\"><img loading=\"lazy\" class=\"alignleft size-medium wp-image-11295\" src=\"https:\/\/www.fhycs.unam.edu.ar\/portada\/wp-content\/uploads\/2016\/11\/15094931_548867681976949_4938246829361449257_n-300x200.jpg\" alt=\"Graduados EPJA ENCUENTRO\" width=\"300\" height=\"200\" srcset=\"https:\/\/www.fhycs.unam.edu.ar\/portada\/wp-content\/uploads\/2016\/11\/15094931_548867681976949_4938246829361449257_n-300x200.jpg 300w, https:\/\/www.fhycs.unam.edu.ar\/portada\/wp-content\/uploads\/2016\/11\/15094931_548867681976949_4938246829361449257_n-600x400.jpg 600w, https:\/\/www.fhycs.unam.edu.ar\/portada\/wp-content\/uploads\/2016\/11\/15094931_548867681976949_4938246829361449257_n.jpg 720w\" sizes=\"(max-width: 300px) 100vw, 300px\" \/>Se trata del <strong>segundo Encuentro de Estudiantes y Docentes de la Educaci\u00f3n Permanente de J\u00f3venes y Adultos (E.P.J.A)<\/strong>.<!--more--><\/p>\n<blockquote>\n<p style=\"text-align: right;\"><span style=\"color: #008080;\"><strong>Mi\u00e9rcoles 23 de Noviembre, 19:00 hs. Aula Magna FHyCS (Planta Baja, Tucum\u00e1n 1946)<\/strong><\/span><\/p>\n<\/blockquote>\n<p style=\"text-align: justify;\">La Jornada tiene como objetivo que los estudiantes de la modalidad, conozcan la <strong>Facultad de Humanidades y Ciencias Sociales<\/strong> y las ofertas acad\u00e9micas de la <strong>Universidad Nacional de Misiones<\/strong>, como as\u00ed tambi\u00e9n reforzar v\u00ednculos con los graduados de la instituci\u00f3n y profundizar la <strong>articulaci\u00f3n entre los niveles secundario y superior.<\/strong><\/p>\n<p style=\"text-align: justify;\">El evento es organizado por la <strong>Oficina de Graduados<\/strong> de la FHyCS, cuenta con el auspicio del Consejo General y Subsecretar\u00eda de Educaci\u00f3n de la provincia de Misiones. Adem\u00e1s de contar con el apoyo de la <strong>Secretar\u00eda de Extensi\u00f3n y Vinculaci\u00f3n Tecnol\u00f3gica<\/strong> y la <strong>Secretar\u00eda de Bienestar Estudiantil de la FHyCS<\/strong>.<\/p>\n","protected":false},"excerpt":{"rendered":"<p>Se trata del segundo Encuentro de Estudiantes y Docentes de la Educaci\u00f3n Permanente de J\u00f3venes y Adultos (E.P.J.A).<\/p>\n","protected":false},"author":5,"featured_media":11295,"comment_status":"open","ping_status":"closed","sticky":false,"template":"","format":"standard","meta":{"extendify_custom_stylesheet":""},"categories":[10,780,2,1854],"tags":[1859,1856,1857,1858,1860],"_links":{"self":[{"href":"https:\/\/www.fhycs.unam.edu.ar\/portada\/wp-json\/wp\/v2\/posts\/11289"}],"collection":[{"href":"https:\/\/www.fhycs.unam.edu.ar\/portada\/wp-json\/wp\/v2\/posts"}],"about":[{"href":"https:\/\/www.fhycs.unam.edu.ar\/portada\/wp-json\/wp\/v2\/types\/post"}],"author":[{"embeddable":true,"href":"https:\/\/www.fhycs.unam.edu.ar\/portada\/wp-json\/wp\/v2\/users\/5"}],"replies":[{"embeddable":true,"href":"https:\/\/www.fhycs.unam.edu.ar\/portada\/wp-json\/wp\/v2\/comments?post=11289"}],"version-history":[{"count":7,"href":"https:\/\/www.fhycs.unam.edu.ar\/portada\/wp-json\/wp\/v2\/posts\/11289\/revisions"}],"predecessor-version":[{"id":11329,"href":"https:\/\/www.fhycs.unam.edu.ar\/portada\/wp-json\/wp\/v2\/posts\/11289\/revisions\/11329"}],"wp:featuredmedia":[{"embeddable":true,"href":"https:\/\/www.fhycs.unam.edu.ar\/portada\/wp-json\/wp\/v2\/media\/11295"}],"wp:attachment":[{"href":"https:\/\/www.fhycs.unam.edu.ar\/portada\/wp-json\/wp\/v2\/media?parent=11289"}],"wp:term":[{"taxonomy":"category","embeddable":true,"href":"https:\/\/www.fhycs.unam.edu.ar\/portada\/wp-json\/wp\/v2\/categories?post=11289"},{"taxonomy":"post_tag","embeddable":true,"href":"https:\/\/www.fhycs.unam.edu.ar\/portada\/wp-json\/wp\/v2\/tags?post=11289"}],"curies":[{"name":"wp","href":"https:\/\/api.w.org\/{rel}","templated":true}]}}