{"id":11294,"date":"2016-11-21T13:07:24","date_gmt":"2016-11-21T16:07:24","guid":{"rendered":"http:\/\/www.fhycs.unam.edu.ar\/portada\/?p=11294"},"modified":"2016-12-13T10:58:00","modified_gmt":"2016-12-13T13:58:00","slug":"concurso-publico-para-tecnicos-en-el-iehys-conicet","status":"publish","type":"post","link":"https:\/\/www.fhycs.unam.edu.ar\/portada\/concurso-publico-para-tecnicos-en-el-iehys-conicet\/","title":{"rendered":"Concurso P\u00fablico para T\u00e9cnicos en el IEHyS- CONICET  \u00a0"},"content":{"rendered":"<p>&nbsp;<\/p>\n<p style=\"text-align: justify;\"><img loading=\"lazy\" class=\"size-medium wp-image-11311 alignleft\" src=\"https:\/\/www.fhycs.unam.edu.ar\/portada\/wp-content\/uploads\/2016\/11\/IEHyS-Logo-300x111.jpg\" alt=\"iehys-logo\" width=\"300\" height=\"111\" srcset=\"https:\/\/www.fhycs.unam.edu.ar\/portada\/wp-content\/uploads\/2016\/11\/IEHyS-Logo-300x111.jpg 300w, https:\/\/www.fhycs.unam.edu.ar\/portada\/wp-content\/uploads\/2016\/11\/IEHyS-Logo-600x221.jpg 600w, https:\/\/www.fhycs.unam.edu.ar\/portada\/wp-content\/uploads\/2016\/11\/IEHyS-Logo.jpg 627w\" sizes=\"(max-width: 300px) 100vw, 300px\" \/>El <strong>Centro Cient\u00edfico Tecnol\u00f3gico CONICET Nordeste<\/strong> llama a <strong>Concurso P\u00fablico a Carrera de Personal de Apoyo T\u00e9cnico<\/strong> para cubrir una plaza en el I<strong>nstituto de Estudios Sociales y Humanos (CONICET-UNaM)<\/strong>.<!--more--><\/p>\n<blockquote>\n<p style=\"text-align: right;\"><span style=\"color: #008080;\"><strong>La Inscripci\u00f3n es hasta 25 de noviembre a trav\u00e9s de\u00a0la plataforma <a style=\"color: #008080;\" href=\"http:\/\/sigeva.conicet.gov.ar\/registracion\/\">SIGEVA<\/a><\/strong><\/span><\/p>\n<\/blockquote>\n<p style=\"text-align: justify;\"><strong>Descripci\u00f3n de las actividades a realizar<\/strong><\/p>\n<p style=\"text-align: justify;\"><strong>Tareas espec\u00edficas:<\/strong><\/p>\n<ul style=\"text-align: justify;\">\n<li>Generar b\u00fasquedas bibliogr\u00e1ficas en <a href=\"https:\/\/www.jstor.org\/\">JSTOR<\/a> y buscadores similares<\/li>\n<li>Dise\u00f1ar bases de datos de bibliograf\u00eda on line<\/li>\n<li>Informar sobre novedades editoriales (libros, publicaciones, etc.)<\/li>\n<li>Organizar una biblioteca impresa y virtual para el IESyH<\/li>\n<li>Rese\u00f1ar y fichar libros y otras publicaciones y realizar cargas de datos<\/li>\n<li>Colaborar con los investigadores en el armado del corpus bibliogr\u00e1fico de proyectos de investigaci\u00f3n y desarrollo<\/li>\n<li>Participar en la organizaci\u00f3n de eventos cient\u00edficos tecnol\u00f3gicos y acad\u00e9micos<\/li>\n<li>Atender las inquietudes y demandas de informaci\u00f3n bibliogr\u00e1fica de los becarios e investigadores del IESyH<\/li>\n<li>Colaborar con la edici\u00f3n de una futura Revista Cient\u00edfica del IESyH<\/li>\n<li>Actualizar las p\u00e1ginas web del IESyH<\/li>\n<li>Asesorar al personal del IESyH sobre las novedades en materia de convocatorias, armado de proyectos, asistencia a eventos y publicaciones<\/li>\n<li>Establecer contactos con editoriales y revistas del pa\u00eds y del exterior e informar a los investigadores y becarios del IESyH sobre las posibilidades y requisitos para publicaci\u00f3n de libros y art\u00edculos cient\u00edficos<\/li>\n<li>Mantener el orden en el espacio f\u00edsico en que se desempe\u00f1e<\/li>\n<li>Realizar las tareas atendiendo a las normas de calidad y seguridad establecidas por la Unidad<\/li>\n<\/ul>\n<p style=\"text-align: justify;\"><strong>Toda la informaci\u00f3n disponible en:<\/strong><\/p>\n<p style=\"text-align: justify;\"><a href=\"http:\/\/convocatorias.conicet.gov.ar\/wp-content\/uploads\/sites\/3\/2016-IESYH-TECN-datos-bibliograficos.pdf\">http:\/\/convocatorias.conicet.gov.ar\/wp-content\/uploads\/sites\/3\/2016-IESYH-TECN-datos-bibliograficos.pdf<\/a><\/p>\n","protected":false},"excerpt":{"rendered":"<p>&nbsp; El Centro Cient\u00edfico Tecnol\u00f3gico CONICET Nordeste llama a Concurso P\u00fablico a Carrera de Personal de Apoyo T\u00e9cnico para cubrir una plaza en el Instituto de Estudios Sociales y Humanos (CONICET-UNaM).<\/p>\n","protected":false},"author":6,"featured_media":11313,"comment_status":"open","ping_status":"closed","sticky":false,"template":"","format":"standard","meta":{"extendify_custom_stylesheet":""},"categories":[108,1622],"tags":[790,1862,1861],"_links":{"self":[{"href":"https:\/\/www.fhycs.unam.edu.ar\/portada\/wp-json\/wp\/v2\/posts\/11294"}],"collection":[{"href":"https:\/\/www.fhycs.unam.edu.ar\/portada\/wp-json\/wp\/v2\/posts"}],"about":[{"href":"https:\/\/www.fhycs.unam.edu.ar\/portada\/wp-json\/wp\/v2\/types\/post"}],"author":[{"embeddable":true,"href":"https:\/\/www.fhycs.unam.edu.ar\/portada\/wp-json\/wp\/v2\/users\/6"}],"replies":[{"embeddable":true,"href":"https:\/\/www.fhycs.unam.edu.ar\/portada\/wp-json\/wp\/v2\/comments?post=11294"}],"version-history":[{"count":2,"href":"https:\/\/www.fhycs.unam.edu.ar\/portada\/wp-json\/wp\/v2\/posts\/11294\/revisions"}],"predecessor-version":[{"id":11315,"href":"https:\/\/www.fhycs.unam.edu.ar\/portada\/wp-json\/wp\/v2\/posts\/11294\/revisions\/11315"}],"wp:featuredmedia":[{"embeddable":true,"href":"https:\/\/www.fhycs.unam.edu.ar\/portada\/wp-json\/wp\/v2\/media\/11313"}],"wp:attachment":[{"href":"https:\/\/www.fhycs.unam.edu.ar\/portada\/wp-json\/wp\/v2\/media?parent=11294"}],"wp:term":[{"taxonomy":"category","embeddable":true,"href":"https:\/\/www.fhycs.unam.edu.ar\/portada\/wp-json\/wp\/v2\/categories?post=11294"},{"taxonomy":"post_tag","embeddable":true,"href":"https:\/\/www.fhycs.unam.edu.ar\/portada\/wp-json\/wp\/v2\/tags?post=11294"}],"curies":[{"name":"wp","href":"https:\/\/api.w.org\/{rel}","templated":true}]}}