{"id":11333,"date":"2016-11-22T15:40:54","date_gmt":"2016-11-22T18:40:54","guid":{"rendered":"http:\/\/www.fhycs.unam.edu.ar\/portada\/?p=11333"},"modified":"2016-11-22T15:42:52","modified_gmt":"2016-11-22T18:42:52","slug":"25n-actividades-por-el-dia-contra-la-violencia-hacia-la-mujer","status":"publish","type":"post","link":"https:\/\/www.fhycs.unam.edu.ar\/portada\/25n-actividades-por-el-dia-contra-la-violencia-hacia-la-mujer\/","title":{"rendered":"25N: Actividades por el d\u00eda contra la violencia hacia la mujer"},"content":{"rendered":"<p><img loading=\"lazy\" class=\"alignleft\" src=\"http:\/\/www.unam.edu.ar\/images\/NoticiasFotos\/violencia.jpg\" alt=\"\" width=\"205\" height=\"133\" \/><\/p>\n<p style=\"text-align: justify;\">En el marco del<strong> D\u00eda Internacional de la Eliminaci\u00f3n de la Violencia contra la Mujer<\/strong>, la UNaM se suma a las actividades el pr\u00f3ximo jueves 24 de noviembre, de 16 a 20, en hall de entrada y el aula magna de la <strong>Facultad de Humanidades y Ciencias Sociales (FHyCS)<\/strong>, ubicada por calle Tucum\u00e1n <span class=\"_Xbe\">1946<\/span>.<!--more--><\/p>\n<p style=\"text-align: justify;\">La actividad es organizada y coordinada por el<strong> Centro de Estudios y Equidad de G\u00e9nero Flora Tristan<\/strong>, y auspiciada la Secretar\u00eda de Bienestar Estudiantil y Oficina de Graduados de la FhyCS. Durante la tarde, habr\u00e1 exposiciones, presentaciones y radio abierta con la presencia de referentes sobre la tem\u00e1tica de violencia de g\u00e9nero.<\/p>\n<div class=\"tm-main uk-width-medium-2-3 uk-row-first\">\n<article class=\"uk-article\">\n<h6 style=\"text-align: justify;\"><strong>Programa<br \/>\n<\/strong><\/h6>\n<p style=\"text-align: justify;\">16 -18 hs: -Exposici\u00f3n de poster sobre la problem\u00e1tica (a cargo de alumnos del seminario G\u00e9neros y Familias en clave de diversidad y de proyectos de voluntariado universitario, de la Licenciatura en Trabajo Social).<\/p>\n<p style=\"text-align: justify;\">-Stand de Consejer\u00eda en derechos sexuales y reproductivos del Centro Flora Trist\u00e1n de la FHyCS<\/p>\n<p style=\"text-align: justify;\">18 hs: Presentaci\u00f3n de avance de escenas de la MURGA POR TUS DERECHOS de la FHyCS<\/p>\n<p style=\"text-align: justify;\">18,30 a 20 hs: Radio abierta de LA CALACA y FM Universidad con profesionales invitadas en su apertura: Decana de la FHyCS Mgter. Gisela Spasiuk, Directora del Centro Flora Trist\u00e1n, Mgter. Zulma Cabrera, Subsecretaria de la Mujer y la Familia, Prof. Benilda Dammer, Directora de la Direcci\u00f3n de la Violencia Familiar y de G\u00e9nero Lic. Carolina Gaspary, Directora de la L\u00ednea 137, Lic. Rosana Franco.<\/p>\n<\/article>\n<\/div>\n","protected":false},"excerpt":{"rendered":"<p>En el marco del D\u00eda Internacional de la Eliminaci\u00f3n de la Violencia contra la Mujer, la UNaM se suma a las actividades el pr\u00f3ximo jueves 24 de noviembre, de 16 a 20, en hall de entrada y el aula magna de la Facultad de Humanidades y Ciencias Sociales (FHyCS), ubicada por calle Tucum\u00e1n 1946.<\/p>\n","protected":false},"author":10,"featured_media":11336,"comment_status":"closed","ping_status":"closed","sticky":false,"template":"","format":"standard","meta":{"extendify_custom_stylesheet":""},"categories":[62,754],"tags":[5,685],"_links":{"self":[{"href":"https:\/\/www.fhycs.unam.edu.ar\/portada\/wp-json\/wp\/v2\/posts\/11333"}],"collection":[{"href":"https:\/\/www.fhycs.unam.edu.ar\/portada\/wp-json\/wp\/v2\/posts"}],"about":[{"href":"https:\/\/www.fhycs.unam.edu.ar\/portada\/wp-json\/wp\/v2\/types\/post"}],"author":[{"embeddable":true,"href":"https:\/\/www.fhycs.unam.edu.ar\/portada\/wp-json\/wp\/v2\/users\/10"}],"replies":[{"embeddable":true,"href":"https:\/\/www.fhycs.unam.edu.ar\/portada\/wp-json\/wp\/v2\/comments?post=11333"}],"version-history":[{"count":5,"href":"https:\/\/www.fhycs.unam.edu.ar\/portada\/wp-json\/wp\/v2\/posts\/11333\/revisions"}],"predecessor-version":[{"id":11340,"href":"https:\/\/www.fhycs.unam.edu.ar\/portada\/wp-json\/wp\/v2\/posts\/11333\/revisions\/11340"}],"wp:featuredmedia":[{"embeddable":true,"href":"https:\/\/www.fhycs.unam.edu.ar\/portada\/wp-json\/wp\/v2\/media\/11336"}],"wp:attachment":[{"href":"https:\/\/www.fhycs.unam.edu.ar\/portada\/wp-json\/wp\/v2\/media?parent=11333"}],"wp:term":[{"taxonomy":"category","embeddable":true,"href":"https:\/\/www.fhycs.unam.edu.ar\/portada\/wp-json\/wp\/v2\/categories?post=11333"},{"taxonomy":"post_tag","embeddable":true,"href":"https:\/\/www.fhycs.unam.edu.ar\/portada\/wp-json\/wp\/v2\/tags?post=11333"}],"curies":[{"name":"wp","href":"https:\/\/api.w.org\/{rel}","templated":true}]}}