{"id":11387,"date":"2016-11-23T19:06:07","date_gmt":"2016-11-23T22:06:07","guid":{"rendered":"http:\/\/www.fhycs.unam.edu.ar\/portada\/?p=11387"},"modified":"2016-11-23T19:06:07","modified_gmt":"2016-11-23T22:06:07","slug":"nota-a-jesus-loera-en-la-fhycs-unam-posadas","status":"publish","type":"post","link":"https:\/\/www.fhycs.unam.edu.ar\/portada\/nota-a-jesus-loera-en-la-fhycs-unam-posadas\/","title":{"rendered":"Nota a Jes\u00fas Loera en la FHyCS-UNaM-Posadas"},"content":{"rendered":"<p>&nbsp;<\/p>\n<p>Entrevista realizada a Jes\u00fas Oswaldo Loera Cervantes en el &#8220;VI Encuentro sobre Antropo-Semi\u00f3tica de la Muerte y el Morir: di\u00e1logos transdisciplinares\u201d realizado en Posadas-Misiones.<br \/>\nQuien estuvo a cargo de la Conferencia Inaugural luego de la apertura realizada con autoridades de la Instituci\u00f3n y coordinadores del Encuentro.<br \/>\nSede Facultad de Humanidades y Ciencias Sociales de la Universidad Nacional de Misiones.<\/p>\n","protected":false},"excerpt":{"rendered":"<p>&nbsp; Entrevista realizada a Jes\u00fas Oswaldo Loera Cervantes en el &#8220;VI Encuentro sobre Antropo-Semi\u00f3tica de la Muerte y el Morir: di\u00e1logos transdisciplinares\u201d realizado en Posadas-Misiones. Quien estuvo a cargo de la Conferencia Inaugural luego de la apertura realizada con autoridades de la Instituci\u00f3n y coordinadores del Encuentro. Sede Facultad de Humanidades y Ciencias Sociales de [&hellip;]<\/p>\n","protected":false},"author":10,"featured_media":0,"comment_status":"open","ping_status":"closed","sticky":false,"template":"","format":"standard","meta":{"extendify_custom_stylesheet":""},"categories":[36,8],"tags":[],"_links":{"self":[{"href":"https:\/\/www.fhycs.unam.edu.ar\/portada\/wp-json\/wp\/v2\/posts\/11387"}],"collection":[{"href":"https:\/\/www.fhycs.unam.edu.ar\/portada\/wp-json\/wp\/v2\/posts"}],"about":[{"href":"https:\/\/www.fhycs.unam.edu.ar\/portada\/wp-json\/wp\/v2\/types\/post"}],"author":[{"embeddable":true,"href":"https:\/\/www.fhycs.unam.edu.ar\/portada\/wp-json\/wp\/v2\/users\/10"}],"replies":[{"embeddable":true,"href":"https:\/\/www.fhycs.unam.edu.ar\/portada\/wp-json\/wp\/v2\/comments?post=11387"}],"version-history":[{"count":1,"href":"https:\/\/www.fhycs.unam.edu.ar\/portada\/wp-json\/wp\/v2\/posts\/11387\/revisions"}],"predecessor-version":[{"id":11388,"href":"https:\/\/www.fhycs.unam.edu.ar\/portada\/wp-json\/wp\/v2\/posts\/11387\/revisions\/11388"}],"wp:attachment":[{"href":"https:\/\/www.fhycs.unam.edu.ar\/portada\/wp-json\/wp\/v2\/media?parent=11387"}],"wp:term":[{"taxonomy":"category","embeddable":true,"href":"https:\/\/www.fhycs.unam.edu.ar\/portada\/wp-json\/wp\/v2\/categories?post=11387"},{"taxonomy":"post_tag","embeddable":true,"href":"https:\/\/www.fhycs.unam.edu.ar\/portada\/wp-json\/wp\/v2\/tags?post=11387"}],"curies":[{"name":"wp","href":"https:\/\/api.w.org\/{rel}","templated":true}]}}