{"id":11568,"date":"2016-12-06T08:54:45","date_gmt":"2016-12-06T11:54:45","guid":{"rendered":"http:\/\/www.fhycs.unam.edu.ar\/portada\/?p=11568"},"modified":"2016-12-07T06:33:17","modified_gmt":"2016-12-07T09:33:17","slug":"convocan-a-la-asamblea-de-investigadores-2016","status":"publish","type":"post","link":"https:\/\/www.fhycs.unam.edu.ar\/portada\/convocan-a-la-asamblea-de-investigadores-2016\/","title":{"rendered":"Convocan a la Asamblea de Investigadores 2016"},"content":{"rendered":"<p style=\"text-align: justify;\"><img loading=\"lazy\" class=\"alignleft size-medium wp-image-9000\" src=\"https:\/\/www.fhycs.unam.edu.ar\/portada\/wp-content\/uploads\/2016\/09\/Young-Res-1-300x200.jpg\" alt=\"Investigaci\u00f3n-FHyCS\" width=\"300\" height=\"200\" srcset=\"https:\/\/www.fhycs.unam.edu.ar\/portada\/wp-content\/uploads\/2016\/09\/Young-Res-1-300x200.jpg 300w, https:\/\/www.fhycs.unam.edu.ar\/portada\/wp-content\/uploads\/2016\/09\/Young-Res-1-768x512.jpg 768w, https:\/\/www.fhycs.unam.edu.ar\/portada\/wp-content\/uploads\/2016\/09\/Young-Res-1-600x400.jpg 600w, https:\/\/www.fhycs.unam.edu.ar\/portada\/wp-content\/uploads\/2016\/09\/Young-Res-1.jpg 1000w\" sizes=\"(max-width: 300px) 100vw, 300px\" \/>En la \u00faltima sesi\u00f3n del Consejo de Investigaci\u00f3n de la FHyCS -\u00f3rgano de representaci\u00f3n de los investigadores- se aprob\u00f3 la Convocatoria a <strong>Asamblea Ordinaria.<\/strong><!--more--><\/p>\n<blockquote>\n<p style=\"text-align: right;\"><span style=\"color: #008080;\"><strong>Viernes 16 de Diciembre.\u00a0<\/strong><strong>15:00 hs<\/strong>. <strong>Aula Magna<\/strong>\u00a0 (Tucum\u00e1n 1946, Planta Baja) de la Facultad de Humanidades y Ciencias Sociales de la UNaM.<\/span><\/p>\n<\/blockquote>\n<p style=\"text-align: justify;\">Seg\u00fan la Resoluci\u00f3n 092\/00, para sesionar la <strong>Asamblea de Investigadores Ordinaria<\/strong> requiere de la presencia de al menos el 30 % de los investigadores (principales, independientes, asistentes, iniciales y auxiliares) registrados en el padr\u00f3n de la Secretar\u00eda de Investigaci\u00f3n y Postgrado. Transcurrida una hora de no cumplimentarse el qu\u00f3rum, la Asamblea podr\u00e1 sesionar con los miembros presentes.<\/p>\n<p style=\"text-align: justify;\">Los <strong>temas<\/strong> a tratar en esta ocasi\u00f3n son los siguientes:<\/p>\n<ul>\n<li style=\"text-align: justify;\">Informe de <strong>gesti\u00f3n<\/strong> de la Secretar\u00eda de Investigaci\u00f3n y Postgrado<\/li>\n<li style=\"text-align: justify;\">Informe de <strong>Autoevaluaci\u00f3n I+D+i<\/strong><\/li>\n<li style=\"text-align: justify;\">Instituto de doble dependencia UNaM-CONICET (<strong>IEHyS<\/strong>)<\/li>\n<li style=\"text-align: justify;\"><strong>Becas CEDIT-UNaM<\/strong><\/li>\n<\/ul>\n<p style=\"text-align: justify;\">Pueden participar los investigadores de <strong>todas las categor\u00edas<\/strong>, desde alumnos hasta directores de proyectos.<\/p>\n<p style=\"text-align: justify;\">Mail para confirmar asistencia:<\/p>\n<p style=\"text-align: justify;\"><a href=\"mailto:investigacionfhycsunam@gmail.com\">investigacionfhycsunam@gmail.com<\/a><\/p>\n","protected":false},"excerpt":{"rendered":"<p>En la \u00faltima sesi\u00f3n del Consejo de Investigaci\u00f3n de la FHyCS -\u00f3rgano de representaci\u00f3n de los investigadores- se aprob\u00f3 la Convocatoria a Asamblea Ordinaria.<\/p>\n","protected":false},"author":6,"featured_media":9000,"comment_status":"open","ping_status":"closed","sticky":false,"template":"","format":"standard","meta":{"extendify_custom_stylesheet":""},"categories":[794],"tags":[1933,5],"_links":{"self":[{"href":"https:\/\/www.fhycs.unam.edu.ar\/portada\/wp-json\/wp\/v2\/posts\/11568"}],"collection":[{"href":"https:\/\/www.fhycs.unam.edu.ar\/portada\/wp-json\/wp\/v2\/posts"}],"about":[{"href":"https:\/\/www.fhycs.unam.edu.ar\/portada\/wp-json\/wp\/v2\/types\/post"}],"author":[{"embeddable":true,"href":"https:\/\/www.fhycs.unam.edu.ar\/portada\/wp-json\/wp\/v2\/users\/6"}],"replies":[{"embeddable":true,"href":"https:\/\/www.fhycs.unam.edu.ar\/portada\/wp-json\/wp\/v2\/comments?post=11568"}],"version-history":[{"count":9,"href":"https:\/\/www.fhycs.unam.edu.ar\/portada\/wp-json\/wp\/v2\/posts\/11568\/revisions"}],"predecessor-version":[{"id":11680,"href":"https:\/\/www.fhycs.unam.edu.ar\/portada\/wp-json\/wp\/v2\/posts\/11568\/revisions\/11680"}],"wp:featuredmedia":[{"embeddable":true,"href":"https:\/\/www.fhycs.unam.edu.ar\/portada\/wp-json\/wp\/v2\/media\/9000"}],"wp:attachment":[{"href":"https:\/\/www.fhycs.unam.edu.ar\/portada\/wp-json\/wp\/v2\/media?parent=11568"}],"wp:term":[{"taxonomy":"category","embeddable":true,"href":"https:\/\/www.fhycs.unam.edu.ar\/portada\/wp-json\/wp\/v2\/categories?post=11568"},{"taxonomy":"post_tag","embeddable":true,"href":"https:\/\/www.fhycs.unam.edu.ar\/portada\/wp-json\/wp\/v2\/tags?post=11568"}],"curies":[{"name":"wp","href":"https:\/\/api.w.org\/{rel}","templated":true}]}}