{"id":11720,"date":"2016-12-12T13:21:40","date_gmt":"2016-12-12T16:21:40","guid":{"rendered":"http:\/\/www.fhycs.unam.edu.ar\/portada\/?p=11720"},"modified":"2016-12-12T13:21:40","modified_gmt":"2016-12-12T16:21:40","slug":"el-miercoles-marchan-cientificos-del-cedit-y-conicet-en-posadas-frente-al-ajuste-en-ciencia-y-tecnica","status":"publish","type":"post","link":"https:\/\/www.fhycs.unam.edu.ar\/portada\/el-miercoles-marchan-cientificos-del-cedit-y-conicet-en-posadas-frente-al-ajuste-en-ciencia-y-tecnica\/","title":{"rendered":"El mi\u00e9rcoles marchan Cient\u00edficos del CEDIT y CONICET en Posadas frente al ajuste en ciencia y t\u00e9cnica"},"content":{"rendered":"<p style=\"text-align: justify;\"><img loading=\"lazy\" class=\"alignleft size-medium wp-image-11723\" src=\"https:\/\/www.fhycs.unam.edu.ar\/portada\/wp-content\/uploads\/2016\/12\/15541540_1088403597948976_5525861605379572139_n-300x231.jpg\" alt=\"\" width=\"300\" height=\"231\" srcset=\"https:\/\/www.fhycs.unam.edu.ar\/portada\/wp-content\/uploads\/2016\/12\/15541540_1088403597948976_5525861605379572139_n-300x231.jpg 300w, https:\/\/www.fhycs.unam.edu.ar\/portada\/wp-content\/uploads\/2016\/12\/15541540_1088403597948976_5525861605379572139_n-768x592.jpg 768w, https:\/\/www.fhycs.unam.edu.ar\/portada\/wp-content\/uploads\/2016\/12\/15541540_1088403597948976_5525861605379572139_n-600x463.jpg 600w, https:\/\/www.fhycs.unam.edu.ar\/portada\/wp-content\/uploads\/2016\/12\/15541540_1088403597948976_5525861605379572139_n.jpg 960w\" sizes=\"(max-width: 300px) 100vw, 300px\" \/>En el marco de la <em><strong>&#8220;Jornada Nacional de Lucha contra el ajuste en ciencia y t\u00e9cnica&#8221;<\/strong><\/em> los investigadores misioneros realizar\u00e1n &#8220;una marcha desde el M\u00e1stil de la Ciudad de Posadas hasta la Plaza 9 de Julio&#8221; indicaron desde el <strong>Colectivo de Becarios de Misiones.<\/strong><!--more--><\/p>\n<blockquote>\n<p style=\"text-align: right;\"><span style=\"color: #008080;\"><strong>Mi\u00e9rcoles 14 de Diciembre a las 9:00 hs\u00a0<\/strong><\/span><\/p>\n<\/blockquote>\n<p style=\"text-align: justify;\"><em>&#8220;En la provincia de Misiones, desde hace 6 meses, m\u00e1s de 350 becarios y pasantes del CEDIT no perciben sus haberes. La realidad que sufren d\u00eda a d\u00eda los cient\u00edficos precarizados de la provincia, est\u00e1 en sinton\u00eda con el ajuste que ll<\/em><span class=\"text_exposed_show\"><em>eva adelante el Estado nacional en el CONICET&#8221;<\/em>, denuncian los investigadores.<\/span><\/p>\n<div class=\"text_exposed_show\">\n<p style=\"text-align: justify;\">El reclamo se debe a la &#8220;grave situaci\u00f3n&#8221; que viven los becarios de investigaci\u00f3n de Misiones y desde el Colectivo de Becarios de Misiones llaman al conjunto de trabajadores\/as de la investigaci\u00f3n y la educaci\u00f3n p\u00fablica a movilizarse masivamente, con los siguientes reclamos y propuestas:<\/p>\n<ul>\n<li style=\"text-align: justify;\">Por el pago inmediato de todos los \u201cestipendios\u201d que el CEDIT adeuda.<\/li>\n<li style=\"text-align: justify;\">Por un cronograma de pago com\u00fan para \u201cbecarios\u201d y trabajadores del Estado en la provincia de Misiones.<\/li>\n<li style=\"text-align: justify;\">Actualizaci\u00f3n de los montos de acuerdo a la inflaci\u00f3n.<\/li>\n<li style=\"text-align: justify;\">Contra el ajuste en Ciencia y T\u00e9cnica. Ning\u00fan despido en Conicet.<\/li>\n<li style=\"text-align: justify;\">Por el acceso democr\u00e1tico a la Investigaci\u00f3n. Contra las trabas elitistas a la formaci\u00f3n de investigadores.<\/li>\n<li style=\"text-align: justify;\">Por la construcci\u00f3n de una organizaci\u00f3n gremial de los trabajadores de la ciencia en la provincia de Misiones<\/li>\n<li style=\"text-align: justify;\">Por Derechos laborales y aguinaldo para los \u201cbecarios\u201d: condiciones de trabajo dignas, estabilidad laboral y salarios acordes a las necesidades de los investigadores.<\/li>\n<\/ul>\n<\/div>\n","protected":false},"excerpt":{"rendered":"<p>En el marco de la &#8220;Jornada Nacional de Lucha contra el ajuste en ciencia y t\u00e9cnica&#8221; los investigadores misioneros realizar\u00e1n &#8220;una marcha desde el M\u00e1stil de la Ciudad de Posadas hasta la Plaza 9 de Julio&#8221; indicaron desde el Colectivo de Becarios de Misiones.<\/p>\n","protected":false},"author":5,"featured_media":11721,"comment_status":"open","ping_status":"closed","sticky":false,"template":"","format":"standard","meta":{"extendify_custom_stylesheet":""},"categories":[36,794],"tags":[1959,1961,1960,790,5,1324,758],"_links":{"self":[{"href":"https:\/\/www.fhycs.unam.edu.ar\/portada\/wp-json\/wp\/v2\/posts\/11720"}],"collection":[{"href":"https:\/\/www.fhycs.unam.edu.ar\/portada\/wp-json\/wp\/v2\/posts"}],"about":[{"href":"https:\/\/www.fhycs.unam.edu.ar\/portada\/wp-json\/wp\/v2\/types\/post"}],"author":[{"embeddable":true,"href":"https:\/\/www.fhycs.unam.edu.ar\/portada\/wp-json\/wp\/v2\/users\/5"}],"replies":[{"embeddable":true,"href":"https:\/\/www.fhycs.unam.edu.ar\/portada\/wp-json\/wp\/v2\/comments?post=11720"}],"version-history":[{"count":3,"href":"https:\/\/www.fhycs.unam.edu.ar\/portada\/wp-json\/wp\/v2\/posts\/11720\/revisions"}],"predecessor-version":[{"id":11726,"href":"https:\/\/www.fhycs.unam.edu.ar\/portada\/wp-json\/wp\/v2\/posts\/11720\/revisions\/11726"}],"wp:featuredmedia":[{"embeddable":true,"href":"https:\/\/www.fhycs.unam.edu.ar\/portada\/wp-json\/wp\/v2\/media\/11721"}],"wp:attachment":[{"href":"https:\/\/www.fhycs.unam.edu.ar\/portada\/wp-json\/wp\/v2\/media?parent=11720"}],"wp:term":[{"taxonomy":"category","embeddable":true,"href":"https:\/\/www.fhycs.unam.edu.ar\/portada\/wp-json\/wp\/v2\/categories?post=11720"},{"taxonomy":"post_tag","embeddable":true,"href":"https:\/\/www.fhycs.unam.edu.ar\/portada\/wp-json\/wp\/v2\/tags?post=11720"}],"curies":[{"name":"wp","href":"https:\/\/api.w.org\/{rel}","templated":true}]}}