{"id":12017,"date":"2016-12-29T09:54:10","date_gmt":"2016-12-29T12:54:10","guid":{"rendered":"http:\/\/www.fhycs.unam.edu.ar\/portada\/?p=12017"},"modified":"2016-12-29T09:56:07","modified_gmt":"2016-12-29T12:56:07","slug":"en-2017-se-realizara-en-posadas-la-xii-reunion-de-antropologia-del-mercosur","status":"publish","type":"post","link":"https:\/\/www.fhycs.unam.edu.ar\/portada\/en-2017-se-realizara-en-posadas-la-xii-reunion-de-antropologia-del-mercosur\/","title":{"rendered":"En 2017 se realizar\u00e1 en Posadas la XII Reuni\u00f3n de Antropolog\u00eda del Mercosur"},"content":{"rendered":"<p style=\"text-align: justify;\"><img loading=\"lazy\" class=\"alignleft size-full wp-image-12020\" src=\"https:\/\/www.fhycs.unam.edu.ar\/portada\/wp-content\/uploads\/2016\/12\/ram.jpg\" alt=\"\" width=\"594\" height=\"257\" srcset=\"https:\/\/www.fhycs.unam.edu.ar\/portada\/wp-content\/uploads\/2016\/12\/ram.jpg 594w, https:\/\/www.fhycs.unam.edu.ar\/portada\/wp-content\/uploads\/2016\/12\/ram-300x130.jpg 300w\" sizes=\"(max-width: 594px) 100vw, 594px\" \/>Con el lema <strong>\u201cExperiencias etnogr\u00e1ficas: desaf\u00edos y acciones para el siglo XXI\u201d<\/strong> la edici\u00f3n 2017 de este encuentro cient\u00edfico bianual impulsado por la <a href=\"http:\/\/www.portal.abant.org.br\/\" target=\"_blank\"><strong><em>Associa\u00e7\u00e3o Brasileira de Antropologia <\/em>(ABA)<\/strong> <\/a>en 1995, se concretar\u00e1 en Posadas del 4 al 7 de Diciembre de 2017.<!--more--><\/p>\n<p style=\"text-align: justify;\">Se trata de un encuentro para discutir y actualizar los conocimientos antropol\u00f3gicos en sus distintas corrientes, ramas, objetos y perspectivas te\u00f3rico-metodol\u00f3gicas, en di\u00e1logo tambi\u00e9n con otras disciplinas. Se realiza de manera itinerante con sede en los pa\u00edses miembros del bloque.<\/p>\n<blockquote>\n<p style=\"padding-left: 30px; text-align: right;\"><span style=\"color: #008080;\">Fecha l\u00edmite para la presentaci\u00f3n: <strong>viernes 10 de marzo de 2017. <\/strong>Las propuestas deber\u00e1n remitirse a <a style=\"color: #008080;\" href=\"mailto:ramxii.2017@gmail.com\"><strong>ramxii.2017@gmail.com<\/strong><\/a><\/span><\/p>\n<\/blockquote>\n<p style=\"text-align: justify;\">En la XII edici\u00f3n ser\u00e1n co-organizadores el <strong>Departamento de Antropolog\u00eda Social (DAS)<\/strong> y el <strong>Programa de Posgrado en Antropolog\u00eda Social (PPAS)<\/strong> de la <strong>Facultad de Humanidades y Ciencias Sociales<\/strong> de la Universidad Nacional de Misiones, quienes explicaron que el lema \u201cExperiencias etnogr\u00e1ficas: desaf\u00edos y acciones para el Siglo XXI\u201d invita a repensar el lugar actual de la etnograf\u00eda en la antropolog\u00eda y en otras ciencias. La etnograf\u00eda -marca distintiva de la disciplina desde sus inicios- puede ser considerada por su potencial descriptivo y comprensivo, uno de los caminos para afrontar las diversas problem\u00e1ticas que convulsionan el devenir de este siglo.<\/p>\n<p style=\"text-align: justify;\">Los desaf\u00edos que plantea la realidad sociopol\u00edtica que atraviesan especialmente los pa\u00edses del Cono Sur \u2013se\u00f1alan-, <em>&#8220;interpelan a los investigadores en cuanto al conocimiento producido y a las acciones que el mismo posibilita como respuesta&#8221;<\/em>. En ese sentido expresaron que en la nueva edici\u00f3n de la RAM <em>\u201cesperamos brindar un espacio de di\u00e1logo y debate donde confluyan diversas experiencias que aporten revisiones a problemas cl\u00e1sicos, nuevas propuestas y desarrollos creativos\u201d.<\/em><\/p>\n<h6><strong>Convocatoria abierta a la presentaci\u00f3n de propuestas de grupos de trabajo<\/strong><\/h6>\n<p><strong>1 Grupos de trabajo:<\/strong><\/p>\n<p style=\"padding-left: 30px;\">Los Grupos contar\u00e1n con al menos dos coordinadores, pertenecientes a pa\u00edses y centros universitarios diferentes. Uno de los coordinadores deber\u00e1 ser investigador senior, doctor o tener antecedentes equivalentes. Se sugiere que las propuestas incluyan comentaristas a fin de incentivar el debate dentro de los grupos.<\/p>\n<p style=\"padding-left: 30px;\">1)\u00a0 T\u00edtulo<\/p>\n<p style=\"padding-left: 30px;\">2)\u00a0 Descripci\u00f3n y Justificaci\u00f3n de la propuesta (500 palabras)<\/p>\n<p style=\"padding-left: 30px;\">3)\u00a0 Apellido y Nombre, instituci\u00f3n de pertenencia, direcci\u00f3n (postal y electr\u00f3nica) y tel\u00e9fonos de los coordinadores.<\/p>\n<p style=\"padding-left: 30px;\">4)\u00a0 Palabras clave (M\u00e1ximo: 4)<\/p>\n<p style=\"padding-left: 30px;\">Las \u00a0propuestas \u00a0ser\u00e1n \u00a0evaluadas \u00a0por \u00a0el \u00a0comit\u00e9 \u00a0acad\u00e9mico, \u00a0que \u00a0podr\u00e1 \u00a0recomendar agrupamientos por afinidad tem\u00e1tica, previa consulta a los coordinadores.<\/p>\n<h6><strong>2.\u00a0 Mesas redondas<\/strong><\/h6>\n<p>Ser\u00e1n constituidas por investigadores de diferentes pa\u00edses e instituciones (si hubiera m\u00e1s de uno de un mismo pa\u00eds)<\/p>\n<p style=\"padding-left: 30px;\">1)\u00a0 T\u00edtulo<\/p>\n<p style=\"padding-left: 30px;\">2)\u00a0 Descripci\u00f3n y fundamentaci\u00f3n de la propuesta<\/p>\n<p style=\"padding-left: 30px;\">3)\u00a0\u00a0\u00a0 Apellido \u00a0y\u00a0 Nombre, \u00a0instituci\u00f3n \u00a0de \u00a0pertenencia, \u00a0direcci\u00f3n \u00a0(postal \u00a0y \u00a0electr\u00f3nica) \u00a0y tel\u00e9fonos la persona que coordina.<\/p>\n<p style=\"padding-left: 30px;\">4)\u00a0 Apellido y Nombre, pertenencia institucional y Curriculum de hasta diez l\u00edneas de los componentes de la mesa (hasta 4).<\/p>\n<p style=\"padding-left: 30px;\">5)\u00a0\u00a0 Apellido y nombre, pertenencia institucional y Curriculum de hasta diez l\u00edneas de quien oficia de comentarista.<\/p>\n<p style=\"padding-left: 30px;\">Palabras clave (M\u00e1ximo: 4).<\/p>\n<h6><strong>3.\u00a0 Foros<\/strong><\/h6>\n<p style=\"text-align: justify; padding-left: 30px;\">Los Foros son espacios abiertos al debate y la participaci\u00f3n general, donde se articulan tem\u00e1ticas relevantes para la antropolog\u00eda y las organizaciones sociales. Uno de los coordinadores deber\u00e1 ser investigador senior, doctor o tener antecedentes equivalentes. Podr\u00e1n conformarse con referentes de movimientos sociales, pol\u00edticos, culturales, etc. Incluir\u00e1n hasta 5 participantes.<\/p>\n<p style=\"padding-left: 30px;\">1)\u00a0 T\u00edtulo tentativo del Foro<\/p>\n<p style=\"padding-left: 30px;\">2)\u00a0 Descripci\u00f3n y justificaci\u00f3n del tema<\/p>\n<p style=\"padding-left: 30px;\">3)\u00a0 Apellido y Nombre, instituci\u00f3n de pertenencia, direcci\u00f3n (postal y electr\u00f3nica) y tel\u00e9fonos de los coordinadores propuestos.<\/p>\n<p style=\"padding-left: 30px;\">4)\u00a0\u00a0\u00a0 Apellido y Nombre, instituci\u00f3n o grupo de pertenencia de los referentes sociales, pol\u00edticos, etc. (en el caso que corresponda).<\/p>\n<p style=\"padding-left: 30px;\">5)\u00a0 Palabras clave (M\u00e1ximo: 4)<\/p>\n<h6><strong>4.\u00a0 Simposios<\/strong><\/h6>\n<p style=\"text-align: justify; padding-left: 30px;\">Los simposios son encuentros autofinanciados organizados por investigadores con reconocida trayectoria en una misma tem\u00e1tica que exponen el estado de la cuesti\u00f3n o un debate espec\u00edfico, en dos sesiones abreviadas (4 participantes en cada una). Ser\u00e1n constituidos por investigadores de diferentes pa\u00edses.<\/p>\n<p style=\"padding-left: 30px;\">1)\u00a0 T\u00edtulo<\/p>\n<p style=\"padding-left: 30px;\">2)\u00a0 Descripci\u00f3n y fundamentaci\u00f3n de la propuesta<\/p>\n<p style=\"padding-left: 30px;\">3)\u00a0 Apellido y Nombre, instituci\u00f3n de pertenencia, direcci\u00f3n (postal y electr\u00f3nica) y tel\u00e9fonos la persona que coordina.<\/p>\n<p style=\"padding-left: 30px;\">4)\u00a0 Apellido y Nombre, pertenencia institucional y Curriculum de hasta diez l\u00edneas de los componentes del simposio (hasta 8)<\/p>\n<p style=\"padding-left: 30px;\">5)\u00a0\u00a0 Apellido y nombre, pertenencia institucional y Curriculum de hasta diez l\u00edneas de quien oficia de comentarista (1 por sesi\u00f3n)<\/p>\n<p style=\"padding-left: 30px;\">Palabras clave (M\u00e1ximo: 4)<\/p>\n<h6><strong>5.\u00a0 Antrop\u00f3logos del futuro<\/strong><\/h6>\n<p style=\"padding-left: 30px; text-align: justify;\">Es un espacio en formato de grupo de trabajo para alumnos de grado que se encuentren elaborando sus proyectos de investigaci\u00f3n o tesis y se interesen por discutir contenidos. La convocatoria a presentaci\u00f3n de res\u00famenes ser\u00e1 abierta.<\/p>\n<h6><strong>6.\u00a0 Muestras fotogr\u00e1ficas y de cine etnogr\u00e1fico<\/strong><\/h6>\n<p style=\"padding-left: 30px;\">Las propuestas deben incluir la siguiente informaci\u00f3n:<\/p>\n<p style=\"padding-left: 30px;\">1)\u00a0 T\u00edtulo y Tema<\/p>\n<p style=\"padding-left: 30px;\">2)\u00a0 Ficha T\u00e9cnica<\/p>\n<p style=\"padding-left: 30px;\">3)\u00a0 Apellido y nombre del\/ de los autor\/es, CV de 5 l\u00edneas, direcci\u00f3n (postal y electr\u00f3nica) y tel\u00e9fonos.<\/p>\n<p><strong>7.\u00a0 Presentaci\u00f3n de libros<\/strong><\/p>\n<p style=\"padding-left: 30px; text-align: justify;\">Habr\u00e1 un espacio compartido disponible para la exposici\u00f3n y venta de libros donde los interesados podr\u00e1n conversar con los autores. La inscripci\u00f3n de propuestas debe incluir:<\/p>\n<p style=\"padding-left: 30px; text-align: justify;\">1)\u00a0 T\u00edtulo y Tema<\/p>\n<p style=\"padding-left: 30px; text-align: justify;\">2)\u00a0 Ficha T\u00e9cnica incluyendo imagen en formato jpg de la portada.<\/p>\n<p style=\"padding-left: 30px; text-align: justify;\">3)\u00a0\u00a0 Apellido y nombre de los autores, CV de 5 l\u00edneas, direcci\u00f3n (postal y electr\u00f3nica) y tel\u00e9fonos.<\/p>\n<h6><strong>Primera circular completa<\/strong><\/h6>\n<iframe src=\"\/\/docs.google.com\/viewer?url=https%3A%2F%2Fwww.fhycs.unam.edu.ar%2Fportada%2Fwp-content%2Fuploads%2F2016%2F12%2FRAM-2017-PRIMERA-CIRCULAR.pdf&hl=es&embedded=true\" class=\"gde-frame\" style=\"width:100%; height:500px; border: none;\" scrolling=\"no\"><\/iframe>\n<p class=\"gde-text\"><a href=\"https:\/\/www.fhycs.unam.edu.ar\/portada\/wp-content\/uploads\/2016\/12\/RAM-2017-PRIMERA-CIRCULAR.pdf\" class=\"gde-link\">Descargar (PDF, Desconocido)<\/a><\/p>\n<p>&nbsp;<\/p>\n<p>&nbsp;<\/p>\n<p>&nbsp;<\/p>\n<p>&nbsp;<\/p>\n","protected":false},"excerpt":{"rendered":"<p>Con el lema \u201cExperiencias etnogr\u00e1ficas: desaf\u00edos y acciones para el siglo XXI\u201d la edici\u00f3n 2017 de este encuentro cient\u00edfico bianual impulsado por la Associa\u00e7\u00e3o Brasileira de Antropologia (ABA) en 1995, se concretar\u00e1 en Posadas del 4 al 7 de Diciembre de 2017.<\/p>\n","protected":false},"author":2,"featured_media":12021,"comment_status":"open","ping_status":"closed","sticky":false,"template":"","format":"standard","meta":{"extendify_custom_stylesheet":""},"categories":[70,1314,2,342,1899,739],"tags":[1995,5,1993,1994],"_links":{"self":[{"href":"https:\/\/www.fhycs.unam.edu.ar\/portada\/wp-json\/wp\/v2\/posts\/12017"}],"collection":[{"href":"https:\/\/www.fhycs.unam.edu.ar\/portada\/wp-json\/wp\/v2\/posts"}],"about":[{"href":"https:\/\/www.fhycs.unam.edu.ar\/portada\/wp-json\/wp\/v2\/types\/post"}],"author":[{"embeddable":true,"href":"https:\/\/www.fhycs.unam.edu.ar\/portada\/wp-json\/wp\/v2\/users\/2"}],"replies":[{"embeddable":true,"href":"https:\/\/www.fhycs.unam.edu.ar\/portada\/wp-json\/wp\/v2\/comments?post=12017"}],"version-history":[{"count":4,"href":"https:\/\/www.fhycs.unam.edu.ar\/portada\/wp-json\/wp\/v2\/posts\/12017\/revisions"}],"predecessor-version":[{"id":15252,"href":"https:\/\/www.fhycs.unam.edu.ar\/portada\/wp-json\/wp\/v2\/posts\/12017\/revisions\/15252"}],"wp:featuredmedia":[{"embeddable":true,"href":"https:\/\/www.fhycs.unam.edu.ar\/portada\/wp-json\/wp\/v2\/media\/12021"}],"wp:attachment":[{"href":"https:\/\/www.fhycs.unam.edu.ar\/portada\/wp-json\/wp\/v2\/media?parent=12017"}],"wp:term":[{"taxonomy":"category","embeddable":true,"href":"https:\/\/www.fhycs.unam.edu.ar\/portada\/wp-json\/wp\/v2\/categories?post=12017"},{"taxonomy":"post_tag","embeddable":true,"href":"https:\/\/www.fhycs.unam.edu.ar\/portada\/wp-json\/wp\/v2\/tags?post=12017"}],"curies":[{"name":"wp","href":"https:\/\/api.w.org\/{rel}","templated":true}]}}