{"id":12098,"date":"2017-02-09T14:34:50","date_gmt":"2017-02-09T17:34:50","guid":{"rendered":"http:\/\/www.fhycs.unam.edu.ar\/portada\/?p=12098"},"modified":"2017-02-13T11:18:07","modified_gmt":"2017-02-13T14:18:07","slug":"convocatoria-a-la-tercera-capacitacion-de-tutores-pares-para-el-ingreso-2017","status":"publish","type":"post","link":"https:\/\/www.fhycs.unam.edu.ar\/portada\/convocatoria-a-la-tercera-capacitacion-de-tutores-pares-para-el-ingreso-2017\/","title":{"rendered":"Convocatoria a la tercera capacitaci\u00f3n de Tutores Pares para el ingreso 2017"},"content":{"rendered":"<p style=\"text-align: justify;\"><img loading=\"lazy\" class=\"alignleft size-medium wp-image-12100\" src=\"https:\/\/www.fhycs.unam.edu.ar\/portada\/wp-content\/uploads\/2017\/02\/Logo-tutores-pares-300x289.png\" alt=\"\" width=\"300\" height=\"289\" srcset=\"https:\/\/www.fhycs.unam.edu.ar\/portada\/wp-content\/uploads\/2017\/02\/Logo-tutores-pares-300x289.png 300w, https:\/\/www.fhycs.unam.edu.ar\/portada\/wp-content\/uploads\/2017\/02\/Logo-tutores-pares.png 499w\" sizes=\"(max-width: 300px) 100vw, 300px\" \/>En vista a las jornadas de <strong>ingreso 2017<\/strong> a la <strong>Facultad de Humanidades y Ciencias Sociales<\/strong> el <a href=\"http:\/\/www.fhycs.unam.edu.ar\/carreras\/tutores-pares\/\" target=\"_blank\"><strong>Programa de Acompa\u00f1amiento a las trayectorias Formativas<\/strong><\/a> convoca a una nueva capacitaci\u00f3n a estudiantes avanzados y graduados de todas las carreras de la FHyCS.<!--more--><\/p>\n<blockquote>\n<p style=\"text-align: right;\"><span style=\"color: #008080;\"><strong>Lunes 13 de febrero en el SUM Juan Figueredo, 18:00 hs.<\/strong><\/span><\/p>\n<\/blockquote>\n<p style=\"text-align: justify;\">Uno de los objetivos de estas capacitaciones, es el fortalecimiento del rol del tutor par en el acompa\u00f1amiento de los ingresantes a la vida universitaria. Esta es una de las pol\u00edticas institucionales que se vienen implementando en consonancia al plan de acciones prioritarias para el derecho y acceso de los ciudadanos a los estudios superiores.<\/p>\n<p style=\"text-align: justify;\">Los organizadores confirmaron que todav\u00eda se pueden sumar los estudiantes avanzados y graduados interesados en acompa\u00f1ar a los ingresantes en el ingreso 2017, el cual comienza el 1 de Marzo y estar\u00e1 dividido por comisiones coordinados por el trabajo el conjunto entre estudiantes, docentes, no decentes y graduados de la instituci\u00f3n.<\/p>\n<p style=\"text-align: justify;\">Adem\u00e1s, la capacitaci\u00f3n es auspiciada por la Secretar\u00eda de Extensi\u00f3n y Vinculaci\u00f3n Tecnol\u00f3gica y la Oficina de Graduados de la FHyCS.<\/p>\n","protected":false},"excerpt":{"rendered":"<p>En vista a las jornadas de ingreso 2017 a la Facultad de Humanidades y Ciencias Sociales el Programa de Acompa\u00f1amiento a las trayectorias Formativas convoca a una nueva capacitaci\u00f3n a estudiantes avanzados y graduados de todas las carreras de la FHyCS.<\/p>\n","protected":false},"author":5,"featured_media":12099,"comment_status":"open","ping_status":"closed","sticky":false,"template":"","format":"standard","meta":{"extendify_custom_stylesheet":""},"categories":[753,1854,35,1428],"tags":[5,1782,1807,338,117],"_links":{"self":[{"href":"https:\/\/www.fhycs.unam.edu.ar\/portada\/wp-json\/wp\/v2\/posts\/12098"}],"collection":[{"href":"https:\/\/www.fhycs.unam.edu.ar\/portada\/wp-json\/wp\/v2\/posts"}],"about":[{"href":"https:\/\/www.fhycs.unam.edu.ar\/portada\/wp-json\/wp\/v2\/types\/post"}],"author":[{"embeddable":true,"href":"https:\/\/www.fhycs.unam.edu.ar\/portada\/wp-json\/wp\/v2\/users\/5"}],"replies":[{"embeddable":true,"href":"https:\/\/www.fhycs.unam.edu.ar\/portada\/wp-json\/wp\/v2\/comments?post=12098"}],"version-history":[{"count":5,"href":"https:\/\/www.fhycs.unam.edu.ar\/portada\/wp-json\/wp\/v2\/posts\/12098\/revisions"}],"predecessor-version":[{"id":12187,"href":"https:\/\/www.fhycs.unam.edu.ar\/portada\/wp-json\/wp\/v2\/posts\/12098\/revisions\/12187"}],"wp:featuredmedia":[{"embeddable":true,"href":"https:\/\/www.fhycs.unam.edu.ar\/portada\/wp-json\/wp\/v2\/media\/12099"}],"wp:attachment":[{"href":"https:\/\/www.fhycs.unam.edu.ar\/portada\/wp-json\/wp\/v2\/media?parent=12098"}],"wp:term":[{"taxonomy":"category","embeddable":true,"href":"https:\/\/www.fhycs.unam.edu.ar\/portada\/wp-json\/wp\/v2\/categories?post=12098"},{"taxonomy":"post_tag","embeddable":true,"href":"https:\/\/www.fhycs.unam.edu.ar\/portada\/wp-json\/wp\/v2\/tags?post=12098"}],"curies":[{"name":"wp","href":"https:\/\/api.w.org\/{rel}","templated":true}]}}