{"id":13754,"date":"2017-04-20T08:04:29","date_gmt":"2017-04-20T11:04:29","guid":{"rendered":"http:\/\/www.fhycs.unam.edu.ar\/portada\/?p=13754"},"modified":"2017-04-20T16:58:00","modified_gmt":"2017-04-20T19:58:00","slug":"jornada-de-internacionalizacion-de-la-educacion-superior","status":"publish","type":"post","link":"https:\/\/www.fhycs.unam.edu.ar\/portada\/jornada-de-internacionalizacion-de-la-educacion-superior\/","title":{"rendered":"Jornada de Internacionalizaci\u00f3n de la Educaci\u00f3n Superior en la UNaM"},"content":{"rendered":"<p style=\"text-align: justify;\"><img loading=\"lazy\" class=\"size-medium wp-image-13777 alignleft\" src=\"https:\/\/www.fhycs.unam.edu.ar\/portada\/wp-content\/uploads\/2017\/04\/internacionalizar-300x198.jpg\" alt=\"\" width=\"300\" height=\"198\" srcset=\"https:\/\/www.fhycs.unam.edu.ar\/portada\/wp-content\/uploads\/2017\/04\/internacionalizar-300x198.jpg 300w, https:\/\/www.fhycs.unam.edu.ar\/portada\/wp-content\/uploads\/2017\/04\/internacionalizar.jpg 560w\" sizes=\"(max-width: 300px) 100vw, 300px\" \/>Se trata de la <strong>Primera Jornada de Internacionalizaci\u00f3n de la Educaci\u00f3n Superior de la <a href=\"https:\/\/www.unam.edu.ar\/\" target=\"_blank\" rel=\"noopener noreferrer\">Universidad Nacional de Misiones<\/a> (UNaM) y es denominada\u00a0<em>&#8220;Situaci\u00f3n actual y perspectivas, an\u00e1lisis de casos\u201d.<\/em><\/strong><\/p>\n<p style=\"text-align: justify;\">\u00a0 <!--more--><\/p>\n<blockquote>\n<p style=\"text-align: right;\"><span style=\"color: #008080;\"><strong>Se realizar\u00e1 el lunes 24 de abril en el Campus Universitario, en la Sala del Consejo Superior.<\/strong><\/span><\/p>\n<\/blockquote>\n<p style=\"text-align: justify;\">Las Jornadas son Organizadas por el <a href=\"https:\/\/www.unam.edu.ar\/index.php\/la-unam\/internacionales\" target=\"_blank\" rel=\"noopener noreferrer\"><strong>Programa de Relaciones Internacionales e Integraci\u00f3n Regional-RIeIR de la UNaM.<\/strong><\/a> El programa de actividades se extender\u00e1 de <strong>10:00 a 14.00<\/strong> <strong>horas<\/strong>,\u00a0 contando con la asistencia de varios invitados que compartir\u00e1n sus puntos de vista sobre las cuestiones de relaciones internacionales.<br \/>\nDel encuentro participar\u00e1 el Dr. <strong>Hugo H\u00e9ctor Mart\u00ednez<\/strong>, coordinador de Relaciones Internacionales e Integraci\u00f3n Regional Universitaria de la Universidad Nacional de Cuyo (UNC), en m\u00e9rito a su reconocida\u00a0 trayectoria en internacionalizaci\u00f3n de la educaci\u00f3n superior.<br \/>\nTambi\u00e9n expondr\u00e1 la licenciada <strong>Marina Larrea<\/strong>, coordinadora del Programa de Internacionalizaci\u00f3n de la Educaci\u00f3n Superior y Cooperaci\u00f3n Internacional de la <a href=\"http:\/\/portales.educacion.gov.ar\/spu\/\" target=\"_blank\" rel=\"noopener noreferrer\"><strong>Secretar\u00eda de Pol\u00edticas Universitarias<\/strong> <\/a>(PIESCI-SPU).<\/p>\n<h6 style=\"text-align: justify;\"><strong>Visitas internacionales<\/strong><\/h6>\n<p style=\"text-align: justify;\">Asimismo el\u00a0 Director General del Campus Madianeira, de la Universidad Tecnol\u00f3gica Federal de Paran\u00e1, Brasil, doctor\u00a0 <strong>Flavio F\u00e9lix Pauli<\/strong>, disertar\u00e1\u00a0 sobre la experiencia de vinculaci\u00f3n con la UNaM.<br \/>\nEl principal objetivo de la Jornada es conocer la situaci\u00f3n actual y las perspectivas de la internacionalizaci\u00f3n de la Educaci\u00f3n Superior en la Argentina y la experiencia\u00a0 concreta en movilidad y dobles titulaciones en carreras de grado y posgrado.<br \/>\nLas presentaciones est\u00e1n destinadas a los funcionarios, profesores, no docentes y estudiantes de la UNaM,\u00a0 con posterior debate e intercambio de ideas con los presentes. Est\u00e1n invitados a participar, universidades de la regi\u00f3n como ser la Universidad Federal de Integraci\u00f3n Latinoamericana (UNILA\/Brasil),\u00a0 la Universidad Nacional de Itap\u00faa (UNI\/Paraguay) y la Universidad Federal de la Frontera Sur (UFFS\/ Brasil).<\/p>\n<p style=\"text-align: justify;\">(Fuente: www.unam.edu.ar)<\/p>\n","protected":false},"excerpt":{"rendered":"<p>Se trata de la Primera Jornada de Internacionalizaci\u00f3n de la Educaci\u00f3n Superior de la Universidad Nacional de Misiones (UNaM) y es denominada\u00a0&#8220;Situaci\u00f3n actual y perspectivas, an\u00e1lisis de casos\u201d. \u00a0<\/p>\n","protected":false},"author":10,"featured_media":13777,"comment_status":"open","ping_status":"closed","sticky":false,"template":"","format":"standard","meta":{"extendify_custom_stylesheet":""},"categories":[1428],"tags":[5],"_links":{"self":[{"href":"https:\/\/www.fhycs.unam.edu.ar\/portada\/wp-json\/wp\/v2\/posts\/13754"}],"collection":[{"href":"https:\/\/www.fhycs.unam.edu.ar\/portada\/wp-json\/wp\/v2\/posts"}],"about":[{"href":"https:\/\/www.fhycs.unam.edu.ar\/portada\/wp-json\/wp\/v2\/types\/post"}],"author":[{"embeddable":true,"href":"https:\/\/www.fhycs.unam.edu.ar\/portada\/wp-json\/wp\/v2\/users\/10"}],"replies":[{"embeddable":true,"href":"https:\/\/www.fhycs.unam.edu.ar\/portada\/wp-json\/wp\/v2\/comments?post=13754"}],"version-history":[{"count":8,"href":"https:\/\/www.fhycs.unam.edu.ar\/portada\/wp-json\/wp\/v2\/posts\/13754\/revisions"}],"predecessor-version":[{"id":13792,"href":"https:\/\/www.fhycs.unam.edu.ar\/portada\/wp-json\/wp\/v2\/posts\/13754\/revisions\/13792"}],"wp:featuredmedia":[{"embeddable":true,"href":"https:\/\/www.fhycs.unam.edu.ar\/portada\/wp-json\/wp\/v2\/media\/13777"}],"wp:attachment":[{"href":"https:\/\/www.fhycs.unam.edu.ar\/portada\/wp-json\/wp\/v2\/media?parent=13754"}],"wp:term":[{"taxonomy":"category","embeddable":true,"href":"https:\/\/www.fhycs.unam.edu.ar\/portada\/wp-json\/wp\/v2\/categories?post=13754"},{"taxonomy":"post_tag","embeddable":true,"href":"https:\/\/www.fhycs.unam.edu.ar\/portada\/wp-json\/wp\/v2\/tags?post=13754"}],"curies":[{"name":"wp","href":"https:\/\/api.w.org\/{rel}","templated":true}]}}