{"id":13801,"date":"2017-04-21T13:21:45","date_gmt":"2017-04-21T16:21:45","guid":{"rendered":"http:\/\/www.fhycs.unam.edu.ar\/portada\/?p=13801"},"modified":"2017-04-21T18:17:57","modified_gmt":"2017-04-21T21:17:57","slug":"ultima-semana-de-abril-cargada-de-conferencias-en-la-fhycs","status":"publish","type":"post","link":"https:\/\/www.fhycs.unam.edu.ar\/portada\/ultima-semana-de-abril-cargada-de-conferencias-en-la-fhycs\/","title":{"rendered":"\u00daltima semana de abril cargada de conferencias en la FHyCS"},"content":{"rendered":"<p style=\"text-align: justify;\"><img loading=\"lazy\" class=\"size-medium wp-image-13806 alignleft\" src=\"https:\/\/www.fhycs.unam.edu.ar\/portada\/wp-content\/uploads\/2017\/04\/Afiche-conferencias-300x214.jpg\" alt=\"\" width=\"300\" height=\"214\" srcset=\"https:\/\/www.fhycs.unam.edu.ar\/portada\/wp-content\/uploads\/2017\/04\/Afiche-conferencias-300x214.jpg 300w, https:\/\/www.fhycs.unam.edu.ar\/portada\/wp-content\/uploads\/2017\/04\/Afiche-conferencias-768x548.jpg 768w, https:\/\/www.fhycs.unam.edu.ar\/portada\/wp-content\/uploads\/2017\/04\/Afiche-conferencias-1024x731.jpg 1024w, https:\/\/www.fhycs.unam.edu.ar\/portada\/wp-content\/uploads\/2017\/04\/Afiche-conferencias-600x428.jpg 600w, https:\/\/www.fhycs.unam.edu.ar\/portada\/wp-content\/uploads\/2017\/04\/Afiche-conferencias.jpg 1600w\" sizes=\"(max-width: 300px) 100vw, 300px\" \/>En la cuarta semana de este mes la Facultad de Humanidades y Ciencias Sociales contar\u00e1 con el honor de recibir a tres ilustres disertantes: el <strong>Dr. Omar Acha<\/strong> (Investigador Independiente del CONICET), la <strong>Dra. Dora Barrancos<\/strong>(Miembro del Directorio del CONICET) y el <strong>Dr. Trist\u00e1n Platt<\/strong> (St. Andrews University). Todas las conferencias se realizar\u00e1n en el SUM del Edificio Juan Figueredo (Col\u00f3n 2368, 1\u00ba Piso).<!--more--><\/p>\n<p style=\"text-align: right;\"><span style=\"color: #008080;\"><strong>Conferencia Dr. Acha: Lunes 24 de abril,\u00a0 19:00 hs.<\/strong><\/span><\/p>\n<p style=\"text-align: right;\"><strong><span style=\"color: #008080;\">Conferencia Dra. Barrancso: Jueves 27 de abril, 16:30 horas.<\/span><\/strong><\/p>\n<p style=\"text-align: right;\"><span style=\"color: #008080;\"><strong>Conferencia Dr. Platt<em>: <\/em>Viernes 28\/04,\u00a0 19:00 hs.<\/strong><\/span><\/p>\n<p style=\"text-align: center;\"><strong>Omar Acha: Historia pol\u00edtica y g\u00e9nero<\/strong><\/p>\n<p style=\"text-align: justify;\">Esta serie de actividades comenzar\u00e1 el d\u00eda lunes con la charla <strong>\u201cLas sirvientas asesinas. El estudio del peronismo y la historiograf\u00eda de g\u00e9nero\/sexualidad durante las \u00faltimas dos d\u00e9cadas en la Argentina\u201d<\/strong> a cargo del <strong>Dr. Omar Acha<\/strong>.<\/p>\n<p style=\"text-align: justify;\"><img loading=\"lazy\" class=\"size-medium wp-image-13811 alignleft\" src=\"https:\/\/www.fhycs.unam.edu.ar\/portada\/wp-content\/uploads\/2017\/04\/Acha-Cut-300x208.jpg\" alt=\"\" width=\"300\" height=\"208\" srcset=\"https:\/\/www.fhycs.unam.edu.ar\/portada\/wp-content\/uploads\/2017\/04\/Acha-Cut-300x208.jpg 300w, https:\/\/www.fhycs.unam.edu.ar\/portada\/wp-content\/uploads\/2017\/04\/Acha-Cut.jpg 418w\" sizes=\"(max-width: 300px) 100vw, 300px\" \/>El disertante es doctor por la Universidad de Buenos Aires y por la Escuela de Altos Estudios en Ciencias Sociales (Francia). Es Investigador Independiente en el CONICET, e Investigador Asociado en el Centro de Investigaciones Filos\u00f3ficas. Ha obtenido el Premio Internacional en Historia, otorgado por el Departamento de Historia de la UBA en 2005, y el Premio Nacional de Cultura en 2015. Entre sus libros se pueden mencionar, en relaci\u00f3n a temas de su conferencia: El sexo de la historia. Intervenciones de g\u00e9nero para una cr\u00edtica antiesencialista de la historiograf\u00eda (2000); la compilaci\u00f3n junto a Paula Halperin, Cuerpos, g\u00e9neros e identidades. Estudios de historia de g\u00e9nero en Argentina (2000); Freud y el problema de la historia (2007), Cr\u00f3nica sentimental de la Argentina peronista (2013), y las compilaciones en colaboraci\u00f3n con Mauro Vallejo, Inconsciente e historia despu\u00e9s de Freud (2010), y con Nicol\u00e1s Quiroga, El hecho maldito. Conversaciones para otra historia del peronismo (2012).<\/p>\n<p style=\"text-align: justify;\"><strong>Acha en sus palabras:<\/strong><\/p>\n<p style=\"text-align: justify;\"><em>\u201cNi antes ni despu\u00e9s del primer peronismo es \u00fatil apelar a juicios modernizantes ni morales abstractas de progreso en la sociabilidad. Mutaciones enormes, cuya din\u00e1mica cosificada regulaba la l\u00f3gica del capital, fraguaron planos de conflicto en el que se enervaron las tecnolog\u00eda del g\u00e9nero, los cortes del sexo, la explotaci\u00f3n de clase, los proyectos de inclusi\u00f3n social, la movilizaci\u00f3n pol\u00edtica, dando paso a nuevas forjas cr\u00edticas, y en modo alguno a modernizaciones m\u00e1s o menos fallidas, o a democratizaciones m\u00e1s o menos coherentes.\u201d (Cr\u00f3nica sentimental de la Argentina peronista. Sexo, inconsciente e ideolog\u00eda, 1945-1955)<\/em><\/p>\n<p style=\"text-align: center;\"><strong>Dora Barrancos: Ciencia y g\u00e9nero<\/strong><\/p>\n<p style=\"text-align: justify;\"><img loading=\"lazy\" class=\"size-medium wp-image-13810 alignleft\" src=\"https:\/\/www.fhycs.unam.edu.ar\/portada\/wp-content\/uploads\/2017\/04\/Dora-B-300x200.jpg\" alt=\"\" width=\"300\" height=\"200\" srcset=\"https:\/\/www.fhycs.unam.edu.ar\/portada\/wp-content\/uploads\/2017\/04\/Dora-B-300x200.jpg 300w, https:\/\/www.fhycs.unam.edu.ar\/portada\/wp-content\/uploads\/2017\/04\/Dora-B.jpg 450w\" sizes=\"(max-width: 300px) 100vw, 300px\" \/>El jueves la <strong>Dra. Dora Barrancos<\/strong> brindar\u00e1 su disertaci\u00f3n <strong>&#8220;Ciencia, Sociedad y Mujeres&#8221; <\/strong>en el marco del \u201cII Ciclo de Conferencias: Ciencia y Sociedad\u201d. <strong>Barrancos<\/strong> es Directora del Consejo Nacional de Investigaciones Cient\u00edficas y T\u00e9cnicas (CONICET) en representaci\u00f3n de las Ciencias Sociales y Humanas. Licenciada en Sociolog\u00eda por la Universidad de Buenos Aires (UBA), Magister en Educaci\u00f3n por la Universidad Federal de Minas Gerais, Brasil, y Doctora en Historia por la Unicamp, Brasil. Como historiadora, Dora Barrancos se ha dedicado a estudiar la agencia femenina y el feminismo en la Argentina, los conflictos y las revoluciones privadas llevadas a cabo por las mujeres, los movimientos sociales de principios de siglo, los movimientos socialistas y anarquistas, el rol de la educaci\u00f3n en la historia argentina, as\u00ed como aspectos de la historia pol\u00edtica.<\/p>\n<p style=\"text-align: justify;\"><strong>Barrancos en sus palabras:<\/strong><\/p>\n<p style=\"text-align: justify;\"><em>\u201cLa persistencia de la incompletud de la ciudadan\u00eda femenina tiene su fundamento, pues, en las dificultades para asignar a las mujeres el estatuto de\u00a0 individuos\u00a0 y\u00a0 en\u00a0 imposibilidad\u00a0 consecuente\u00a0 de\u00a0 reunir\u00a0 las\u00a0 esferas,\u00a0 de\u00a0\u00a0 reasignarles\u00a0 axiolog\u00edas\u00a0 y\u00a0 especialmente\u00a0 de\u00a0 transformar\u00a0 los\u00a0 papeles\u00a0 de\u00a0 los\u00a0\u00a0 varones. Creo\u00a0 que\u00a0 las\u00a0 feministas\u00a0 hemos\u00a0 reclamado\u00a0 mucho\u00a0 por\u00a0 nuestros\u00a0\u00a0 cambios\u00a0 de\u00a0 papel,\u00a0 pero\u00a0 aun \u00a0depar\u00e1ndonos\u00a0 con\u00a0 el\u00a0 problema\u00a0 de\u00a0 las\u00a0 esferas,\u00a0 G\u00e9nero y Ciudadan\u00eda en la Argentina no\u00a0 hemos\u00a0 insistido\u00a0 lo\u00a0 suficiente\u00a0 en\u00a0 la\u00a0 necesidad\u00a0 de\u00a0 transformaci\u00f3n de\u00a0 los varones.\u201d(G\u00e9nero Y Ciudadan\u00eda en La Argentina. En Iberoamericana. Nordic Journal of Latin American and Caribbean Studies Vol. XLI: 1-2, 2011)<\/em><\/p>\n<p style=\"text-align: center;\"><strong>Tristan Platt: Etnograf\u00edas en el altiplano<\/strong><\/p>\n<p style=\"text-align: justify;\"><img loading=\"lazy\" class=\"size-medium wp-image-13812 alignleft\" src=\"https:\/\/www.fhycs.unam.edu.ar\/portada\/wp-content\/uploads\/2017\/04\/Platt-275x300.jpg\" alt=\"\" width=\"275\" height=\"300\" srcset=\"https:\/\/www.fhycs.unam.edu.ar\/portada\/wp-content\/uploads\/2017\/04\/Platt-275x300.jpg 275w, https:\/\/www.fhycs.unam.edu.ar\/portada\/wp-content\/uploads\/2017\/04\/Platt.jpg 323w\" sizes=\"(max-width: 275px) 100vw, 275px\" \/>Y para finalizar la semana, el <strong>Dr. Tristan Platt<\/strong> <strong>dar\u00e1 la conferencia<\/strong><strong> \u201c<\/strong><em><strong>El feto agresivo: Parto, Formaci\u00f3n de la persona y mito-historia en Los Andes\u201d <\/strong><\/em><\/p>\n<p style=\"text-align: justify;\"><strong>Platt<\/strong> estudi\u00f3 Lenguas Cl\u00e1sicas, Historia, Filosof\u00eda y Antropolog\u00eda Social en London School of Economics, University.\u00a0 Es Profesor Em\u00e9rito del Departamento de Antropolog\u00eda Social de la Universidad de Saint Andrews (Escocia, GB). Es experto en problem\u00e1ticas hist\u00f3ricas y antropol\u00f3gicas del mundo andino, su textualidad, memorias y mitolog\u00edas en contexto de colonialismo y postcolonialismo.<\/p>\n<p style=\"text-align: justify;\"><strong>Platt en sus palabras:<\/strong><\/p>\n<p style=\"text-align: justify;\"><em>\u201cEl pasado nunca vuelve, pero si se interroga puede suscitar nuevas capacidades de respuesta. En este sentido, las sucesivas s\u00edntesis culturales logradas, antes de la invasi\u00f3n europea, por la sucesi\u00f3n de Estados y se\u00f1or\u00edos de la civilizaci\u00f3n andina (cuya complejidad est\u00e1n explorando los arque\u00f3logos y sus colegas), deben compararse con las nuevas fuentes de energ\u00eda creativa encontradas por la Europa renacentista mediante la interrogaci\u00f3n de su propia antig\u00fcedad grecoromana.&#8221; (En: Ra\u00edces de Am\u00e9rica: El mundo Aymara. Xavier, ALB\u00d3. Compilador. Madrid, Espa\u00f1a: UNESCO\/Alianza Editorial S.A.)<\/em><\/p>\n<p style=\"text-align: justify;\">Los eventos son <strong>organizado<\/strong>s por la Secretar\u00eda de Extensi\u00f3n y Vinculaci\u00f3n Tecnol\u00f3gica, la Secretar\u00eda de Investigaci\u00f3n y Postgrado, el Departamento de Antropolog\u00eda Social, el Ciclo de Conferencias Ciencia y Sociedad, el \u00a0Ciclo Perspectivas en Antropolog\u00eda y Etnograf\u00eda (PAyE), el Centro de Estudios Hist\u00f3ricos, el Programa de Postgrado en Antropolog\u00eda Social de la FHyCS-UNaM y el Programa Universitario de Historia Argentina y Latinoamericana (Min. De Educaci\u00f3n, Secretar\u00eda de Pol\u00edticas Universitarias Res. No 2260).<\/p>\n","protected":false},"excerpt":{"rendered":"<p>En la cuarta semana de este mes la Facultad de Humanidades y Ciencias Sociales contar\u00e1 con el honor de recibir a tres ilustres disertantes: el Dr. Omar Acha (Investigador Independiente del CONICET), la Dra. Dora Barrancos(Miembro del Directorio del CONICET) y el Dr. Trist\u00e1n Platt (St. Andrews University). Todas las conferencias se realizar\u00e1n en el [&hellip;]<\/p>\n","protected":false},"author":6,"featured_media":13840,"comment_status":"open","ping_status":"closed","sticky":false,"template":"","format":"standard","meta":{"extendify_custom_stylesheet":""},"categories":[1428,36,794],"tags":[7,2243,2196,2219],"_links":{"self":[{"href":"https:\/\/www.fhycs.unam.edu.ar\/portada\/wp-json\/wp\/v2\/posts\/13801"}],"collection":[{"href":"https:\/\/www.fhycs.unam.edu.ar\/portada\/wp-json\/wp\/v2\/posts"}],"about":[{"href":"https:\/\/www.fhycs.unam.edu.ar\/portada\/wp-json\/wp\/v2\/types\/post"}],"author":[{"embeddable":true,"href":"https:\/\/www.fhycs.unam.edu.ar\/portada\/wp-json\/wp\/v2\/users\/6"}],"replies":[{"embeddable":true,"href":"https:\/\/www.fhycs.unam.edu.ar\/portada\/wp-json\/wp\/v2\/comments?post=13801"}],"version-history":[{"count":12,"href":"https:\/\/www.fhycs.unam.edu.ar\/portada\/wp-json\/wp\/v2\/posts\/13801\/revisions"}],"predecessor-version":[{"id":13841,"href":"https:\/\/www.fhycs.unam.edu.ar\/portada\/wp-json\/wp\/v2\/posts\/13801\/revisions\/13841"}],"wp:featuredmedia":[{"embeddable":true,"href":"https:\/\/www.fhycs.unam.edu.ar\/portada\/wp-json\/wp\/v2\/media\/13840"}],"wp:attachment":[{"href":"https:\/\/www.fhycs.unam.edu.ar\/portada\/wp-json\/wp\/v2\/media?parent=13801"}],"wp:term":[{"taxonomy":"category","embeddable":true,"href":"https:\/\/www.fhycs.unam.edu.ar\/portada\/wp-json\/wp\/v2\/categories?post=13801"},{"taxonomy":"post_tag","embeddable":true,"href":"https:\/\/www.fhycs.unam.edu.ar\/portada\/wp-json\/wp\/v2\/tags?post=13801"}],"curies":[{"name":"wp","href":"https:\/\/api.w.org\/{rel}","templated":true}]}}