{"id":13820,"date":"2017-04-21T17:26:49","date_gmt":"2017-04-21T20:26:49","guid":{"rendered":"http:\/\/www.fhycs.unam.edu.ar\/portada\/?p=13820"},"modified":"2017-05-12T15:06:28","modified_gmt":"2017-05-12T18:06:28","slug":"se-realizara-el-primer-congreso-regional-de-estudiantes-de-educacion-superior-en-posadas","status":"publish","type":"post","link":"https:\/\/www.fhycs.unam.edu.ar\/portada\/se-realizara-el-primer-congreso-regional-de-estudiantes-de-educacion-superior-en-posadas\/","title":{"rendered":"Se realizar\u00e1 el Primer Congreso Regional de Estudiantes de Educaci\u00f3n Superior en Posadas"},"content":{"rendered":"<p style=\"text-align: justify;\"><img loading=\"lazy\" class=\"size-medium wp-image-14019 alignleft\" src=\"https:\/\/www.fhycs.unam.edu.ar\/portada\/wp-content\/uploads\/2017\/04\/WhatsApp-Image-2017-04-04-at-06.54.17-315x157-1-300x150.jpeg\" alt=\"\" width=\"300\" height=\"150\" srcset=\"https:\/\/www.fhycs.unam.edu.ar\/portada\/wp-content\/uploads\/2017\/04\/WhatsApp-Image-2017-04-04-at-06.54.17-315x157-1-300x150.jpeg 300w, https:\/\/www.fhycs.unam.edu.ar\/portada\/wp-content\/uploads\/2017\/04\/WhatsApp-Image-2017-04-04-at-06.54.17-315x157-1.jpeg 315w\" sizes=\"(max-width: 300px) 100vw, 300px\" \/><\/p>\n<p style=\"text-align: justify;\">Denominado<strong><a href=\"https:\/\/www.fhycs.unam.edu.ar\/portada\/el-recrear17-busca-visibilizar-la-produccion-de-las-universidades\/\" target=\"_blank\" rel=\"noopener noreferrer\"> <em>Recrear 2017<\/em>\u00a0pretende generar un espacio en el que se propicie el intercambio<\/a> <\/strong>de puntos de vista, para lograr el di\u00e1logo y una mirada cr\u00edtica a la realidad, de manera tal que permita desnaturalizar pr\u00e1cticas que forman parte de la realidad y que los futuros graduados de la educaci\u00f3n superior no pueden desconocer.<!--more--><\/p>\n<blockquote>\n<p style=\"text-align: right;\"><span style=\"color: #008080;\"><strong>18 y 19 de Mayo en el Centro del Conocimiento<\/strong><\/span><\/p>\n<\/blockquote>\n<p style=\"text-align: justify;\">El <strong><em>Recrear 2017<\/em><\/strong>\u00a0est\u00e1 integrado por un grupo de personas cuyo objetivo primordial es fortalecer el involucramiento de los estudiantes del nivel superior universitario y no universitario en los procesos democr\u00e1ticos de nuestra regi\u00f3n, partiendo de las problem\u00e1ticas sociopol\u00edticas de las cuales somos parte como sujetos sociales, para construir y crear proyectos que permitan propiciar su participaci\u00f3n activa en la esfera p\u00fablica, en la toma de decisiones y en el proceso de integraci\u00f3n regional.<\/p>\n<p><code><iframe loading=\"lazy\" src=\"https:\/\/www.youtube.com\/embed\/X2ZlrKOQFs8\" width=\"560\" height=\"315\" frameborder=\"0\" allowfullscreen=\"allowfullscreen\"><\/iframe><\/code><\/p>\n<p style=\"text-align: justify;\">El organismo de referencia de este congreso es el <strong>Parlamento Juvenil de Am\u00e9rica<\/strong>, que en Argentina es representado por un equipo de trabajo que cuenta con el \u00a0aval de la <strong>C\u00e1mara<\/strong><strong> de Representante de la Provincia de Misiones<\/strong>, donde tambi\u00e9n es referente institucional la <strong>Facultad<\/strong><strong> de Humanidades y Ciencias Sociales<\/strong> de la Universidad Nacional de Misiones.<\/p>\n<p style=\"text-align: justify;\">El Congreso pretende convocar a estudiantes del nivel superior a presentar proyectos o relatos de experiencias innovadoras enmarcadas en los ejes de trabajo planteados para el a\u00f1o 2017.<\/p>\n<h6 style=\"text-align: justify;\"><strong>Ejes de trabajo<\/strong><\/h6>\n<p style=\"text-align: justify;\">En el Congreso se trabajara sobre tres ejes:<strong> Educaci\u00f3n, Sociedad y Medio Ambiente <\/strong>e <strong>Integraci\u00f3n Regional<\/strong>. Cada eje tendr\u00e1 tem\u00e1ticas de discusi\u00f3n que permitan recuperar proyectos y experiencias educativas formales y no formales vinculadas.<\/p>\n<p style=\"text-align: justify;\">Los Ejes de trabajo y sus tem\u00e1ticas son los que a continuaci\u00f3n se detallan:<\/p>\n<ul>\n<li style=\"text-align: justify;\">Eje 1: <strong>Educaci\u00f3n<\/strong> (Ciencia y Tecnolog\u00eda, \u00a0Educaci\u00f3n Emocional, J\u00f3venes Universitarios, Investigaci\u00f3n Cientifica , Extensi\u00f3n Universitaria).<\/li>\n<li style=\"text-align: justify;\">Eje 2: <strong>Sociedad y Medio Ambiente<\/strong> (Participaci\u00f3n pol\u00edtica,\u00a0 Diversidad, G\u00e9nero).<\/li>\n<li style=\"text-align: justify;\">Eje 3: <strong>Integraci\u00f3n Regional<\/strong> (Econom\u00eda, Cultura Pol\u00edtica, Migraciones, Interculturalidad, DD.HH .)<\/li>\n<\/ul>\n<h6><strong>Programa Completo:<\/strong><\/h6>\n<iframe src=\"\/\/docs.google.com\/viewer?url=https%3A%2F%2Fwww.fhycs.unam.edu.ar%2Fportada%2Fwp-content%2Fuploads%2F2017%2F04%2FCongreso-Regional-Versi%C3%B3n-Abril-2017-.doc&hl=es&embedded=true\" class=\"gde-frame\" style=\"width:100%; height:500px; border: none;\" scrolling=\"no\"><\/iframe>\n<p class=\"gde-text\"><a href=\"https:\/\/www.fhycs.unam.edu.ar\/portada\/wp-content\/uploads\/2017\/04\/Congreso-Regional-Versi\u00f3n-Abril-2017-.doc\" class=\"gde-link\">Descargar (DOC, Desconocido)<\/a><\/p>\n<blockquote>\n<h6 style=\"text-align: center;\">Contactos:<\/h6>\n<p style=\"text-align: center;\"><a href=\"https:\/\/www.facebook.com\/recrear17\/\" target=\"_blank\" rel=\"noopener noreferrer\"><strong>Facebook<\/strong> <\/a><\/p>\n<p style=\"text-align: center;\"><a href=\"https:\/\/www.facebook.com\/events\/1308730539214308\/\" target=\"_blank\" rel=\"noopener noreferrer\"><strong>Evento<\/strong><\/a><\/p>\n<\/blockquote>\n","protected":false},"excerpt":{"rendered":"<p>Denominado Recrear 2017\u00a0pretende generar un espacio en el que se propicie el intercambio de puntos de vista, para lograr el di\u00e1logo y una mirada cr\u00edtica a la realidad, de manera tal que permita desnaturalizar pr\u00e1cticas que forman parte de la realidad y que los futuros graduados de la educaci\u00f3n superior no pueden desconocer.<\/p>\n","protected":false},"author":5,"featured_media":14017,"comment_status":"open","ping_status":"closed","sticky":false,"template":"","format":"standard","meta":{"extendify_custom_stylesheet":""},"categories":[39,2244,10,2,1854],"tags":[2246,5,2165,2245],"_links":{"self":[{"href":"https:\/\/www.fhycs.unam.edu.ar\/portada\/wp-json\/wp\/v2\/posts\/13820"}],"collection":[{"href":"https:\/\/www.fhycs.unam.edu.ar\/portada\/wp-json\/wp\/v2\/posts"}],"about":[{"href":"https:\/\/www.fhycs.unam.edu.ar\/portada\/wp-json\/wp\/v2\/types\/post"}],"author":[{"embeddable":true,"href":"https:\/\/www.fhycs.unam.edu.ar\/portada\/wp-json\/wp\/v2\/users\/5"}],"replies":[{"embeddable":true,"href":"https:\/\/www.fhycs.unam.edu.ar\/portada\/wp-json\/wp\/v2\/comments?post=13820"}],"version-history":[{"count":10,"href":"https:\/\/www.fhycs.unam.edu.ar\/portada\/wp-json\/wp\/v2\/posts\/13820\/revisions"}],"predecessor-version":[{"id":14348,"href":"https:\/\/www.fhycs.unam.edu.ar\/portada\/wp-json\/wp\/v2\/posts\/13820\/revisions\/14348"}],"wp:featuredmedia":[{"embeddable":true,"href":"https:\/\/www.fhycs.unam.edu.ar\/portada\/wp-json\/wp\/v2\/media\/14017"}],"wp:attachment":[{"href":"https:\/\/www.fhycs.unam.edu.ar\/portada\/wp-json\/wp\/v2\/media?parent=13820"}],"wp:term":[{"taxonomy":"category","embeddable":true,"href":"https:\/\/www.fhycs.unam.edu.ar\/portada\/wp-json\/wp\/v2\/categories?post=13820"},{"taxonomy":"post_tag","embeddable":true,"href":"https:\/\/www.fhycs.unam.edu.ar\/portada\/wp-json\/wp\/v2\/tags?post=13820"}],"curies":[{"name":"wp","href":"https:\/\/api.w.org\/{rel}","templated":true}]}}