{"id":15371,"date":"2017-06-30T21:10:22","date_gmt":"2017-07-01T00:10:22","guid":{"rendered":"http:\/\/www.fhycs.unam.edu.ar\/portada\/?p=15371"},"modified":"2017-06-30T22:11:29","modified_gmt":"2017-07-01T01:11:29","slug":"la-fhycs-espera-que-los-estudiantes-puedan-acceder-a-las-mesas-de-examen","status":"publish","type":"post","link":"https:\/\/www.fhycs.unam.edu.ar\/portada\/la-fhycs-espera-que-los-estudiantes-puedan-acceder-a-las-mesas-de-examen\/","title":{"rendered":"La FHyCS espera que los estudiantes puedan acceder a las mesas de examen y que se resuelva el conflicto gremial de los docentes"},"content":{"rendered":"<p style=\"text-align: justify;\"><img loading=\"lazy\" class=\"alignleft size-medium wp-image-15372\" src=\"https:\/\/www.fhycs.unam.edu.ar\/portada\/wp-content\/uploads\/2017\/06\/UNAM1-300x206-300x206.jpg\" alt=\"\" width=\"300\" height=\"206\" \/>Desde el <strong>Decanato de la Facultad de Humanidades y Ciencias Sociales<\/strong>, emitieron hoy un <strong><a href=\"https:\/\/www.fhycs.unam.edu.ar\/portada\/wp-content\/uploads\/2017\/06\/SOBRE-SITUCI\u00d3N-DE-TOMA-DE-EXAMEN.jpg\" target=\"_blank\" rel=\"noopener\">comunicado<\/a><\/strong> donde aclaran que el<strong>\u00a0<a href=\"https:\/\/www.fhycs.unam.edu.ar\/portada\/calendario-academico-2017\/\" target=\"_blank\" rel=\"noopener\">primer\u00a0llamado a ex\u00e1menes previsto para Julio por el calendario acad\u00e9mico<\/a> <\/strong>contin\u00faa<strong>\u00a0<\/strong>vigente y comenzar\u00e1 el pr\u00f3ximo 3 de julio. Las autoridades de la facultad conf\u00edan que los gremios y la patronal puedan en llegar a un acuerdo para que los estudiantes no deban que perder sus mesas de examen. En ese sentido, hoy a la par los estudiantes llevaron adelante una <strong>jornada por la Educaci\u00f3n P\u00fablica y la defensa de los Derechos Humanos frente a la facultad.<\/strong><!--more--><\/p>\n<p style=\"text-align: justify;\">El conflicto entre los Docentes Universitarios y el Ministerio de Educaci\u00f3n de la Naci\u00f3n sigue desde el inicio del ciclo lectivo. El 22 de junio uno de los gremios del sector anunci\u00f3 que no tomar\u00e1n los ex\u00e1menes de julio y no comenzar\u00e1n el ciclo lectivo en el segundo semestre de no alcanzar un acuerdo en la mesa de paritarias.<\/p>\n<p><img loading=\"lazy\" class=\"size-medium wp-image-15373 alignright\" style=\"text-align: justify;\" src=\"https:\/\/www.fhycs.unam.edu.ar\/portada\/wp-content\/uploads\/2017\/06\/Por-la-educaci\u00f3n-p\u00fablica-y-los-ddhh-5-300x225.jpg\" alt=\"\" width=\"300\" height=\"225\" srcset=\"https:\/\/www.fhycs.unam.edu.ar\/portada\/wp-content\/uploads\/2017\/06\/Por-la-educaci\u00f3n-p\u00fablica-y-los-ddhh-5-300x225.jpg 300w, https:\/\/www.fhycs.unam.edu.ar\/portada\/wp-content\/uploads\/2017\/06\/Por-la-educaci\u00f3n-p\u00fablica-y-los-ddhh-5-768x576.jpg 768w, https:\/\/www.fhycs.unam.edu.ar\/portada\/wp-content\/uploads\/2017\/06\/Por-la-educaci\u00f3n-p\u00fablica-y-los-ddhh-5.jpg 1024w, https:\/\/www.fhycs.unam.edu.ar\/portada\/wp-content\/uploads\/2017\/06\/Por-la-educaci\u00f3n-p\u00fablica-y-los-ddhh-5-600x450.jpg 600w\" sizes=\"(max-width: 300px) 100vw, 300px\" \/><\/p>\n<p style=\"text-align: justify;\">El festival por la <strong>Educaci\u00f3n P\u00fablica y los Derechos Humanos<\/strong> es organizado por el <strong>Frente de Estudiantes por la Educaci\u00f3n P\u00fablica de la FHyCS<\/strong>, con el prop\u00f3sito de visibilizar las problem\u00e1ticas del ajuste en la educaci\u00f3n. Durante toda la tarde de este viernes realizaron rondas de debates y talleres abiertos para la comunidad.<\/p>\n<p style=\"text-align: justify;\">Desde el Decanato de la Facultad de Humanidades, esperan que en la mesa de paritarias de este martes 4 de julio los diferentes sectores puedan llegar a un acuerdo y as\u00ed se levanten las medidas de fuerza pactadas.<\/p>\n<p>&nbsp;<\/p>\n<h6><strong>El comunicado completo de las autoridades de la instituci\u00f3n\u00a0<\/strong><\/h6>\n<p><img loading=\"lazy\" class=\"alignleft wp-image-15375\" src=\"https:\/\/www.fhycs.unam.edu.ar\/portada\/wp-content\/uploads\/2017\/06\/SOBRE-SITUCI\u00d3N-DE-TOMA-DE-EXAMEN-300x296.jpg\" alt=\"\" width=\"608\" height=\"600\" srcset=\"https:\/\/www.fhycs.unam.edu.ar\/portada\/wp-content\/uploads\/2017\/06\/SOBRE-SITUCI\u00d3N-DE-TOMA-DE-EXAMEN-300x296.jpg 300w, https:\/\/www.fhycs.unam.edu.ar\/portada\/wp-content\/uploads\/2017\/06\/SOBRE-SITUCI\u00d3N-DE-TOMA-DE-EXAMEN-768x757.jpg 768w, https:\/\/www.fhycs.unam.edu.ar\/portada\/wp-content\/uploads\/2017\/06\/SOBRE-SITUCI\u00d3N-DE-TOMA-DE-EXAMEN-1024x1009.jpg 1024w, https:\/\/www.fhycs.unam.edu.ar\/portada\/wp-content\/uploads\/2017\/06\/SOBRE-SITUCI\u00d3N-DE-TOMA-DE-EXAMEN-600x591.jpg 600w, https:\/\/www.fhycs.unam.edu.ar\/portada\/wp-content\/uploads\/2017\/06\/SOBRE-SITUCI\u00d3N-DE-TOMA-DE-EXAMEN.jpg 1883w\" sizes=\"(max-width: 608px) 100vw, 608px\" \/><\/p>\n","protected":false},"excerpt":{"rendered":"<p>Desde el Decanato de la Facultad de Humanidades y Ciencias Sociales, emitieron hoy un comunicado donde aclaran que el\u00a0primer\u00a0llamado a ex\u00e1menes previsto para Julio por el calendario acad\u00e9mico contin\u00faa\u00a0vigente y comenzar\u00e1 el pr\u00f3ximo 3 de julio. Las autoridades de la facultad conf\u00edan que los gremios y la patronal puedan en llegar a un acuerdo para [&hellip;]<\/p>\n","protected":false},"author":5,"featured_media":15387,"comment_status":"open","ping_status":"closed","sticky":false,"template":"","format":"standard","meta":{"extendify_custom_stylesheet":""},"categories":[1262,2247,755,349],"tags":[2376,2497,1906,2496],"_links":{"self":[{"href":"https:\/\/www.fhycs.unam.edu.ar\/portada\/wp-json\/wp\/v2\/posts\/15371"}],"collection":[{"href":"https:\/\/www.fhycs.unam.edu.ar\/portada\/wp-json\/wp\/v2\/posts"}],"about":[{"href":"https:\/\/www.fhycs.unam.edu.ar\/portada\/wp-json\/wp\/v2\/types\/post"}],"author":[{"embeddable":true,"href":"https:\/\/www.fhycs.unam.edu.ar\/portada\/wp-json\/wp\/v2\/users\/5"}],"replies":[{"embeddable":true,"href":"https:\/\/www.fhycs.unam.edu.ar\/portada\/wp-json\/wp\/v2\/comments?post=15371"}],"version-history":[{"count":9,"href":"https:\/\/www.fhycs.unam.edu.ar\/portada\/wp-json\/wp\/v2\/posts\/15371\/revisions"}],"predecessor-version":[{"id":15386,"href":"https:\/\/www.fhycs.unam.edu.ar\/portada\/wp-json\/wp\/v2\/posts\/15371\/revisions\/15386"}],"wp:featuredmedia":[{"embeddable":true,"href":"https:\/\/www.fhycs.unam.edu.ar\/portada\/wp-json\/wp\/v2\/media\/15387"}],"wp:attachment":[{"href":"https:\/\/www.fhycs.unam.edu.ar\/portada\/wp-json\/wp\/v2\/media?parent=15371"}],"wp:term":[{"taxonomy":"category","embeddable":true,"href":"https:\/\/www.fhycs.unam.edu.ar\/portada\/wp-json\/wp\/v2\/categories?post=15371"},{"taxonomy":"post_tag","embeddable":true,"href":"https:\/\/www.fhycs.unam.edu.ar\/portada\/wp-json\/wp\/v2\/tags?post=15371"}],"curies":[{"name":"wp","href":"https:\/\/api.w.org\/{rel}","templated":true}]}}