{"id":15595,"date":"2017-07-06T11:45:54","date_gmt":"2017-07-06T14:45:54","guid":{"rendered":"http:\/\/www.fhycs.unam.edu.ar\/portada\/?p=15595"},"modified":"2017-07-25T08:46:53","modified_gmt":"2017-07-25T11:46:53","slug":"convocatoria-para-proyectos-profae-2017-unam","status":"publish","type":"post","link":"https:\/\/www.fhycs.unam.edu.ar\/portada\/convocatoria-para-proyectos-profae-2017-unam\/","title":{"rendered":"Convocatoria para proyectos PROFAE 2017"},"content":{"rendered":"<p><img loading=\"lazy\" class=\"size-medium wp-image-15598 alignleft\" src=\"https:\/\/www.fhycs.unam.edu.ar\/portada\/wp-content\/uploads\/2017\/07\/profae_plano_nl_opt-300x75.png\" alt=\"\" width=\"300\" height=\"75\" \/><\/p>\n<p style=\"text-align: justify;\">El<strong> Programa de Fortalecimiento a las Actividades de Extensi\u00f3n<\/strong> (PROFAE) de la <strong>Universidad Nacional de Misiones<\/strong> (UNaM) abre la convocatoria para la <strong>presentaci\u00f3n de proyectos 2017<\/strong>.<!--more--><\/p>\n<blockquote>\n<p style=\"text-align: right;\"><span style=\"color: #008080;\"><strong>Los proyectos deber\u00e1n ser presentados ante las Secretar\u00edas de Extensi\u00f3n de las Facultades y\/o Escuelas y el plazo es hasta el jueves 31 de agosto de 2017 inclusive.<\/strong><\/span><\/p>\n<\/blockquote>\n<p style=\"text-align: justify;\">Con el prop\u00f3sito de impulsar acciones, entre otras, relacionadas con la inclusi\u00f3n social y el mejoramiento de la calidad de vida de la poblaci\u00f3n, a trav\u00e9s de la educaci\u00f3n, el acceso a la informaci\u00f3n y la promoci\u00f3n de la cultura, la Secretar\u00eda General de Extensi\u00f3n Universitaria (SGEU) convoca a la presentaci\u00f3n de Proyectos de Extensi\u00f3n cuya <strong>resoluci\u00f3n es N\u00b0 1023\/17.<br \/>\n<\/strong><\/p>\n<p style=\"text-align: justify;\">Uno de los objetivos del programa es promover el desarrollo de proyectos de extensi\u00f3n, entendiendo como tales a propuestas de procesos transformadores de la realidad social, econ\u00f3mica y productiva de la regi\u00f3n, tendiente a mejorar la calidad de vida, la optimizaci\u00f3n del uso de los recursos productivos, la adecuada gesti\u00f3n y el desarrollo integral y sustentable de los diferentes sectores de la comunidad, realizando desde la universidad aportes te\u00f3ricos y estrat\u00e9gicos para afrontar la problem\u00e1tica social y cultural, y su pertinente transferencia de conocimientos a la comunidad.<\/p>\n<p style=\"text-align: justify;\">As\u00ed como adecuar el conocimiento acumulado y el capital humano disponible en la universidad para contribuir a la soluci\u00f3n de problemas cr\u00edticos que plantea el desarrollo social, econ\u00f3mico y cultural de la comunidad.<\/p>\n<p>Ejes para los proyectos:<br \/>\n<strong>1. Socio Comunitarios<\/strong><br \/>\n<strong>2. Socio Productivos<\/strong><br \/>\n<strong>3. Socio Culturales<\/strong><\/p>\n<p>Descargar\u00a0<a href=\"https:\/\/unam.edu.ar\/images\/NoticiasFotos\/res_1023_convocatoria_profae_2017.pdf\" target=\"_blank\" rel=\"alternate noopener noreferrer\">AQU\u00cd<\/a> la resoluci\u00f3n y pautas de la convocatoria,\u00a0 <a href=\"https:\/\/unam.edu.ar\/images\/NoticiasFotos\/form_para_presentacion_proy_profar2017_2.doc\" target=\"_blank\" rel=\"noopener noreferrer\">AQU\u00cd<\/a> el formulario de presentaci\u00f3n a la convocatoria.<br \/>\nPara m\u00e1s informaci\u00f3n e inscripci\u00f3n el interesado\/a debe dirigirse a la Secretaria de Extensi\u00f3n de su unidad acad\u00e9mica.<\/p>\n<p>(Fuente: p\u00e1gina de la <a href=\"https:\/\/unam.edu.ar\/index.php\/blog\/366-llamado-para-la-presentacion-de-proyectos-profae-2017\">Universidad Nacional de Misiones<\/a>)<\/p>\n","protected":false},"excerpt":{"rendered":"<p>El Programa de Fortalecimiento a las Actividades de Extensi\u00f3n (PROFAE) de la Universidad Nacional de Misiones (UNaM) abre la convocatoria para la presentaci\u00f3n de proyectos 2017.<\/p>\n","protected":false},"author":10,"featured_media":15712,"comment_status":"open","ping_status":"closed","sticky":false,"template":"","format":"standard","meta":{"extendify_custom_stylesheet":""},"categories":[772,1428],"tags":[5,102],"_links":{"self":[{"href":"https:\/\/www.fhycs.unam.edu.ar\/portada\/wp-json\/wp\/v2\/posts\/15595"}],"collection":[{"href":"https:\/\/www.fhycs.unam.edu.ar\/portada\/wp-json\/wp\/v2\/posts"}],"about":[{"href":"https:\/\/www.fhycs.unam.edu.ar\/portada\/wp-json\/wp\/v2\/types\/post"}],"author":[{"embeddable":true,"href":"https:\/\/www.fhycs.unam.edu.ar\/portada\/wp-json\/wp\/v2\/users\/10"}],"replies":[{"embeddable":true,"href":"https:\/\/www.fhycs.unam.edu.ar\/portada\/wp-json\/wp\/v2\/comments?post=15595"}],"version-history":[{"count":5,"href":"https:\/\/www.fhycs.unam.edu.ar\/portada\/wp-json\/wp\/v2\/posts\/15595\/revisions"}],"predecessor-version":[{"id":15746,"href":"https:\/\/www.fhycs.unam.edu.ar\/portada\/wp-json\/wp\/v2\/posts\/15595\/revisions\/15746"}],"wp:featuredmedia":[{"embeddable":true,"href":"https:\/\/www.fhycs.unam.edu.ar\/portada\/wp-json\/wp\/v2\/media\/15712"}],"wp:attachment":[{"href":"https:\/\/www.fhycs.unam.edu.ar\/portada\/wp-json\/wp\/v2\/media?parent=15595"}],"wp:term":[{"taxonomy":"category","embeddable":true,"href":"https:\/\/www.fhycs.unam.edu.ar\/portada\/wp-json\/wp\/v2\/categories?post=15595"},{"taxonomy":"post_tag","embeddable":true,"href":"https:\/\/www.fhycs.unam.edu.ar\/portada\/wp-json\/wp\/v2\/tags?post=15595"}],"curies":[{"name":"wp","href":"https:\/\/api.w.org\/{rel}","templated":true}]}}