{"id":15747,"date":"2017-07-25T10:59:02","date_gmt":"2017-07-25T13:59:02","guid":{"rendered":"http:\/\/www.fhycs.unam.edu.ar\/portada\/?p=15747"},"modified":"2017-08-03T13:57:02","modified_gmt":"2017-08-03T16:57:02","slug":"convocatoria-sinergia-orientada-a-practicas-sociales-educativas","status":"publish","type":"post","link":"https:\/\/www.fhycs.unam.edu.ar\/portada\/convocatoria-sinergia-orientada-a-practicas-sociales-educativas\/","title":{"rendered":"Convocatoria \u00abSINERGIA\u00bb orientada a Pr\u00e1cticas Sociales Educativas"},"content":{"rendered":"<p style=\"text-align: justify;\"><img loading=\"lazy\" class=\"size-medium wp-image-15748 alignleft\" src=\"https:\/\/www.fhycs.unam.edu.ar\/portada\/wp-content\/uploads\/2017\/07\/flyer-lanzamiento-sinergia-975-5966609108fcc-300x189.png\" alt=\"\" width=\"300\" height=\"189\" srcset=\"https:\/\/www.fhycs.unam.edu.ar\/portada\/wp-content\/uploads\/2017\/07\/flyer-lanzamiento-sinergia-975-5966609108fcc-300x189.png 300w, https:\/\/www.fhycs.unam.edu.ar\/portada\/wp-content\/uploads\/2017\/07\/flyer-lanzamiento-sinergia-975-5966609108fcc-768x484.png 768w, https:\/\/www.fhycs.unam.edu.ar\/portada\/wp-content\/uploads\/2017\/07\/flyer-lanzamiento-sinergia-975-5966609108fcc-600x378.png 600w, https:\/\/www.fhycs.unam.edu.ar\/portada\/wp-content\/uploads\/2017\/07\/flyer-lanzamiento-sinergia-975-5966609108fcc.png 975w\" sizes=\"(max-width: 300px) 100vw, 300px\" \/><\/p>\n<p style=\"text-align: justify;\">La presente convocatoria se orienta a fortalecer las pr\u00e1cticas socio-educativas en las Instituciones Universitarias Nacionales y Provinciales, promoviendo su desarrollo estrat\u00e9gico y articulado, como as\u00ed tambi\u00e9n su curricularizaci\u00f3n, reconocimiento acad\u00e9mico y jerarquizaci\u00f3n.\u00a0<!--more--><\/p>\n<blockquote>\n<p style=\"text-align: right;\"><span style=\"color: #008080;\"><strong>Plazo: hasta el 18 de agosto de 2017.\u00a0 Financiaci\u00f3n de hasta $200.000<\/strong><\/span><\/p>\n<\/blockquote>\n<p style=\"text-align: justify;\"><strong>Destinatarios<\/strong><\/p>\n<p style=\"text-align: justify;\">\u00c1reas de Compromiso Social Universitario o equivalentes de las Instituciones Universitarias Nacionales y Provinciales, para proyectos institucionales de fortalecimiento de acciones y programas de Pr\u00e1cticas Sociales Educativas.<\/p>\n<p style=\"text-align: justify;\"><strong>L\u00edneas de acci\u00f3n<\/strong><\/p>\n<ul style=\"text-align: justify;\">\n<li>Incorporaci\u00f3n curricular<\/li>\n<li>Creaci\u00f3n y desarrollo<\/li>\n<li>Investigaciones<\/li>\n<li>Convocatoria de proyectos de CSU<\/li>\n<li>Publicaciones<\/li>\n<li>Capacitaci\u00f3n<\/li>\n<li>Difusi\u00f3n<\/li>\n<li>Espacios participativos<\/li>\n<li>Trabajo colaborativo<\/li>\n<\/ul>\n<p style=\"text-align: justify;\"><strong>Monto de Financiaci\u00f3n:<\/strong> hasta $ 200.000 &#8211;<\/p>\n<p style=\"text-align: justify;\"><strong>Plazo:<\/strong> Del 12 de Julio al 18 de Agosto de 2017.<\/p>\n<p>Inscripci\u00f3n:<\/p>\n<p><a href=\"https:\/\/www.fhycs.unam.edu.ar\/portada\/wp-content\/uploads\/2017\/08\/Sinergia-Bases-de-Inscripci\u00f3n.pdf\" target=\"_blank\" rel=\"noopener\"><strong>Bases de inscripci\u00f3n<\/strong><\/a><\/p>\n<p><a href=\"https:\/\/www.fhycs.unam.edu.ar\/portada\/wp-content\/uploads\/2017\/08\/Carta-compromiso-Unidades-Acad\u00e9micas.pdf\" target=\"_blank\" rel=\"noopener\"><strong>Carta compromiso Unidades Acad\u00e9micas<\/strong><\/a><\/p>\n<p><a href=\"https:\/\/www.fhycs.unam.edu.ar\/portada\/wp-content\/uploads\/2017\/08\/Sinergia-Resoluci\u00f3n-de-Creaci\u00f3n.pdf\" target=\"_blank\" rel=\"noopener\"><strong>Resoluci\u00f3n de creaci\u00f3n de convocatoria<\/strong><\/a><\/p>\n<p style=\"text-align: justify;\"><a href=\"http:\/\/sinergia.siu.edu.ar\/2017%C2%A0\">http:\/\/sinergia.siu.edu.ar\/2017\u00a0<\/a><\/p>\n<p style=\"text-align: justify;\"><strong>Contacto<\/strong><\/p>\n<p style=\"text-align: justify;\">Correo electr\u00f3nico: <a href=\"http:\/\/sinergia@educacion.gob.ar\">sinergia@educacion.gob.ar<\/a><br \/>\nTel\u00e9fono: (011) 4129-1000 interno 6083<\/p>\n<p style=\"text-align: justify;\">(Fuente: http:\/\/educacion.gob.ar)<\/p>\n","protected":false},"excerpt":{"rendered":"<p>La presente convocatoria se orienta a fortalecer las pr\u00e1cticas socio-educativas en las Instituciones Universitarias Nacionales y Provinciales, promoviendo su desarrollo estrat\u00e9gico y articulado, como as\u00ed tambi\u00e9n su curricularizaci\u00f3n, reconocimiento acad\u00e9mico y jerarquizaci\u00f3n.\u00a0<\/p>\n","protected":false},"author":10,"featured_media":15748,"comment_status":"open","ping_status":"closed","sticky":false,"template":"","format":"standard","meta":{"extendify_custom_stylesheet":""},"categories":[795],"tags":[834,5,2586,696],"_links":{"self":[{"href":"https:\/\/www.fhycs.unam.edu.ar\/portada\/wp-json\/wp\/v2\/posts\/15747"}],"collection":[{"href":"https:\/\/www.fhycs.unam.edu.ar\/portada\/wp-json\/wp\/v2\/posts"}],"about":[{"href":"https:\/\/www.fhycs.unam.edu.ar\/portada\/wp-json\/wp\/v2\/types\/post"}],"author":[{"embeddable":true,"href":"https:\/\/www.fhycs.unam.edu.ar\/portada\/wp-json\/wp\/v2\/users\/10"}],"replies":[{"embeddable":true,"href":"https:\/\/www.fhycs.unam.edu.ar\/portada\/wp-json\/wp\/v2\/comments?post=15747"}],"version-history":[{"count":4,"href":"https:\/\/www.fhycs.unam.edu.ar\/portada\/wp-json\/wp\/v2\/posts\/15747\/revisions"}],"predecessor-version":[{"id":16064,"href":"https:\/\/www.fhycs.unam.edu.ar\/portada\/wp-json\/wp\/v2\/posts\/15747\/revisions\/16064"}],"wp:featuredmedia":[{"embeddable":true,"href":"https:\/\/www.fhycs.unam.edu.ar\/portada\/wp-json\/wp\/v2\/media\/15748"}],"wp:attachment":[{"href":"https:\/\/www.fhycs.unam.edu.ar\/portada\/wp-json\/wp\/v2\/media?parent=15747"}],"wp:term":[{"taxonomy":"category","embeddable":true,"href":"https:\/\/www.fhycs.unam.edu.ar\/portada\/wp-json\/wp\/v2\/categories?post=15747"},{"taxonomy":"post_tag","embeddable":true,"href":"https:\/\/www.fhycs.unam.edu.ar\/portada\/wp-json\/wp\/v2\/tags?post=15747"}],"curies":[{"name":"wp","href":"https:\/\/api.w.org\/{rel}","templated":true}]}}