{"id":15776,"date":"2017-07-28T16:44:10","date_gmt":"2017-07-28T19:44:10","guid":{"rendered":"http:\/\/www.fhycs.unam.edu.ar\/portada\/?p=15776"},"modified":"2017-07-28T16:47:16","modified_gmt":"2017-07-28T19:47:16","slug":"comienzan-las-clases-de-chino-mandarin-en-la-unam","status":"publish","type":"post","link":"https:\/\/www.fhycs.unam.edu.ar\/portada\/comienzan-las-clases-de-chino-mandarin-en-la-unam\/","title":{"rendered":"Comienzan las clases de Chino Mandar\u00edn en la UNaM"},"content":{"rendered":"<p style=\"text-align: justify;\"><img loading=\"lazy\" class=\"alignleft size-medium wp-image-2781\" src=\"https:\/\/www.fhycs.unam.edu.ar\/portada\/wp-content\/uploads\/2015\/09\/mandarin-hsk1-300x177.jpg\" alt=\"\" width=\"300\" height=\"177\" srcset=\"https:\/\/www.fhycs.unam.edu.ar\/portada\/wp-content\/uploads\/2015\/09\/mandarin-hsk1-300x177.jpg 300w, https:\/\/www.fhycs.unam.edu.ar\/portada\/wp-content\/uploads\/2015\/09\/mandarin-hsk1.jpg 814w\" sizes=\"(max-width: 300px) 100vw, 300px\" \/>La capacitaci\u00f3n de Chino Mandar\u00edn es destinada a integrantes de la comunidad Universitaria de la UNaM cuenta con m\u00e1s de 100 inscriptos.<!--more--><\/p>\n<blockquote>\n<h5 style=\"text-align: justify;\"><span style=\"color: #008080;\">Las clases comienzan este viernes 28 de julio a las 8 hs. en la sala de Consejo Directivo de la Facultad de Humanidades y Ciencias Sociales (Tucum\u00e1n 1946-Primer Piso)<\/span><\/h5>\n<\/blockquote>\n<p style=\"text-align: justify;\">La propuesta de formaci\u00f3n en idiomas es impulsada por la <strong>Secretaria General de Extensi\u00f3n Universitaria (SGEU)<\/strong> en el marco del <strong>\u201cPrograma de Becas de Relaciones Internacionales e Integraci\u00f3n Regional&#8221; (RIeIR).<\/strong>&#8211;<\/p>\n<p style=\"text-align: justify;\">Los cursos -que se dictar\u00e1n en Posadas- est\u00e1n destinados a integrantes de la comunidad universitaria que deseen estudiar este idioma, con el objeto de aplicarlo a programas y\/o proyectos en el contexto de las actividades desarrolladas por la UNaM con la Rep\u00fablica Popular China, facilitando movilidad y acciones en los \u00e1mbitos acad\u00e9mico, cient\u00edfico y cultural.<\/p>\n<p style=\"text-align: justify;\">Los interesados deber\u00e1n ajustarse al\/los horario\/s establecidos para el dictado (de modalidad semanal).<\/p>\n<h6 style=\"text-align: justify;\">El curso se dictar\u00e1 en dos niveles divididos en cinco comisiones:<\/h6>\n<p style=\"text-align: justify;\"><strong>Nivel 1:<\/strong><\/p>\n<p style=\"text-align: justify;\">Grupo A, martes 9 a 10:30<\/p>\n<p style=\"text-align: justify;\">Grupo B, martes 17 a 18:30<\/p>\n<p style=\"text-align: justify;\">Grupo C, jueves 9:30 a 11<\/p>\n<p style=\"text-align: justify;\"><strong>Nivel 2:<\/strong><\/p>\n<p style=\"text-align: justify;\">Grupo D, jueves 18 a 19:30<\/p>\n<p style=\"text-align: justify;\">Grupo E, viernes 8:30 a 11<\/p>\n<p style=\"text-align: justify;\"><strong>M\u00e1s idiomas<\/strong><\/p>\n<p style=\"text-align: justify;\">Por otra parte desde la Secretar\u00eda General de Extensi\u00f3n tambi\u00e9n informan que han culminado con \u00e9xito 19 alumnos el curso de Ingl\u00e9s y est\u00e1n actualmente cursando 23 el de Portugu\u00e9s, ambos destinado al personal docente y no docente de la UNaM iniciado durante el primer cuatrimestre de 2017.<\/p>\n","protected":false},"excerpt":{"rendered":"<p>La capacitaci\u00f3n de Chino Mandar\u00edn es destinada a integrantes de la comunidad Universitaria de la UNaM cuenta con m\u00e1s de 100 inscriptos.<\/p>\n","protected":false},"author":5,"featured_media":15775,"comment_status":"open","ping_status":"closed","sticky":false,"template":"","format":"standard","meta":{"extendify_custom_stylesheet":""},"categories":[965,2588,3],"tags":[179,5,144],"_links":{"self":[{"href":"https:\/\/www.fhycs.unam.edu.ar\/portada\/wp-json\/wp\/v2\/posts\/15776"}],"collection":[{"href":"https:\/\/www.fhycs.unam.edu.ar\/portada\/wp-json\/wp\/v2\/posts"}],"about":[{"href":"https:\/\/www.fhycs.unam.edu.ar\/portada\/wp-json\/wp\/v2\/types\/post"}],"author":[{"embeddable":true,"href":"https:\/\/www.fhycs.unam.edu.ar\/portada\/wp-json\/wp\/v2\/users\/5"}],"replies":[{"embeddable":true,"href":"https:\/\/www.fhycs.unam.edu.ar\/portada\/wp-json\/wp\/v2\/comments?post=15776"}],"version-history":[{"count":6,"href":"https:\/\/www.fhycs.unam.edu.ar\/portada\/wp-json\/wp\/v2\/posts\/15776\/revisions"}],"predecessor-version":[{"id":15898,"href":"https:\/\/www.fhycs.unam.edu.ar\/portada\/wp-json\/wp\/v2\/posts\/15776\/revisions\/15898"}],"wp:featuredmedia":[{"embeddable":true,"href":"https:\/\/www.fhycs.unam.edu.ar\/portada\/wp-json\/wp\/v2\/media\/15775"}],"wp:attachment":[{"href":"https:\/\/www.fhycs.unam.edu.ar\/portada\/wp-json\/wp\/v2\/media?parent=15776"}],"wp:term":[{"taxonomy":"category","embeddable":true,"href":"https:\/\/www.fhycs.unam.edu.ar\/portada\/wp-json\/wp\/v2\/categories?post=15776"},{"taxonomy":"post_tag","embeddable":true,"href":"https:\/\/www.fhycs.unam.edu.ar\/portada\/wp-json\/wp\/v2\/tags?post=15776"}],"curies":[{"name":"wp","href":"https:\/\/api.w.org\/{rel}","templated":true}]}}