{"id":15803,"date":"2017-07-27T17:47:06","date_gmt":"2017-07-27T20:47:06","guid":{"rendered":"http:\/\/www.fhycs.unam.edu.ar\/portada\/?p=15803"},"modified":"2017-07-27T17:50:37","modified_gmt":"2017-07-27T20:50:37","slug":"calendario-academico-iniciaron-las-actividades-del-segundo-cuatrimestre-en-la-fhycs","status":"publish","type":"post","link":"https:\/\/www.fhycs.unam.edu.ar\/portada\/calendario-academico-iniciaron-las-actividades-del-segundo-cuatrimestre-en-la-fhycs\/","title":{"rendered":"Calendario acad\u00e9mico: Iniciaron las actividades del segundo cuatrimestre en la FHyCS"},"content":{"rendered":"<p style=\"text-align: justify;\"><img loading=\"lazy\" class=\"size-medium wp-image-15807 alignleft\" src=\"https:\/\/www.fhycs.unam.edu.ar\/portada\/wp-content\/uploads\/2017\/07\/INICIO-DE-ACTIVIDADES-300x300.png\" alt=\"\" width=\"300\" height=\"300\" srcset=\"https:\/\/www.fhycs.unam.edu.ar\/portada\/wp-content\/uploads\/2017\/07\/INICIO-DE-ACTIVIDADES-300x300.png 300w, https:\/\/www.fhycs.unam.edu.ar\/portada\/wp-content\/uploads\/2017\/07\/INICIO-DE-ACTIVIDADES-150x150.png 150w, https:\/\/www.fhycs.unam.edu.ar\/portada\/wp-content\/uploads\/2017\/07\/INICIO-DE-ACTIVIDADES-768x768.png 768w, https:\/\/www.fhycs.unam.edu.ar\/portada\/wp-content\/uploads\/2017\/07\/INICIO-DE-ACTIVIDADES-1024x1024.png 1024w, https:\/\/www.fhycs.unam.edu.ar\/portada\/wp-content\/uploads\/2017\/07\/INICIO-DE-ACTIVIDADES-600x600.png 600w, https:\/\/www.fhycs.unam.edu.ar\/portada\/wp-content\/uploads\/2017\/07\/INICIO-DE-ACTIVIDADES.png 1081w\" sizes=\"(max-width: 300px) 100vw, 300px\" \/>El lunes 24 de Julio comenzaron las actividades acad\u00e9micas y administrativas de la Facultad de Humanidades y Ciencias Sociales. Ser\u00e1 hasta el mi\u00e9rcoles 16 de agosto que se estar\u00e1n desarrollando las mesas de ex\u00e1menes previstas por \u00a0el calendario acad\u00e9mico 2017.<\/p>\n<p><!--more--><\/p>\n<blockquote>\n<h4 style=\"text-align: justify;\"><strong><span style=\"color: #008080;\">Otro de los espacios que abri\u00f3 sus puertas es el gimnasio de la UNaM con nuevas actividades como funcional y entrenamiento f\u00edsico en la costanera. El acceso es libre y gratuito para toda la comunidad educativa.\u00a0<\/span><\/strong><\/h4>\n<\/blockquote>\n<p>&nbsp;<\/p>\n<p><img loading=\"lazy\" class=\"size-medium wp-image-15873 alignright\" style=\"text-align: justify;\" src=\"https:\/\/www.fhycs.unam.edu.ar\/portada\/wp-content\/uploads\/2017\/07\/CALENDARIO-ACAD\u00c9MICO-2\u00ba-300x300.png\" alt=\"\" width=\"300\" height=\"300\" srcset=\"https:\/\/www.fhycs.unam.edu.ar\/portada\/wp-content\/uploads\/2017\/07\/CALENDARIO-ACAD\u00c9MICO-2\u00ba-300x300.png 300w, https:\/\/www.fhycs.unam.edu.ar\/portada\/wp-content\/uploads\/2017\/07\/CALENDARIO-ACAD\u00c9MICO-2\u00ba-150x150.png 150w, https:\/\/www.fhycs.unam.edu.ar\/portada\/wp-content\/uploads\/2017\/07\/CALENDARIO-ACAD\u00c9MICO-2\u00ba-768x768.png 768w, https:\/\/www.fhycs.unam.edu.ar\/portada\/wp-content\/uploads\/2017\/07\/CALENDARIO-ACAD\u00c9MICO-2\u00ba-1024x1024.png 1024w, https:\/\/www.fhycs.unam.edu.ar\/portada\/wp-content\/uploads\/2017\/07\/CALENDARIO-ACAD\u00c9MICO-2\u00ba-600x600.png 600w, https:\/\/www.fhycs.unam.edu.ar\/portada\/wp-content\/uploads\/2017\/07\/CALENDARIO-ACAD\u00c9MICO-2\u00ba.png 1200w\" sizes=\"(max-width: 300px) 100vw, 300px\" \/><\/p>\n<p style=\"text-align: justify;\">Por otro lado hasta el viernes 11 de agosto est\u00e1n abierta la inscripci\u00f3n a materias del segundo cuatrimestre para todos los estudiantes de la FHyCS. \u00a0As\u00ed mismo se est\u00e1n gestionando los tr\u00e1mites de reconocimiento, equivalencias y cambio de plan de estudio desde la\u00a0 \u201cDirecci\u00f3n General de Ense\u00f1anza y Acci\u00f3n Estudiantil\u201d (Alumnado).<\/p>\n<blockquote>\n<h6 style=\"text-align: justify;\">\u00a0<strong><span style=\"color: #008080;\">En cuanto al dictado de clases, la cursada iniciar\u00e1n a partir del martes 22 de agosto para todas las carreras de la FHyCS. Tambi\u00e9n volver\u00e1n a dictarse los distintos cursos que ofrece esta unidad acad\u00e9mica desde la Secretar\u00eda de Extensi\u00f3n y Vinculaci\u00f3n Tecnol\u00f3gica, entre ellos Oratoria y Lengua de Se\u00f1a.<\/span><\/strong><\/h6>\n<\/blockquote>\n<p>&nbsp;<\/p>\n<blockquote><p><img loading=\"lazy\" class=\" wp-image-15848 aligncenter\" src=\"https:\/\/www.fhycs.unam.edu.ar\/portada\/wp-content\/uploads\/2017\/07\/MESA-DE-EXAMEN-PRUEBA--300x300.png\" alt=\"\" width=\"342\" height=\"341\" srcset=\"https:\/\/www.fhycs.unam.edu.ar\/portada\/wp-content\/uploads\/2017\/07\/MESA-DE-EXAMEN-PRUEBA--300x300.png 300w, https:\/\/www.fhycs.unam.edu.ar\/portada\/wp-content\/uploads\/2017\/07\/MESA-DE-EXAMEN-PRUEBA--150x150.png 150w, https:\/\/www.fhycs.unam.edu.ar\/portada\/wp-content\/uploads\/2017\/07\/MESA-DE-EXAMEN-PRUEBA--768x768.png 768w, https:\/\/www.fhycs.unam.edu.ar\/portada\/wp-content\/uploads\/2017\/07\/MESA-DE-EXAMEN-PRUEBA--1024x1024.png 1024w, https:\/\/www.fhycs.unam.edu.ar\/portada\/wp-content\/uploads\/2017\/07\/MESA-DE-EXAMEN-PRUEBA--600x600.png 600w, https:\/\/www.fhycs.unam.edu.ar\/portada\/wp-content\/uploads\/2017\/07\/MESA-DE-EXAMEN-PRUEBA-.png 1280w\" sizes=\"(max-width: 342px) 100vw, 342px\" \/><\/p><\/blockquote>\n<p>&nbsp;<\/p>\n<p>&nbsp;<\/p>\n<p>&nbsp;<\/p>\n<p>&nbsp;<\/p>\n<p>&nbsp;<\/p>\n","protected":false},"excerpt":{"rendered":"<p>El lunes 24 de Julio comenzaron las actividades acad\u00e9micas y administrativas de la Facultad de Humanidades y Ciencias Sociales. Ser\u00e1 hasta el mi\u00e9rcoles 16 de agosto que se estar\u00e1n desarrollando las mesas de ex\u00e1menes previstas por \u00a0el calendario acad\u00e9mico 2017.<\/p>\n","protected":false},"author":25,"featured_media":15807,"comment_status":"open","ping_status":"closed","sticky":false,"template":"","format":"standard","meta":{"extendify_custom_stylesheet":""},"categories":[1],"tags":[2597,2595,2596,2598,5,2594],"_links":{"self":[{"href":"https:\/\/www.fhycs.unam.edu.ar\/portada\/wp-json\/wp\/v2\/posts\/15803"}],"collection":[{"href":"https:\/\/www.fhycs.unam.edu.ar\/portada\/wp-json\/wp\/v2\/posts"}],"about":[{"href":"https:\/\/www.fhycs.unam.edu.ar\/portada\/wp-json\/wp\/v2\/types\/post"}],"author":[{"embeddable":true,"href":"https:\/\/www.fhycs.unam.edu.ar\/portada\/wp-json\/wp\/v2\/users\/25"}],"replies":[{"embeddable":true,"href":"https:\/\/www.fhycs.unam.edu.ar\/portada\/wp-json\/wp\/v2\/comments?post=15803"}],"version-history":[{"count":35,"href":"https:\/\/www.fhycs.unam.edu.ar\/portada\/wp-json\/wp\/v2\/posts\/15803\/revisions"}],"predecessor-version":[{"id":15883,"href":"https:\/\/www.fhycs.unam.edu.ar\/portada\/wp-json\/wp\/v2\/posts\/15803\/revisions\/15883"}],"wp:featuredmedia":[{"embeddable":true,"href":"https:\/\/www.fhycs.unam.edu.ar\/portada\/wp-json\/wp\/v2\/media\/15807"}],"wp:attachment":[{"href":"https:\/\/www.fhycs.unam.edu.ar\/portada\/wp-json\/wp\/v2\/media?parent=15803"}],"wp:term":[{"taxonomy":"category","embeddable":true,"href":"https:\/\/www.fhycs.unam.edu.ar\/portada\/wp-json\/wp\/v2\/categories?post=15803"},{"taxonomy":"post_tag","embeddable":true,"href":"https:\/\/www.fhycs.unam.edu.ar\/portada\/wp-json\/wp\/v2\/tags?post=15803"}],"curies":[{"name":"wp","href":"https:\/\/api.w.org\/{rel}","templated":true}]}}