{"id":15884,"date":"2017-07-27T19:01:42","date_gmt":"2017-07-27T22:01:42","guid":{"rendered":"http:\/\/www.fhycs.unam.edu.ar\/portada\/?p=15884"},"modified":"2017-07-28T08:07:34","modified_gmt":"2017-07-28T11:07:34","slug":"hoy-se-conmemora-el-dia-de-lxs-antropologxs-en-argentina","status":"publish","type":"post","link":"https:\/\/www.fhycs.unam.edu.ar\/portada\/hoy-se-conmemora-el-dia-de-lxs-antropologxs-en-argentina\/","title":{"rendered":"Hoy se conmemora el D\u00eda de lxs Antrop\u00f3logxs en Argentina"},"content":{"rendered":"<p style=\"text-align: justify;\"><img loading=\"lazy\" class=\"alignleft size-medium wp-image-15893\" src=\"https:\/\/www.fhycs.unam.edu.ar\/portada\/wp-content\/uploads\/2017\/07\/D\u00eda-del-antropologo-27-de-julio-300x300.png\" alt=\"\" width=\"300\" height=\"300\" srcset=\"https:\/\/www.fhycs.unam.edu.ar\/portada\/wp-content\/uploads\/2017\/07\/D\u00eda-del-antropologo-27-de-julio-300x300.png 300w, https:\/\/www.fhycs.unam.edu.ar\/portada\/wp-content\/uploads\/2017\/07\/D\u00eda-del-antropologo-27-de-julio-150x150.png 150w, https:\/\/www.fhycs.unam.edu.ar\/portada\/wp-content\/uploads\/2017\/07\/D\u00eda-del-antropologo-27-de-julio.png 600w\" sizes=\"(max-width: 300px) 100vw, 300px\" \/>En esta misma fecha, pero en 1972, fue fundado el <a href=\"http:\/\/www.cga.org.ar\/\" target=\"_blank\" rel=\"noopener\"><strong>Colegio de Graduados de Antropolog\u00eda en Argentina<\/strong><\/a>, lo que marc\u00f3 el triunfo de dicha carrera que luch\u00f3 durante muchos a\u00f1os contra los Gobiernos de Facto, como desde pares intelectuales, que intentaron evitar el desarrollo de la misma. Por eso cada 27 de julio se recuerda el <em><strong>D\u00eda del Antrop\u00f3logo.<\/strong><\/em><!--more--><\/p>\n<p style=\"text-align: justify;\">En este d\u00eda los acad\u00e9micos ponen de relieve la profesi\u00f3n de antrop\u00f3logx, quienes cada d\u00eda realizan el estudio del ser humano de forma integral. As\u00ed como tambi\u00e9n, haciendo hincapi\u00e9 en la jerarquizaci\u00f3n de la actividad profesional, la defensa de los derechos que asisten al antrop\u00f3logo en el ejercicio de la profesi\u00f3n, la\u00a0 promoci\u00f3n de la investigaci\u00f3n, la\u00a0 promoci\u00f3n de la solidaridad entre\u00a0 los antrop\u00f3logos, y la observancia\u00a0 de las reglas de \u00e9tica profesional.<\/p>\n<div id=\"attachment_15887\" style=\"width: 310px\" class=\"wp-caption alignright\"><img aria-describedby=\"caption-attachment-15887\" loading=\"lazy\" class=\"wp-image-15887 size-medium\" src=\"https:\/\/www.fhycs.unam.edu.ar\/portada\/wp-content\/uploads\/2017\/07\/Leopoldo-bartolome-300x225.jpg\" alt=\"\" width=\"300\" height=\"225\" srcset=\"https:\/\/www.fhycs.unam.edu.ar\/portada\/wp-content\/uploads\/2017\/07\/Leopoldo-bartolome-300x225.jpg 300w, https:\/\/www.fhycs.unam.edu.ar\/portada\/wp-content\/uploads\/2017\/07\/Leopoldo-bartolome-768x576.jpg 768w, https:\/\/www.fhycs.unam.edu.ar\/portada\/wp-content\/uploads\/2017\/07\/Leopoldo-bartolome-1024x768.jpg 1024w, https:\/\/www.fhycs.unam.edu.ar\/portada\/wp-content\/uploads\/2017\/07\/Leopoldo-bartolome-600x450.jpg 600w, https:\/\/www.fhycs.unam.edu.ar\/portada\/wp-content\/uploads\/2017\/07\/Leopoldo-bartolome.jpg 1280w\" sizes=\"(max-width: 300px) 100vw, 300px\" \/><p id=\"caption-attachment-15887\" class=\"wp-caption-text\">La FHyCS fue la casa de uno de los mayores referentes en la Antropolog\u00eda Argentina, investigador y profesor em\u00e9rito, Leopoldo Bartolom\u00e9 qui\u00e9n fue un l\u00facido antrop\u00f3logo, un gran gestor y hacedor de instituciones a partir de las cuales la antropolog\u00eda social se consolid\u00f3 en el pa\u00eds y la regi\u00f3n.<\/p><\/div>\n<p style=\"text-align: justify;\">El antrop\u00f3logo se ocupa de estudiar diferentes campos como: la antropolog\u00eda\u00a0 sociocultural o etnolog\u00eda, la arqueolog\u00eda, la antropolog\u00eda filos\u00f3fica, la\u00a0 antropolog\u00eda ling\u00fc\u00edstica, la antropolog\u00eda biol\u00f3gica, la antropolog\u00eda\u00a0 forense y dem\u00e1s campos en los\u00a0 cuales la antropolog\u00eda se encuentra inmiscuida.<\/p>\n<p style=\"text-align: justify;\">La Facultad de Humanidades y Ciencias Sociales cuenta con la<a href=\"http:\/\/www.fhycs.unam.edu.ar\/carreras\/licenciatura-en-antropologia-social\/\" target=\"_blank\" rel=\"noopener\"><strong> carrera de Licenciatura en Antropolog\u00eda<\/strong><\/a> que busca pretende que sus egresados sea capacitados en realizar diagn\u00f3stico, asesoramiento, planificaci\u00f3n, ejecuci\u00f3n, y direcci\u00f3n de investigaciones aplicadas, as\u00ed como el reconocimiento de las diferentes modalidades de trabajo directo con la poblaci\u00f3n y el desempe\u00f1o profesional en \u00e1mbitos e instituciones extra-acad\u00e9micas.<\/p>\n<blockquote>\n<h4 style=\"text-align: right;\"><span style=\"color: #008080;\"><em>\u201c\u2026la comunidad antropol\u00f3gica internacional tiene un papel fundamental, como lobby y\u00a0<\/em><\/span><span style=\"color: #008080;\"><em>como grupo de referencia, para asegurar que todos seamos part\u00edcipes del desarrollo, y<\/em><\/span><span style=\"color: #008080;\"><em>\u00a0para lograr que el rol de extranjero profesional sea institucionalmente definido y aceptado. De lograrlo, habremos hecho mucho en lo que hace a satisfacer adecuadamente nuestras responsabilidades para con la poblaci\u00f3n afectada, para con las organizaciones que solicitan nuestros servicios, y para la continua vigencia de la \u201cciencia del hombre\u201d<\/em><\/span><\/h4>\n<h4 style=\"text-align: right;\"><strong><span style=\"color: #008080;\">Leopoldo Bartolom\u00e9, Posadas, 15 de enero de 1990<\/span><\/strong><\/h4>\n<\/blockquote>\n<p style=\"text-align: justify;\">\n","protected":false},"excerpt":{"rendered":"<p>En esta misma fecha, pero en 1972, fue fundado el Colegio de Graduados de Antropolog\u00eda en Argentina, lo que marc\u00f3 el triunfo de dicha carrera que luch\u00f3 durante muchos a\u00f1os contra los Gobiernos de Facto, como desde pares intelectuales, que intentaron evitar el desarrollo de la misma. Por eso cada 27 de julio se recuerda [&hellip;]<\/p>\n","protected":false},"author":5,"featured_media":15893,"comment_status":"open","ping_status":"closed","sticky":false,"template":"","format":"standard","meta":{"extendify_custom_stylesheet":""},"categories":[70,1],"tags":[157,2599],"_links":{"self":[{"href":"https:\/\/www.fhycs.unam.edu.ar\/portada\/wp-json\/wp\/v2\/posts\/15884"}],"collection":[{"href":"https:\/\/www.fhycs.unam.edu.ar\/portada\/wp-json\/wp\/v2\/posts"}],"about":[{"href":"https:\/\/www.fhycs.unam.edu.ar\/portada\/wp-json\/wp\/v2\/types\/post"}],"author":[{"embeddable":true,"href":"https:\/\/www.fhycs.unam.edu.ar\/portada\/wp-json\/wp\/v2\/users\/5"}],"replies":[{"embeddable":true,"href":"https:\/\/www.fhycs.unam.edu.ar\/portada\/wp-json\/wp\/v2\/comments?post=15884"}],"version-history":[{"count":10,"href":"https:\/\/www.fhycs.unam.edu.ar\/portada\/wp-json\/wp\/v2\/posts\/15884\/revisions"}],"predecessor-version":[{"id":15897,"href":"https:\/\/www.fhycs.unam.edu.ar\/portada\/wp-json\/wp\/v2\/posts\/15884\/revisions\/15897"}],"wp:featuredmedia":[{"embeddable":true,"href":"https:\/\/www.fhycs.unam.edu.ar\/portada\/wp-json\/wp\/v2\/media\/15893"}],"wp:attachment":[{"href":"https:\/\/www.fhycs.unam.edu.ar\/portada\/wp-json\/wp\/v2\/media?parent=15884"}],"wp:term":[{"taxonomy":"category","embeddable":true,"href":"https:\/\/www.fhycs.unam.edu.ar\/portada\/wp-json\/wp\/v2\/categories?post=15884"},{"taxonomy":"post_tag","embeddable":true,"href":"https:\/\/www.fhycs.unam.edu.ar\/portada\/wp-json\/wp\/v2\/tags?post=15884"}],"curies":[{"name":"wp","href":"https:\/\/api.w.org\/{rel}","templated":true}]}}