{"id":16243,"date":"2017-08-14T12:25:38","date_gmt":"2017-08-14T15:25:38","guid":{"rendered":"http:\/\/www.fhycs.unam.edu.ar\/portada\/?p=16243"},"modified":"2017-08-14T16:11:55","modified_gmt":"2017-08-14T19:11:55","slug":"turbi-pinazo-diserto-en-humanidades","status":"publish","type":"post","link":"https:\/\/www.fhycs.unam.edu.ar\/portada\/turbi-pinazo-diserto-en-humanidades\/","title":{"rendered":"Turbi Pinazo disert\u00f3 en Humanidades"},"content":{"rendered":"<p style=\"text-align: justify;\"><img loading=\"lazy\" class=\"alignleft size-medium wp-image-16251\" src=\"https:\/\/www.fhycs.unam.edu.ar\/portada\/wp-content\/uploads\/2017\/08\/Turbi-pinazo-en-la-fhycsIMG_0182NA-300x200.jpg\" alt=\"\" width=\"300\" height=\"200\" srcset=\"https:\/\/www.fhycs.unam.edu.ar\/portada\/wp-content\/uploads\/2017\/08\/Turbi-pinazo-en-la-fhycsIMG_0182NA-300x200.jpg 300w, https:\/\/www.fhycs.unam.edu.ar\/portada\/wp-content\/uploads\/2017\/08\/Turbi-pinazo-en-la-fhycsIMG_0182NA-768x512.jpg 768w, https:\/\/www.fhycs.unam.edu.ar\/portada\/wp-content\/uploads\/2017\/08\/Turbi-pinazo-en-la-fhycsIMG_0182NA.jpg 1024w, https:\/\/www.fhycs.unam.edu.ar\/portada\/wp-content\/uploads\/2017\/08\/Turbi-pinazo-en-la-fhycsIMG_0182NA-600x400.jpg 600w\" sizes=\"(max-width: 300px) 100vw, 300px\" \/>Fue en el edificio Juan Figueredo de la Facultad de Humanidades y Ciencias Sociales de la UNaM. Mientras que el martes 8 de agosto el doctor en Psicolog\u00eda se referi\u00f3 a la tem\u00e1tica <em><strong>\u201cConsumo de drogas y prisi\u00f3n\u201d<\/strong><\/em>, el 9 abord\u00f3 las denominadas <em><strong>\u201cTecnoadicciones<\/strong><\/em>\u201d.<!--more--><\/p>\n<h6 style=\"text-align: justify;\">\u201cMujer, adicta y en prisi\u00f3n\u201d<\/h6>\n<p style=\"text-align: justify;\"><strong>Angel Manuel Turbi Pinazo<\/strong>, profesor en la<strong> Facultad de Psicolog\u00eda<\/strong>, <strong>Departamento de Personalidad<\/strong>, evaluaci\u00f3n e intervenci\u00f3n psicol\u00f3gica de la <strong>Universidad Cat\u00f3lica de Valencia \u201cSan Vicente M\u00e1rtir&#8221; (Espa\u00f1a)<\/strong>, estuvo en la ciudad de Posadas. Durante su estancia en la Universidad Nacional de Misiones ofreci\u00f3 dos disertaciones.<\/p>\n<p style=\"text-align: justify;\">La primera se denomin\u00f3<em><strong> \u201cConsumo de drogas y prisi\u00f3n. Acerca de los motivos de reca\u00edda y comorbilidad psiqui\u00e1trica en mujeres encarceladas en Espa\u00f1a\u201d<\/strong><\/em> donde vertebr\u00f3 cuestiones tales como la estructura y organigrama del Sistema penitenciario espa\u00f1ol para luego, desplegar las instancias y momentos de su investigaci\u00f3n y resultados en relaci\u00f3n a las mujeres condenadas en situaci\u00f3n de encierro, con un uso problem\u00e1tico de diversas sustancias.<\/p>\n<p style=\"text-align: justify;\">En esta l\u00ednea, el docente ofreci\u00f3 a lxs participantes un repertorio de datos cuantitativos que dan cuenta de qui\u00e9nes llegan a las instancias de encierro como resultado del sistema punitivo por delitos penales cometidos y con sentencia firme. Hay casi 60.494 presxs en las c\u00e1rceles espa\u00f1olas. Habl\u00f3 de la desproporci\u00f3n: casi 55 mil varones en situaci\u00f3n de encierro, frente a 4.500 mujeres. Este dato nos lleva a reflexionar sobre la importancia de la perspectiva de g\u00e9nero en las c\u00e1rceles\u201d, dijo.<\/p>\n<div id=\"metaslider-id-16260\" style=\"width: 100%;\" class=\"ml-slider-3-27-13 metaslider metaslider-responsive metaslider-16260 ml-slider ml-slider-lightbox-1-12-0 no-active-lightbox\">\n    <div id=\"metaslider_container_16260\">\n        <ul id='metaslider_16260' class='rslides'>\n            <li><a href=\"https:\/\/www.fhycs.unam.edu.ar\/portada\/wp-content\/uploads\/2017\/08\/Turbi-pinazo-en-la-fhycsIMG_0172NA.jpg\" target=\"_self\"><img src=\"https:\/\/www.fhycs.unam.edu.ar\/portada\/wp-content\/uploads\/2017\/08\/Turbi-pinazo-en-la-fhycsIMG_0172NA-600x400.jpg\" height=\"400\" width=\"600\" alt=\"\" class=\"slider-16260 slide-16261\" \/><\/a><\/li>\n            <li style='display: none;'><a href=\"https:\/\/www.fhycs.unam.edu.ar\/portada\/wp-content\/uploads\/2017\/08\/Turbi-pinazo-en-la-fhycsIMG_0175NA.jpg\" target=\"_self\"><img src=\"https:\/\/www.fhycs.unam.edu.ar\/portada\/wp-content\/uploads\/2017\/08\/Turbi-pinazo-en-la-fhycsIMG_0175NA-600x400.jpg\" height=\"400\" width=\"600\" alt=\"\" class=\"slider-16260 slide-16262\" \/><\/a><\/li>\n            <li style='display: none;'><a href=\"https:\/\/www.fhycs.unam.edu.ar\/portada\/wp-content\/uploads\/2017\/08\/Turbi-pinazo-en-la-fhycsIMG_0180NA.jpg\" target=\"_self\"><img src=\"https:\/\/www.fhycs.unam.edu.ar\/portada\/wp-content\/uploads\/2017\/08\/Turbi-pinazo-en-la-fhycsIMG_0180NA-600x400.jpg\" height=\"400\" width=\"600\" alt=\"\" class=\"slider-16260 slide-16263\" \/><\/a><\/li>\n            <li style='display: none;'><a href=\"https:\/\/www.fhycs.unam.edu.ar\/portada\/wp-content\/uploads\/2017\/08\/Turbi-pinazo-en-la-fhycsIMG_0195NA.jpg\" target=\"_self\"><img src=\"https:\/\/www.fhycs.unam.edu.ar\/portada\/wp-content\/uploads\/2017\/08\/Turbi-pinazo-en-la-fhycsIMG_0195NA-600x400.jpg\" height=\"400\" width=\"600\" alt=\"\" class=\"slider-16260 slide-16264\" \/><\/a><\/li>\n            <li style='display: none;'><a href=\"https:\/\/www.fhycs.unam.edu.ar\/portada\/wp-content\/uploads\/2017\/08\/Turbi-pinazo-en-la-fhycsIMG_0201NA.jpg\" target=\"_self\"><img src=\"https:\/\/www.fhycs.unam.edu.ar\/portada\/wp-content\/uploads\/2017\/08\/Turbi-pinazo-en-la-fhycsIMG_0201NA-600x400.jpg\" height=\"400\" width=\"600\" alt=\"\" class=\"slider-16260 slide-16265\" \/><\/a><\/li>\n            <li style='display: none;'><a href=\"https:\/\/www.fhycs.unam.edu.ar\/portada\/wp-content\/uploads\/2017\/08\/Turbi-pinazo-en-la-fhycsIMG_0203NA.jpg\" target=\"_self\"><img src=\"https:\/\/www.fhycs.unam.edu.ar\/portada\/wp-content\/uploads\/2017\/08\/Turbi-pinazo-en-la-fhycsIMG_0203NA-600x400.jpg\" height=\"400\" width=\"600\" alt=\"\" class=\"slider-16260 slide-16266\" \/><\/a><\/li>\n            <li style='display: none;'><a href=\"https:\/\/www.fhycs.unam.edu.ar\/portada\/wp-content\/uploads\/2017\/08\/Turbi-pinazo-en-la-fhycsIMG_0208NA.jpg\" target=\"_self\"><img src=\"https:\/\/www.fhycs.unam.edu.ar\/portada\/wp-content\/uploads\/2017\/08\/Turbi-pinazo-en-la-fhycsIMG_0208NA-600x400.jpg\" height=\"400\" width=\"600\" alt=\"\" class=\"slider-16260 slide-16267\" \/><\/a><\/li>\n            <li style='display: none;'><a href=\"https:\/\/www.fhycs.unam.edu.ar\/portada\/wp-content\/uploads\/2017\/08\/Turbi-pinazo-en-la-fhycsIMG_0225NA.jpg\" target=\"_self\"><img src=\"https:\/\/www.fhycs.unam.edu.ar\/portada\/wp-content\/uploads\/2017\/08\/Turbi-pinazo-en-la-fhycsIMG_0225NA-600x400.jpg\" height=\"400\" width=\"600\" alt=\"\" class=\"slider-16260 slide-16268\" \/><\/a><\/li>\n            <li style='display: none;'><a href=\"https:\/\/www.fhycs.unam.edu.ar\/portada\/wp-content\/uploads\/2017\/08\/Turbi-pinazo-en-la-fhycsIMG_0193NA.jpg\" target=\"_self\"><img src=\"https:\/\/www.fhycs.unam.edu.ar\/portada\/wp-content\/uploads\/2017\/08\/Turbi-pinazo-en-la-fhycsIMG_0193NA-600x400.jpg\" height=\"400\" width=\"600\" alt=\"\" class=\"slider-16260 slide-16269\" \/><\/a><\/li>\n            <li style='display: none;'><a href=\"https:\/\/www.fhycs.unam.edu.ar\/portada\/wp-content\/uploads\/2017\/08\/Turbi-pinazo-en-la-fhycsIMG_0182NA.jpg\" target=\"_self\"><img src=\"https:\/\/www.fhycs.unam.edu.ar\/portada\/wp-content\/uploads\/2017\/08\/Turbi-pinazo-en-la-fhycsIMG_0182NA-600x400.jpg\" height=\"400\" width=\"600\" alt=\"\" class=\"slider-16260 slide-16270\" \/><\/a><\/li>\n        <\/ul>\n        \n    <\/div>\n<\/div>\n<p style=\"text-align: justify;\"><em>\u201cLa prisi\u00f3n es un recurso masculinizado. Las c\u00e1rceles est\u00e1n hechas para hombres. Entonces a la mujer le cuesta m\u00e1s incorporarse\u201d.<\/em> Se refiri\u00f3 entonces al estigma que cargan las mujeres por consumir sustancias y se\u00f1al\u00f3 que esto se refuerza si adem\u00e1s <em>\u201cse encuentra en un medio penitenciario: las mujeres est\u00e1n en desiguladad de condiciones, con menos oportunidades\u201d<\/em>, apunt\u00f3. <em>\u201cNo es verdad que que quienes ingresan a la c\u00e1rcel, consumen m\u00e1s drogas\u201d, afirm\u00f3 y explic\u00f3 que en situaci\u00f3n de encierro y ante un consumo de drogas problem\u00e1tico \u201cen Espa\u00f1a cualquier tratamiento es alternativo a la prisi\u00f3n\u201d<\/em>.<\/p>\n<p style=\"text-align: justify;\">El investigador sostuvo que tanto el propio medio penitenciario como la mayor\u00eda de los recursos ofrecidos para la consecuci\u00f3n de su fin, est\u00e1n masculinizados.<em> \u201cLas prisiones est\u00e1n dise\u00f1adas para hombres, por lo que vemos la necesidad de dise\u00f1ar programas de tratamiento integral teniendo en cuenta la perspectiva de g\u00e9nero con el fin de cumplir el objetivo de la prisi\u00f3n que es la reinserci\u00f3n. Para ello es necesario atender a las caracter\u00edsticas propias de las mujeres, resaltando su salud mental y la maternidad, que se ven profundamente marcadas por el estigma social que acarrean en la condici\u00f3n de mujeres presas, adictas y\u00a0 madres\u201d,<\/em> explic\u00f3.<\/p>\n<p>Para finalizar, el psic\u00f3logo apunt\u00f3 la <em>\u201cnecesidad de dise\u00f1ar programas de tratamiento socioeducativos integrales con perspectiva de g\u00e9nero, con trabajo en red y en materia de consumo de sustancias, tener en cuenta la reducci\u00f3n de da\u00f1os\u201d.<\/em><\/p>\n<p>&nbsp;<\/p>\n<h6 style=\"text-align: justify;\">\u201cTecnoadicciones: nueva realidad, nuevo reto\u201d<\/h6>\n<p style=\"text-align: justify;\"><em>\u201cNos encontramos actualmente en una era digital que configura la brecha entre nativos digitales, individuos que han crecido inmersos en la tecnolog\u00eda digital, diferenci\u00e1ndolos de los inmigrantes digitales, personas que han llegado m\u00e1s tarde a las TIC\u201d<\/em>, manifest\u00f3 Turbi Pinazo el mi\u00e9rcoles, en el arranque de su segunda disertaci\u00f3n, denominada\u00a0 <strong>\u201cTecnoadicciones: nueva realidad, nuevo reto\u201d<\/strong>.<\/p>\n<p><img loading=\"lazy\" class=\"size-medium wp-image-16254 alignright\" src=\"https:\/\/www.fhycs.unam.edu.ar\/portada\/wp-content\/uploads\/2017\/08\/Turbi-pinazo-en-la-fhycsIMG_0201NA-300x200.jpg\" alt=\"\" width=\"300\" height=\"200\" srcset=\"https:\/\/www.fhycs.unam.edu.ar\/portada\/wp-content\/uploads\/2017\/08\/Turbi-pinazo-en-la-fhycsIMG_0201NA-300x200.jpg 300w, https:\/\/www.fhycs.unam.edu.ar\/portada\/wp-content\/uploads\/2017\/08\/Turbi-pinazo-en-la-fhycsIMG_0201NA-768x512.jpg 768w, https:\/\/www.fhycs.unam.edu.ar\/portada\/wp-content\/uploads\/2017\/08\/Turbi-pinazo-en-la-fhycsIMG_0201NA.jpg 1024w, https:\/\/www.fhycs.unam.edu.ar\/portada\/wp-content\/uploads\/2017\/08\/Turbi-pinazo-en-la-fhycsIMG_0201NA-600x400.jpg 600w\" sizes=\"(max-width: 300px) 100vw, 300px\" \/><\/p>\n<p style=\"text-align: justify;\">Tras la bienvenida realizada por la vice- directora del<strong> Instituto de Estudios Sociales y Humanos (CONICET-UNaM)<\/strong>, <strong>Dra. Br\u00edgida Renoldi<\/strong>; el Coordinador del <strong>equipo intercarrera de Psicolog\u00eda de la Facultad de Humanidades Psic\u00f3logo Luis Nelli<\/strong>; la directora del<strong> Departamento de Antropolog\u00eda Social, Mgter. Diana Arellano<\/strong> y; el <strong>Secretario de Investigaci\u00f3n y Posgrado de la misma facultad, Esp.\u00a0 Cristian Garrido<\/strong>, el disertante comparti\u00f3 algunos tips para abordar el uso problem\u00e1tico de las tecnolog\u00edas.<\/p>\n<p><img loading=\"lazy\" class=\"size-medium wp-image-16256 alignleft\" src=\"https:\/\/www.fhycs.unam.edu.ar\/portada\/wp-content\/uploads\/2017\/08\/Turbi-pinazo-en-la-fhycsIMG_0208NA-300x200.jpg\" alt=\"\" width=\"300\" height=\"200\" srcset=\"https:\/\/www.fhycs.unam.edu.ar\/portada\/wp-content\/uploads\/2017\/08\/Turbi-pinazo-en-la-fhycsIMG_0208NA-300x200.jpg 300w, https:\/\/www.fhycs.unam.edu.ar\/portada\/wp-content\/uploads\/2017\/08\/Turbi-pinazo-en-la-fhycsIMG_0208NA-768x512.jpg 768w, https:\/\/www.fhycs.unam.edu.ar\/portada\/wp-content\/uploads\/2017\/08\/Turbi-pinazo-en-la-fhycsIMG_0208NA.jpg 1024w, https:\/\/www.fhycs.unam.edu.ar\/portada\/wp-content\/uploads\/2017\/08\/Turbi-pinazo-en-la-fhycsIMG_0208NA-600x400.jpg 600w\" sizes=\"(max-width: 300px) 100vw, 300px\" \/><\/p>\n<blockquote>\n<h4 style=\"text-align: justify;\"><em><span style=\"color: #008080;\">\u201cLos adolescentes de ahora han nacido con la tecnolog\u00eda. Son expertos digitales multipantalla que pueden estar respondiendo tres o cuatro mensajes a la vez. Enfrente estamos los adultos, los inmigrantes digitales\u201d<\/span><\/em><span style=\"color: #008080;\">, se\u00f1al\u00f3 el acad\u00e9mico frente a un p\u00fablico integrado por adolescentes, estudiantes, docentes y profesionales de la salud en particular y ciudadanos de a pie interesadxs en la tem\u00e1tica.<\/span><\/h4>\n<p>&gt;<\/p><\/blockquote>\n<h4 style=\"text-align: justify;\"><\/h4>\n<p style=\"text-align: justify;\">Agreg\u00f3 que <em>\u201cse trata de las adicciones tecnol\u00f3gicas o tecnoadicciones, y de sus consecuencias, generadoras de nuevas formas de violencia donde colectivos como menores de edad y mujeres, son los m\u00e1s vulnerables\u201d<\/em>. Habl\u00f3 entonces de sexting, grooming y ciberbulliyng, adem\u00e1s de fen\u00f3menos de nueva aparici\u00f3n como el denominado \u201cballena azul\u201d, y las ludopat\u00edas referidas a las apuestas online.<\/p>\n<p style=\"text-align: justify;\">Turbi Pinazo sostuvo que los profesionales dedicados al estudio de la sociedad, del comportamiento, los inmersos en el \u00e1mbito tanto de la prevenci\u00f3n como del tratamiento, o en el estudio de las conductas adictivas, no pueden obviar el reto constante que conllevan las TIC\u00b4s (Tecnolog\u00edas de la Informaci\u00f3n y la Comunicaci\u00f3n) y otras tecnolog\u00edas emergentes facilitadoras del cambio social.<\/p>\n<p><code><iframe loading=\"lazy\" src=\"https:\/\/www.youtube.com\/embed\/T8UY55dXySg\" width=\"560\" height=\"315\" frameborder=\"0\" allowfullscreen=\"allowfullscreen\"><\/iframe><\/code><\/p>\n<h6 style=\"text-align: justify;\">El disertante<\/h6>\n<p style=\"text-align: justify;\">Turbi Pinazo es doctor en Psicolog\u00eda, m\u00e1ster Universitario en Educaci\u00f3n y Rehabilitaci\u00f3n de Conductas Adictivas. Adem\u00e1s, es profesor en la Facultad de Psicolog\u00eda, Departamento de Personalidad, evaluaci\u00f3n e intervenci\u00f3n psicol\u00f3gica de la Universidad Cat\u00f3lica de Valencia \u201cSan Vicente M\u00e1rtir&#8221; (Espa\u00f1a).<\/p>\n<p style=\"text-align: justify;\">Organizaron este evento el Instituto de Estudios Sociales y Humanos (IESyH, UNaM-CONICET), el Departamento de Antropolog\u00eda Social y la Secretar\u00eda de Investigaci\u00f3n y Posgrado de la Facultad de Humanidades y Ciencias Sociales de la Universidad Nacional de Misiones.<\/p>\n","protected":false},"excerpt":{"rendered":"<p>Fue en el edificio Juan Figueredo de la Facultad de Humanidades y Ciencias Sociales de la UNaM. Mientras que el martes 8 de agosto el doctor en Psicolog\u00eda se referi\u00f3 a la tem\u00e1tica \u201cConsumo de drogas y prisi\u00f3n\u201d, el 9 abord\u00f3 las denominadas \u201cTecnoadicciones\u201d.<\/p>\n","protected":false},"author":5,"featured_media":16254,"comment_status":"open","ping_status":"closed","sticky":false,"template":"","format":"standard","meta":{"extendify_custom_stylesheet":""},"categories":[2501,70,2,1622],"tags":[2602,2641,5,2621],"_links":{"self":[{"href":"https:\/\/www.fhycs.unam.edu.ar\/portada\/wp-json\/wp\/v2\/posts\/16243"}],"collection":[{"href":"https:\/\/www.fhycs.unam.edu.ar\/portada\/wp-json\/wp\/v2\/posts"}],"about":[{"href":"https:\/\/www.fhycs.unam.edu.ar\/portada\/wp-json\/wp\/v2\/types\/post"}],"author":[{"embeddable":true,"href":"https:\/\/www.fhycs.unam.edu.ar\/portada\/wp-json\/wp\/v2\/users\/5"}],"replies":[{"embeddable":true,"href":"https:\/\/www.fhycs.unam.edu.ar\/portada\/wp-json\/wp\/v2\/comments?post=16243"}],"version-history":[{"count":17,"href":"https:\/\/www.fhycs.unam.edu.ar\/portada\/wp-json\/wp\/v2\/posts\/16243\/revisions"}],"predecessor-version":[{"id":16283,"href":"https:\/\/www.fhycs.unam.edu.ar\/portada\/wp-json\/wp\/v2\/posts\/16243\/revisions\/16283"}],"wp:featuredmedia":[{"embeddable":true,"href":"https:\/\/www.fhycs.unam.edu.ar\/portada\/wp-json\/wp\/v2\/media\/16254"}],"wp:attachment":[{"href":"https:\/\/www.fhycs.unam.edu.ar\/portada\/wp-json\/wp\/v2\/media?parent=16243"}],"wp:term":[{"taxonomy":"category","embeddable":true,"href":"https:\/\/www.fhycs.unam.edu.ar\/portada\/wp-json\/wp\/v2\/categories?post=16243"},{"taxonomy":"post_tag","embeddable":true,"href":"https:\/\/www.fhycs.unam.edu.ar\/portada\/wp-json\/wp\/v2\/tags?post=16243"}],"curies":[{"name":"wp","href":"https:\/\/api.w.org\/{rel}","templated":true}]}}