{"id":16438,"date":"2017-08-23T05:41:54","date_gmt":"2017-08-23T08:41:54","guid":{"rendered":"http:\/\/www.fhycs.unam.edu.ar\/portada\/?p=16438"},"modified":"2017-09-11T10:16:22","modified_gmt":"2017-09-11T13:16:22","slug":"el-topo-en-ciclo-de-cine-rock-haciendo-cosas-raras-en-la-fhycs","status":"publish","type":"post","link":"https:\/\/www.fhycs.unam.edu.ar\/portada\/el-topo-en-ciclo-de-cine-rock-haciendo-cosas-raras-en-la-fhycs\/","title":{"rendered":"&#8220;El Topo&#8221; en ciclo de cine-rock: &#8220;Haciendo cosas raras&#8221; en la FHyCS"},"content":{"rendered":"<div style=\"text-align: justify;\"><img loading=\"lazy\" class=\"size-medium wp-image-16439 alignleft\" src=\"https:\/\/www.fhycs.unam.edu.ar\/portada\/wp-content\/uploads\/2017\/08\/20840710_215526672312344_5789560827898535968_n-225x300.jpg\" alt=\"\" width=\"225\" height=\"300\" srcset=\"https:\/\/www.fhycs.unam.edu.ar\/portada\/wp-content\/uploads\/2017\/08\/20840710_215526672312344_5789560827898535968_n-225x300.jpg 225w, https:\/\/www.fhycs.unam.edu.ar\/portada\/wp-content\/uploads\/2017\/08\/20840710_215526672312344_5789560827898535968_n.jpg 540w\" sizes=\"(max-width: 225px) 100vw, 225px\" \/>En esta ocasi\u00f3n se proyectar\u00e1 &#8220;El Topo&#8221; una pel\u00edcula mexicana, dirigida y protagonizada por Alejandro Jodorowsky. Aunque\u00a0no es una pel\u00edcula de rock, es una pel\u00edcula que ha sido tomada por los fans del rock como una pel\u00edcula de culto. En su narrativa remite al recorrido que hace un h\u00e9roe m\u00edtico por un escenario surrealista donde vence los obst\u00e1culos que se le presentan y vuelve de alguna manera al punto de partida, pero transformado.<\/div>\n<p><!--more--><\/p>\n<blockquote>\n<h4 style=\"text-align: right;\"><span style=\"color: #008080;\">Este jueves 24 de agosto vuelve \u00a0\u201cHaciendo cosas raras: Ciclo de cine y rock\u201d en wl Sal\u00f3n de Usos M\u00faltiples del edificio Juan Figueredo ubicado en Col\u00f3n 2368 de la Facultad de Humanidades y Ciencias Sociales de la UNaM a partir de las 19hs con entrada libre y gratuita<strong><br \/>\n<\/strong><\/span><\/h4>\n<\/blockquote>\n<div style=\"text-align: justify;\">John Lennon, impresionado por la pel\u00edcula compr\u00f3 los derechos para exhibirla en todo Estados Unidos y derivado de esa relaci\u00f3n, a trav\u00e9s de Allen Klein, su representante, financi\u00f3 parte del siguiente trabajo de Jodorowsky: La Monta\u00f1a Sagrada.\u00a0 El Topo marca el inicio de un romance de Jodorowsky con el publico del rock, es por ello que no pod\u00eda faltar en este momento del ciclo que remite a \u00a0la psicodelia y al rock \u00e1cido y \u00a0lis\u00e9rgico.<\/div>\n<div style=\"text-align: justify;\"><\/div>\n","protected":false},"excerpt":{"rendered":"<p>En esta ocasi\u00f3n se proyectar\u00e1 &#8220;El Topo&#8221; una pel\u00edcula mexicana, dirigida y protagonizada por Alejandro Jodorowsky. Aunque\u00a0no es una pel\u00edcula de rock, es una pel\u00edcula que ha sido tomada por los fans del rock como una pel\u00edcula de culto. En su narrativa remite al recorrido que hace un h\u00e9roe m\u00edtico por un escenario surrealista donde [&hellip;]<\/p>\n","protected":false},"author":10,"featured_media":16439,"comment_status":"open","ping_status":"closed","sticky":false,"template":"","format":"standard","meta":{"extendify_custom_stylesheet":""},"categories":[10],"tags":[2233],"_links":{"self":[{"href":"https:\/\/www.fhycs.unam.edu.ar\/portada\/wp-json\/wp\/v2\/posts\/16438"}],"collection":[{"href":"https:\/\/www.fhycs.unam.edu.ar\/portada\/wp-json\/wp\/v2\/posts"}],"about":[{"href":"https:\/\/www.fhycs.unam.edu.ar\/portada\/wp-json\/wp\/v2\/types\/post"}],"author":[{"embeddable":true,"href":"https:\/\/www.fhycs.unam.edu.ar\/portada\/wp-json\/wp\/v2\/users\/10"}],"replies":[{"embeddable":true,"href":"https:\/\/www.fhycs.unam.edu.ar\/portada\/wp-json\/wp\/v2\/comments?post=16438"}],"version-history":[{"count":3,"href":"https:\/\/www.fhycs.unam.edu.ar\/portada\/wp-json\/wp\/v2\/posts\/16438\/revisions"}],"predecessor-version":[{"id":16853,"href":"https:\/\/www.fhycs.unam.edu.ar\/portada\/wp-json\/wp\/v2\/posts\/16438\/revisions\/16853"}],"wp:featuredmedia":[{"embeddable":true,"href":"https:\/\/www.fhycs.unam.edu.ar\/portada\/wp-json\/wp\/v2\/media\/16439"}],"wp:attachment":[{"href":"https:\/\/www.fhycs.unam.edu.ar\/portada\/wp-json\/wp\/v2\/media?parent=16438"}],"wp:term":[{"taxonomy":"category","embeddable":true,"href":"https:\/\/www.fhycs.unam.edu.ar\/portada\/wp-json\/wp\/v2\/categories?post=16438"},{"taxonomy":"post_tag","embeddable":true,"href":"https:\/\/www.fhycs.unam.edu.ar\/portada\/wp-json\/wp\/v2\/tags?post=16438"}],"curies":[{"name":"wp","href":"https:\/\/api.w.org\/{rel}","templated":true}]}}