{"id":16495,"date":"2017-08-29T10:20:36","date_gmt":"2017-08-29T13:20:36","guid":{"rendered":"http:\/\/www.fhycs.unam.edu.ar\/portada\/?p=16495"},"modified":"2017-08-29T10:30:29","modified_gmt":"2017-08-29T13:30:29","slug":"organizan-la-primera-jornada-de-socializacion-de-experiencias-de-postitulos-en-la-fhycs","status":"publish","type":"post","link":"https:\/\/www.fhycs.unam.edu.ar\/portada\/organizan-la-primera-jornada-de-socializacion-de-experiencias-de-postitulos-en-la-fhycs\/","title":{"rendered":"Organizan la primera jornada de socializaci\u00f3n de experiencias de post\u00edtulos en la FHyCS"},"content":{"rendered":"<p><img loading=\"lazy\" class=\"size-medium wp-image-16496 alignleft\" src=\"https:\/\/www.fhycs.unam.edu.ar\/portada\/wp-content\/uploads\/2017\/08\/postitulo-300x225.jpg\" alt=\"\" width=\"300\" height=\"225\" srcset=\"https:\/\/www.fhycs.unam.edu.ar\/portada\/wp-content\/uploads\/2017\/08\/postitulo-300x225.jpg 300w, https:\/\/www.fhycs.unam.edu.ar\/portada\/wp-content\/uploads\/2017\/08\/postitulo-768x576.jpg 768w, https:\/\/www.fhycs.unam.edu.ar\/portada\/wp-content\/uploads\/2017\/08\/postitulo-1024x768.jpg 1024w, https:\/\/www.fhycs.unam.edu.ar\/portada\/wp-content\/uploads\/2017\/08\/postitulo.jpg 1280w\" sizes=\"(max-width: 300px) 100vw, 300px\" \/><\/p>\n<p style=\"text-align: justify;\">Con los objetivos de socializar e intercambiar las experiencias de docentes que\u00a0 se encuentran cursando en diferentes tramos formativos se realiz\u00f3 la <strong>segunda reuni\u00f3n general del 2017<\/strong> para organizar una <strong>&#8220;Jornada de Socializaci\u00f3n de Experiencias del \u00c1rea de Postitulos Docentes&#8221;<\/strong>.<!--more--><\/p>\n<blockquote>\n<p style=\"text-align: right;\"><span style=\"color: #008080;\"><strong>La Jornada se desarrollar\u00e1 durante el mi\u00e9rcoles 27 de septiembre desde las 17 horas en el SUM del edificio Juan Figueredo (Col\u00f3n 2368, Posadas) de la Facultad de Humanidades y Ciencias Sociales (FHyCS) de la UNaM.<\/strong><\/span><\/p>\n<\/blockquote>\n<p style=\"text-align: justify;\">A solicitud de la Decana, Mgter. Gisela Spasiuk fue presentada la propuesta para la realizaci\u00f3n de estas jornadas de socializaci\u00f3n. En la reuni\u00f3n organizativa estuvieron presentes el secretario de Extensi\u00f3n, Lic. Hugo Meza, junto al Director de Post\u00edtulo, Prof. Marcos A. Cena y la coordinadora acad\u00e9mica, Mgter.\u00a0 Norma B. Cuevas, y los coordinadores de diferentes proyectos vigentes que denotaron gran entusiasmo para hacer extensiva la convocatoria a los docentes que se encuentran cursando.<\/p>\n<p style=\"text-align: justify;\">Actualmente, hay catorce post\u00edtulos que abarcan tem\u00e1ticas tales como inform\u00e1tica, aula invertida, estatuto docente, neuroeducaci\u00f3n, educaci\u00f3n sexual, ni\u00f1ez y familia, entre otras que componen la heterog\u00e9nea gama de propuestas de capacitaci\u00f3n para los docentes de la provincia y la regi\u00f3n.<\/p>\n<p style=\"text-align: justify;\"><strong>\u00bfQu\u00e9 son los post\u00edtulos?<\/strong><\/p>\n<p style=\"text-align: justify;\">La Direcci\u00f3n de Post\u00edtulos Docente entiende todo lo relacionado con los trayectos de formaci\u00f3n que acrediten la profundizaci\u00f3n y actualizaci\u00f3n sistem\u00e1tica de conocimientos en formaci\u00f3n docente que constituyen parte de una propuesta acad\u00e9mica de formaci\u00f3n posterior a la formaci\u00f3n inicial. Est\u00e1n destinados a egresados de carreras de formaci\u00f3n docente de instituciones de educaci\u00f3n superior no universitaria y universitaria, de acuerdo a la Ordenanza HCS N\u00ba 062\/10 y la Resoluci\u00f3n CFE N\u00ba 117\/10.<\/p>\n<p style=\"text-align: justify;\">Para mayor informaci\u00f3n sobre las propuestas de post\u00edtulo pueden dirigirse a la Secretar\u00eda de Extensi\u00f3n y Vinculaci\u00f3n Tecnol\u00f3gica, ubicada sobre calle Col\u00f3n 2368 -p\/b- o comunicarse al tel\u00e9fono: 376-4434344 Interno 138.<\/p>\n","protected":false},"excerpt":{"rendered":"<p>Con los objetivos de socializar e intercambiar las experiencias de docentes que\u00a0 se encuentran cursando en diferentes tramos formativos se realiz\u00f3 la segunda reuni\u00f3n general del 2017 para organizar una &#8220;Jornada de Socializaci\u00f3n de Experiencias del \u00c1rea de Postitulos Docentes&#8221;.<\/p>\n","protected":false},"author":10,"featured_media":16496,"comment_status":"open","ping_status":"closed","sticky":false,"template":"","format":"standard","meta":{"extendify_custom_stylesheet":""},"categories":[714,1428],"tags":[5,2677],"_links":{"self":[{"href":"https:\/\/www.fhycs.unam.edu.ar\/portada\/wp-json\/wp\/v2\/posts\/16495"}],"collection":[{"href":"https:\/\/www.fhycs.unam.edu.ar\/portada\/wp-json\/wp\/v2\/posts"}],"about":[{"href":"https:\/\/www.fhycs.unam.edu.ar\/portada\/wp-json\/wp\/v2\/types\/post"}],"author":[{"embeddable":true,"href":"https:\/\/www.fhycs.unam.edu.ar\/portada\/wp-json\/wp\/v2\/users\/10"}],"replies":[{"embeddable":true,"href":"https:\/\/www.fhycs.unam.edu.ar\/portada\/wp-json\/wp\/v2\/comments?post=16495"}],"version-history":[{"count":1,"href":"https:\/\/www.fhycs.unam.edu.ar\/portada\/wp-json\/wp\/v2\/posts\/16495\/revisions"}],"predecessor-version":[{"id":16497,"href":"https:\/\/www.fhycs.unam.edu.ar\/portada\/wp-json\/wp\/v2\/posts\/16495\/revisions\/16497"}],"wp:featuredmedia":[{"embeddable":true,"href":"https:\/\/www.fhycs.unam.edu.ar\/portada\/wp-json\/wp\/v2\/media\/16496"}],"wp:attachment":[{"href":"https:\/\/www.fhycs.unam.edu.ar\/portada\/wp-json\/wp\/v2\/media?parent=16495"}],"wp:term":[{"taxonomy":"category","embeddable":true,"href":"https:\/\/www.fhycs.unam.edu.ar\/portada\/wp-json\/wp\/v2\/categories?post=16495"},{"taxonomy":"post_tag","embeddable":true,"href":"https:\/\/www.fhycs.unam.edu.ar\/portada\/wp-json\/wp\/v2\/tags?post=16495"}],"curies":[{"name":"wp","href":"https:\/\/api.w.org\/{rel}","templated":true}]}}