{"id":16672,"date":"2017-09-04T11:25:01","date_gmt":"2017-09-04T14:25:01","guid":{"rendered":"http:\/\/www.fhycs.unam.edu.ar\/portada\/?p=16672"},"modified":"2017-09-07T10:10:44","modified_gmt":"2017-09-07T13:10:44","slug":"comienza-el-quinto-ciclo-de-cine-sobre-lecturas-imaginarias-en-posadas","status":"publish","type":"post","link":"https:\/\/www.fhycs.unam.edu.ar\/portada\/comienza-el-quinto-ciclo-de-cine-sobre-lecturas-imaginarias-en-posadas\/","title":{"rendered":"Comienza el quinto ciclo de cine sobre lecturas imaginarias en Posadas"},"content":{"rendered":"<p><img loading=\"lazy\" class=\"size-medium wp-image-16680 alignleft\" src=\"https:\/\/www.fhycs.unam.edu.ar\/portada\/wp-content\/uploads\/2017\/09\/Ciclo-de-Cine_Peli_1_del-4-de-septiembre-214x300.jpg\" alt=\"\" width=\"214\" height=\"300\" srcset=\"https:\/\/www.fhycs.unam.edu.ar\/portada\/wp-content\/uploads\/2017\/09\/Ciclo-de-Cine_Peli_1_del-4-de-septiembre-214x300.jpg 214w, https:\/\/www.fhycs.unam.edu.ar\/portada\/wp-content\/uploads\/2017\/09\/Ciclo-de-Cine_Peli_1_del-4-de-septiembre.jpg 480w\" sizes=\"(max-width: 214px) 100vw, 214px\" \/><\/p>\n<p style=\"text-align: justify;\">Dentro de las <strong><a href=\"https:\/\/www.fhycs.unam.edu.ar\/portada\/se-celebrara-el-dia-del-bibliotecario-en-la-fhycs\/\" target=\"_blank\" rel=\"noopener\">XIV Jornadas Bibliotecol\u00f3gicas 2017<\/a><\/strong>: &#8220;Experiencias en la (con) formaci\u00f3n bibliotecol\u00f3gica y vinculaci\u00f3n con la comunidad&#8221;<strong><a href=\"https:\/\/goo.gl\/NEMdS2\" target=\"_blank\" rel=\"noopener\"> se dar\u00e1 inicio al ciclo de cine <\/a><\/strong>&#8220;Lecturas imaginarias: Miradas cinematogr\u00e1ficas sobre lectores y bibliotecas&#8221; con la proyecci\u00f3n de &#8220;To walk invisible&#8221;.\u00a0<!--more--><\/p>\n<blockquote>\n<h5 style=\"text-align: right;\"><span style=\"color: #008080;\">Todos los lunes de septiembre desde las 20:30 hs. en la Biblioteca Popular. calle C\u00f3rdoba 2069<\/span><\/h5>\n<h5 style=\"text-align: right;\"><span style=\"color: #008080;\">Entrada libre y gratuita<\/span><\/h5>\n<h5 style=\"text-align: right;\"><span style=\"color: #008080;\">Destinatarios: Participantes de las Jornadas Bibliotecol\u00f3gicas 2017 (alumnos, docentes, bibliotecarios, investigadores), comunidad acad\u00e9mica y p\u00fablico en general.<\/span><\/h5>\n<\/blockquote>\n<p>Este film, narra la historia de las novelas de las hermanas (Charlotte, Emily y Anne Bronte) y su extraordinaria batalla por el reconocimiento, en un contexto sombr\u00edo donde ven la escritura como un modo de superar diversas crisis que les toca enfrentar.<\/p>\n<p style=\"text-align: justify;\">Este ciclo es organizado por el Departamento de Bibliotecolog\u00eda de la Facultad de Humanidades y Ciencias Sociales de la UNaM, tiene por objetivos proporcionar un espacio de conversaci\u00f3n, debate y reflexi\u00f3n respecto de las miradas del cine sobre la lectura, la escritura, los lectores y las bibliotecas; adem\u00e1s de, generar una actividad de extensi\u00f3n cultural que posibilite la instalaci\u00f3n de di\u00e1logos y v\u00ednculos entre la comunidad acad\u00e9mica y la comunidad en general.<\/p>\n<blockquote>\n<h4 style=\"text-align: center;\">Cronograma de proyecciones<\/h4>\n<p style=\"text-align: center;\"><strong><em>04\/09:\u00a0 \u201cTo walk invisible\u201d <\/em><\/strong><strong>(2016)<\/strong><\/p>\n<p style=\"text-align: center;\"><strong><em>11\/09: \u201cToshokan Senso&#8221; (Library wars) <\/em><\/strong><strong>(2013)<\/strong><\/p>\n<p style=\"text-align: center;\"><strong><em>18\/09: \u201cPaterson\u201d <\/em><\/strong><strong>(2016)<\/strong><\/p>\n<p style=\"text-align: center;\"><strong><em>25\/09: \u201cParty girl\u201d (una chica divertida) <\/em><\/strong><strong>(1995)<\/strong><\/p>\n<\/blockquote>\n<p><strong>\u00a0<\/strong><\/p>\n<h4 style=\"text-align: justify;\">Ciclo de cine: <em>Lecturas imaginarias: Miradas cinematogr\u00e1ficas sobre lectores y bibliotecas<\/em><\/h4>\n<p style=\"text-align: justify;\">Se inicia en el a\u00f1o 2013 como una actividad recreativa y desarrollada en el marco de las<strong><a href=\"https:\/\/www.fhycs.unam.edu.ar\/portada\/se-celebrara-el-dia-del-bibliotecario-en-la-fhycs\/\" target=\"_blank\" rel=\"noopener\"> <em>Jornadas Bibliotecol\u00f3gicas<\/em><\/a><\/strong>, con el objetivo primordial de generar un espacio de conversaci\u00f3n y reflexi\u00f3n acerca del campo profesional en relaci\u00f3n con la pr\u00e1ctica primordial que lo configura, la <em>lectura<\/em>, a trav\u00e9s de distintas propuestas cinematogr\u00e1ficas que dan cuenta de un entramado de g\u00e9neros, estilos y abordajes.<\/p>\n<p style=\"text-align: justify;\">El equipo de trabajo que lleva adelante esta propuesta siempre ha estado integrado por docentes, graduados y alumnos avanzados de la Carrera de Bibliotecolog\u00eda, quienes han puesto en marcha cuatro ediciones consecutivas con una numerosa convocatoria; de este modo, quienes disfrutaron de las pel\u00edculas propuestas a lo largo de este ciclo, adem\u00e1s instalaron di\u00e1logos interesantes y cr\u00edticos respecto a una diversidad de problem\u00e1ticas, tem\u00e1ticas, est\u00e9ticas, etc., en el entrecruce del cine, la escritura, la literatura y la bibliotecolog\u00eda.\u00a0 Para acompa\u00f1ar el debate y la conversaci\u00f3n, invitaremos al p\u00fablico a un \u00e1gape posterior a la proyecci\u00f3n del film, dando continuidad a este invite instalada en la edici\u00f3n anterior.<\/p>\n<p style=\"text-align: justify;\">La propuesta de continuar proyectando las pel\u00edculas de este Ciclo en las instalaciones de la Biblioteca Popular, responde al inter\u00e9s de <em>abrir el juego<\/em> lo cual se encuentra plasmado en el t\u00edtulo de las <em>Jornadas Bibliotecol\u00f3gicas 2017<\/em>: articular con la comunidad acad\u00e9mica y en general, promocionar la Carrera y fortalecer las representaciones que de ella circulan y atraer destinatarios\/lectores posibles y m\u00faltiples.<\/p>\n","protected":false},"excerpt":{"rendered":"<p>Dentro de las XIV Jornadas Bibliotecol\u00f3gicas 2017: &#8220;Experiencias en la (con) formaci\u00f3n bibliotecol\u00f3gica y vinculaci\u00f3n con la comunidad&#8221; se dar\u00e1 inicio al ciclo de cine &#8220;Lecturas imaginarias: Miradas cinematogr\u00e1ficas sobre lectores y bibliotecas&#8221; con la proyecci\u00f3n de &#8220;To walk invisible&#8221;.\u00a0<\/p>\n","protected":false},"author":10,"featured_media":16679,"comment_status":"open","ping_status":"closed","sticky":false,"template":"","format":"standard","meta":{"extendify_custom_stylesheet":""},"categories":[73],"tags":[106,2733,5,2728],"_links":{"self":[{"href":"https:\/\/www.fhycs.unam.edu.ar\/portada\/wp-json\/wp\/v2\/posts\/16672"}],"collection":[{"href":"https:\/\/www.fhycs.unam.edu.ar\/portada\/wp-json\/wp\/v2\/posts"}],"about":[{"href":"https:\/\/www.fhycs.unam.edu.ar\/portada\/wp-json\/wp\/v2\/types\/post"}],"author":[{"embeddable":true,"href":"https:\/\/www.fhycs.unam.edu.ar\/portada\/wp-json\/wp\/v2\/users\/10"}],"replies":[{"embeddable":true,"href":"https:\/\/www.fhycs.unam.edu.ar\/portada\/wp-json\/wp\/v2\/comments?post=16672"}],"version-history":[{"count":16,"href":"https:\/\/www.fhycs.unam.edu.ar\/portada\/wp-json\/wp\/v2\/posts\/16672\/revisions"}],"predecessor-version":[{"id":16800,"href":"https:\/\/www.fhycs.unam.edu.ar\/portada\/wp-json\/wp\/v2\/posts\/16672\/revisions\/16800"}],"wp:featuredmedia":[{"embeddable":true,"href":"https:\/\/www.fhycs.unam.edu.ar\/portada\/wp-json\/wp\/v2\/media\/16679"}],"wp:attachment":[{"href":"https:\/\/www.fhycs.unam.edu.ar\/portada\/wp-json\/wp\/v2\/media?parent=16672"}],"wp:term":[{"taxonomy":"category","embeddable":true,"href":"https:\/\/www.fhycs.unam.edu.ar\/portada\/wp-json\/wp\/v2\/categories?post=16672"},{"taxonomy":"post_tag","embeddable":true,"href":"https:\/\/www.fhycs.unam.edu.ar\/portada\/wp-json\/wp\/v2\/tags?post=16672"}],"curies":[{"name":"wp","href":"https:\/\/api.w.org\/{rel}","templated":true}]}}