{"id":16737,"date":"2017-09-06T09:06:46","date_gmt":"2017-09-06T12:06:46","guid":{"rendered":"http:\/\/www.fhycs.unam.edu.ar\/portada\/?p=16737"},"modified":"2017-09-07T15:42:55","modified_gmt":"2017-09-07T18:42:55","slug":"se-celebrara-el-dia-del-bibliotecario-en-la-fhycs","status":"publish","type":"post","link":"https:\/\/www.fhycs.unam.edu.ar\/portada\/se-celebrara-el-dia-del-bibliotecario-en-la-fhycs\/","title":{"rendered":"Se celebrar\u00e1 el D\u00eda del Bibliotecario en la FHyCS"},"content":{"rendered":"<p style=\"text-align: justify;\"><img loading=\"lazy\" class=\"size-medium wp-image-16767 alignleft\" src=\"https:\/\/www.fhycs.unam.edu.ar\/portada\/wp-content\/uploads\/2017\/09\/XIII-Jornadas-Bibliotecol\u00f3gicas-2016-_-300x199.jpg\" alt=\"\" width=\"300\" height=\"199\" srcset=\"https:\/\/www.fhycs.unam.edu.ar\/portada\/wp-content\/uploads\/2017\/09\/XIII-Jornadas-Bibliotecol\u00f3gicas-2016-_-300x199.jpg 300w, https:\/\/www.fhycs.unam.edu.ar\/portada\/wp-content\/uploads\/2017\/09\/XIII-Jornadas-Bibliotecol\u00f3gicas-2016-_-768x508.jpg 768w, https:\/\/www.fhycs.unam.edu.ar\/portada\/wp-content\/uploads\/2017\/09\/XIII-Jornadas-Bibliotecol\u00f3gicas-2016-_.jpg 938w\" sizes=\"(max-width: 300px) 100vw, 300px\" \/>La celebraci\u00f3n ser\u00e1 dentro de las\u00a0<strong>XIV Jornadas de Bibliotecolog\u00eda<\/strong>\u00a0bajo el nombre de\u00a0<em>\u201cExperiencias en la formaci\u00f3n bibliotecol\u00f3gica y vinculaci\u00f3n con la comunidad\u201d<\/em>\u00a0el Programa de Extensi\u00f3n del Departamento y de Bibliotecolog\u00eda.<!--more--><\/p>\n<blockquote>\n<h4 style=\"text-align: right;\"><span style=\"color: #008080;\">\u00a0Ser\u00e1 el mi\u00e9rcoles 13 de septiembre \u00a0de\u00a08:00 a 20 hs.<\/span><\/h4>\n<h4 style=\"text-align: right;\"><span style=\"color: #008080;\">SUM del Edificio Juan Figueredo de la Facultad de Humanidades y Ciencias Sociales.<\/span><\/h4>\n<\/blockquote>\n<p><img loading=\"lazy\" class=\"size-medium wp-image-16766 alignright\" style=\"text-align: justify;\" src=\"https:\/\/www.fhycs.unam.edu.ar\/portada\/wp-content\/uploads\/2017\/09\/XIII-Jornadas-Bibliotecol\u00f3gicas-2016-300x199.jpg\" alt=\"\" width=\"300\" height=\"199\" srcset=\"https:\/\/www.fhycs.unam.edu.ar\/portada\/wp-content\/uploads\/2017\/09\/XIII-Jornadas-Bibliotecol\u00f3gicas-2016-300x199.jpg 300w, https:\/\/www.fhycs.unam.edu.ar\/portada\/wp-content\/uploads\/2017\/09\/XIII-Jornadas-Bibliotecol\u00f3gicas-2016-768x508.jpg 768w, https:\/\/www.fhycs.unam.edu.ar\/portada\/wp-content\/uploads\/2017\/09\/XIII-Jornadas-Bibliotecol\u00f3gicas-2016.jpg 938w\" sizes=\"(max-width: 300px) 100vw, 300px\" \/><\/p>\n<p style=\"text-align: justify;\">Este a\u00f1o las Jornadas <strong>se centrar\u00e1n en las experiencias en la\u00a0formaci\u00f3n\u00a0bibliotecol\u00f3gica y la vinculaci\u00f3n con la comunidad<\/strong>. Se presentar\u00e1n paneles de estudiantes y docentes exponiendo diferentes aspectos de la formaci\u00f3n. Y por la tarde se presentar\u00e1n experiencias de vinculaci\u00f3n con la comunidad llevadas adelante por Bibliotecas. Adem\u00e1s habr\u00e1 exposici\u00f3n de posters de proyectos <strong>PROFAE<\/strong> y de los avances de las tesinas de los\u00a0estudiantes de la licenciatura.<\/p>\n<p style=\"text-align: justify;\"><strong>Mirta Miranda<\/strong> Directora de la Carrera de Bibliotecolog\u00eda manifest\u00f3 sobre que cuestiones debe ocuparse el Bibliotecario y Licenciado en Bibliotecolog\u00eda en estos tiempos donde la tecnolog\u00eda est\u00e1 intermediando nuestras vidas <em>\u201cdebe ocuparse, pensar y preocuparse \u00a0de rol social y cultural tiene entre otras cosas hacer accesible la tecnolog\u00edas y los nuevos recursos de informaci\u00f3n\u201d.<\/em><\/p>\n<p style=\"text-align: justify;\">Durante las jornadas, se pretende instalar un espacio abierto para las nuevas generaciones y para la comunidad profesional que han acompa\u00f1ado a lo largo de estos <strong>catorce a\u00f1os<\/strong> las sucesivas ediciones de las jornadas, para reflexionar en torno a las posibilidades y responsabilidades que tiene el bibliotecario en tanto promotor sociocultural, propendiendo a la conformaci\u00f3n de un nuevo perfil m\u00e1s humano y social.<\/p>\n<blockquote>\n<h4 style=\"text-align: center;\"><a href=\"https:\/\/www.eventbrite.com.ar\/e\/xiv-jornadas-bibliotecologicas-2017-experiencias-en-la-con-formacion-bibliotecologica-y-vinculacion-tickets-37103045207?utm-medium=discovery&amp;utm-campaign=social&amp;utm-content=attendeeshare&amp;aff=esfb&amp;utm-source=fb&amp;utm-term=listing\"><span style=\"color: #008080;\">Inscripci\u00f3n aqu\u00ed<\/span><\/a><\/h4>\n<\/blockquote>\n<h2><\/h2>\n<table>\n<tbody>\n<tr>\n<td>\n<h2>Programa<\/h2>\n<h4>Turno ma\u00f1ana SUM 1\u00ba piso &#8211; Edif. Juan Figueredo &#8211; Col\u00f3n 2368<\/h4>\n<p>8:00hs. Acreditaci\u00f3n<\/p>\n<p>8:50hs. Apertura<\/p>\n<p><strong>9: 00 hs. Panel: Conformaciones ensay\u00edsticas en la Bibliotecolog\u00eda<\/strong><\/p>\n<p>Graciela Arg\u00fcello: \u201cDesde la musa de Tauro en Per\u00fa a la Ilustraci\u00f3n del siglo XVII y a nuestra Biblioteca Nacional\u201d<\/p>\n<p>Mar\u00eda Alicia B\u00e1ez: \u201cTodo lo que se esconde tras una visi\u00f3n manique\u00edsta de las tics y de las bibliotecas\u201d<\/p>\n<p>Presenta y modera: Lic. Gustavo Sim\u00f3n<\/p>\n<p><strong>9: 30hs. Panel: Campos disciplinares, experiencias te\u00f3ricas y vinculaciones bibliogr\u00e1ficas<\/strong><\/p>\n<p>Silvina Piccioni: \u201cClasificaci\u00f3n Decimal Universal: aproximaciones a su evoluci\u00f3n hist\u00f3rica y actualizaci\u00f3n profesional\u201d<\/p>\n<p>Juan Manuel Lascheuski: \u201cBibliotecolog\u00eda basada en evidencia: recorridos iniciales de lectura\u201d<\/p>\n<p>Rosa Dom\u00ednguez: \u201cLas bibliotecas desde una mirada socioeducativa\u201d<\/p>\n<p>Presenta y modera: Bibliotecario Juan Manuel Lascheuski<\/p>\n<p>&nbsp;<\/p>\n<p><strong>10: 00hs. Pausa para caf\u00e9<\/strong><\/p>\n<p>&nbsp;<\/p>\n<p><strong>10: 30 hs. Panel: Vinculaciones interinstitucionales: el viaje de estudio como experiencia acad\u00e9mica<\/strong><\/p>\n<p>\u201cDesde la planificaci\u00f3n a la experiencia: backstage y escenarios del viaje de estudio\u201da cargo de las alumnas Mar\u00eda Alicia B\u00e1ez, Gabriela Acu\u00f1a y Victoria Vecchietti. Presenta: Prof. Mirta Juana Miranda<\/p>\n<p>&#8220;Conversaciones y lecturas de un diario de viaje&#8221;, a cargo de alumnos de la c\u00e1tedra de Procesos Sociocomunicativos. Presentan Prof. Carla Andruskevicz y Prof. Romina Tor. Coordina Adscripto Cristian Cabrera<\/p>\n<p>\u201cBibliotecolog\u00eda y bibliotecas de Colombia: recuento de un itinerario\u201dProf. Mirta Juana Miranda.<\/p>\n<p><strong>9:00hs a 12:00hs. Exposici\u00f3n de poster<\/strong><\/p>\n<p>Proyectos PROFAE 2016 \u2013 Bibliotecolog\u00eda \u2013 FHyCS &#8211; UNaM<\/p>\n<p>Avances de las tesinas de estudiantes de la Licenciatura<\/p>\n<p><strong>12:00hs. Cierre.<\/strong><\/p>\n<h3><\/h3>\n<h3>Turno Tarde \u00a0SUM 1\u00ba piso &#8211; Edif. Juan Figueredo\u00a0 &#8211; Col\u00f3n 2368<\/h3>\n<p>15:00 hs. Acreditaci\u00f3n<\/p>\n<p>15:30 hs. Apertura<\/p>\n<p><strong>15:45hs. Panel: Bibliotecarios y Bibliotecas: vinculaciones con la comunidad<\/strong><\/p>\n<p>ABiM Asociaci\u00f3n Bibliotecaria de Misiones. \u201cEspacio ABiM: experiencias de un proyecto sociocomunitario en la radio\u201d BibliotecariaNatalia Nestasio<\/p>\n<p>Biblioteca P\u00fablica de las Misiones. &#8220;La Biblioteca P\u00fablica De Las Misiones, una biblioteca p\u00fablica activa&#8221; Arq. Iris G\u00f3mez y Lic. EricaMogdans.<\/p>\n<p>Biblioteca Popular Sarmiento de Santa Ana. \u201cLas organizaciones y sus asociados\u201dBibliotecaria Elsa Tita Ta\u00f1ski<\/p>\n<p>Biblioteca Popular Posadas. \u201cComunidad y biblioteca: Experiencias para la inclusi\u00f3n de nuevos usuarios\u201d Sra Perla Dubovitzky<\/p>\n<p>\u201cBibliotecas P\u00fablicas M\u00f3viles para la paz\u201d MinCultura. Colombia. Bibliotecaria D\u00e9bora Solange Saldivar<\/p>\n<p>17.40hs. Memorablia: Anuario del Departamento de Bibliotecolog\u00eda. A\u00f1o 1, N\u00ba 1, 2016.<\/p>\n<p><strong>15hs. a 18 hs. Exposici\u00f3n de poster<\/strong><\/p>\n<p>Proyectos PROFAE 2016 \u2013 Bibliotecolog\u00eda \u2013 FHyCS &#8211; UNaM<\/p>\n<p>Avances de las tesinas de estudiantes de la Licenciatura<\/p>\n<p><strong>18:00 hs. Cierre.<\/strong><\/p>\n<p>&nbsp;<\/p>\n<h3>18.15 hs. Brindis \u00a0Aula Magna. Calle Tucum\u00e1n 1946 &#8211; Planta Baja.<\/h3>\n<\/td>\n<\/tr>\n<\/tbody>\n<\/table>\n<h3><strong>Ciclo de Cine<\/strong><\/h3>\n<p style=\"text-align: justify;\">Tambi\u00e9n en el marco de estas jornadas se ofrece la <strong>5ta edici\u00f3n del ciclo de cine <a href=\"https:\/\/www.fhycs.unam.edu.ar\/portada\/comienza-el-quinto-ciclo-de-cine-sobre-lecturas-imaginarias-en-posadas\/\" target=\"_blank\" rel=\"noopener\"><em>\u201cLecturas imaginarias: miradas cinematogr\u00e1ficas sobre lectores y bibliotecas\u201d<\/em><\/a>.<\/strong>\u00a0 Se inicia el lunes 4 de septiembre, y se desarrolla durante todos los lunes del mes, en la Biblioteca Popular Posadas. La primera proyecci\u00f3n ser\u00e1\u00a0\u00a0<em>\u201cTo walk invisible\u201d.\u00a0<\/em><\/p>\n<p style=\"text-align: justify;\"><a href=\"https:\/\/goo.gl\/u7nMtk\" target=\"_blank\" rel=\"noopener\">\u00a0Ver todo el cronograma de proyecciones <\/a><\/p>\n","protected":false},"excerpt":{"rendered":"<p>La celebraci\u00f3n ser\u00e1 dentro de las\u00a0XIV Jornadas de Bibliotecolog\u00eda\u00a0bajo el nombre de\u00a0\u201cExperiencias en la formaci\u00f3n bibliotecol\u00f3gica y vinculaci\u00f3n con la comunidad\u201d\u00a0el Programa de Extensi\u00f3n del Departamento y de Bibliotecolog\u00eda.<\/p>\n","protected":false},"author":25,"featured_media":16803,"comment_status":"open","ping_status":"closed","sticky":false,"template":"","format":"standard","meta":{"extendify_custom_stylesheet":""},"categories":[73,1110],"tags":[2747,2743,2745,2746,2744,162],"_links":{"self":[{"href":"https:\/\/www.fhycs.unam.edu.ar\/portada\/wp-json\/wp\/v2\/posts\/16737"}],"collection":[{"href":"https:\/\/www.fhycs.unam.edu.ar\/portada\/wp-json\/wp\/v2\/posts"}],"about":[{"href":"https:\/\/www.fhycs.unam.edu.ar\/portada\/wp-json\/wp\/v2\/types\/post"}],"author":[{"embeddable":true,"href":"https:\/\/www.fhycs.unam.edu.ar\/portada\/wp-json\/wp\/v2\/users\/25"}],"replies":[{"embeddable":true,"href":"https:\/\/www.fhycs.unam.edu.ar\/portada\/wp-json\/wp\/v2\/comments?post=16737"}],"version-history":[{"count":26,"href":"https:\/\/www.fhycs.unam.edu.ar\/portada\/wp-json\/wp\/v2\/posts\/16737\/revisions"}],"predecessor-version":[{"id":16827,"href":"https:\/\/www.fhycs.unam.edu.ar\/portada\/wp-json\/wp\/v2\/posts\/16737\/revisions\/16827"}],"wp:featuredmedia":[{"embeddable":true,"href":"https:\/\/www.fhycs.unam.edu.ar\/portada\/wp-json\/wp\/v2\/media\/16803"}],"wp:attachment":[{"href":"https:\/\/www.fhycs.unam.edu.ar\/portada\/wp-json\/wp\/v2\/media?parent=16737"}],"wp:term":[{"taxonomy":"category","embeddable":true,"href":"https:\/\/www.fhycs.unam.edu.ar\/portada\/wp-json\/wp\/v2\/categories?post=16737"},{"taxonomy":"post_tag","embeddable":true,"href":"https:\/\/www.fhycs.unam.edu.ar\/portada\/wp-json\/wp\/v2\/tags?post=16737"}],"curies":[{"name":"wp","href":"https:\/\/api.w.org\/{rel}","templated":true}]}}