{"id":16994,"date":"2017-09-13T16:54:33","date_gmt":"2017-09-13T19:54:33","guid":{"rendered":"http:\/\/www.fhycs.unam.edu.ar\/portada\/?p=16994"},"modified":"2017-09-15T11:47:00","modified_gmt":"2017-09-15T14:47:00","slug":"13-de-septiembre-dia-del-bibliotecario-en-argentina","status":"publish","type":"post","link":"https:\/\/www.fhycs.unam.edu.ar\/portada\/13-de-septiembre-dia-del-bibliotecario-en-argentina\/","title":{"rendered":"13 de Septiembre: D\u00eda del Bibliotecario en Argentina"},"content":{"rendered":"<p><img loading=\"lazy\" class=\"size-medium wp-image-16995 alignleft\" src=\"https:\/\/www.fhycs.unam.edu.ar\/portada\/wp-content\/uploads\/2017\/09\/EFEMERIDES_D\u00cdA_DEL_BIBLIOTECARIO_13_DE_SEPTIEMBRE-300x300.jpg\" alt=\"\" width=\"300\" height=\"300\" srcset=\"https:\/\/www.fhycs.unam.edu.ar\/portada\/wp-content\/uploads\/2017\/09\/EFEMERIDES_D\u00cdA_DEL_BIBLIOTECARIO_13_DE_SEPTIEMBRE-300x300.jpg 300w, https:\/\/www.fhycs.unam.edu.ar\/portada\/wp-content\/uploads\/2017\/09\/EFEMERIDES_D\u00cdA_DEL_BIBLIOTECARIO_13_DE_SEPTIEMBRE-150x150.jpg 150w, https:\/\/www.fhycs.unam.edu.ar\/portada\/wp-content\/uploads\/2017\/09\/EFEMERIDES_D\u00cdA_DEL_BIBLIOTECARIO_13_DE_SEPTIEMBRE.jpg 690w\" sizes=\"(max-width: 300px) 100vw, 300px\" \/><\/p>\n<p style=\"text-align: justify;\">Un 13 de septiembre de 1810, Mariano Moreno, miembro de la Primera Junta de Gobierno, anuncia en la \u201cGaceta de Buenos Aires\u201d la creaci\u00f3n de la Biblioteca P\u00fablica, hoy Biblioteca Nacional.\u00a0<!--more--><\/p>\n<p style=\"text-align: justify;\">Por este motivo, el Congreso de Bibliotecarios reunidos en Santiago del Estero\u00a0 en el a\u00f1o 1942 instituy\u00f3 esta fecha como el &#8220;D\u00eda del Bibliotecario&#8221;, mientras que a nivel nacional, en 1954, mediante sanci\u00f3n del Decreto Nro.17.650\/54 en esta fecha se reconoce la labor de todxs lxs bibliotecarios del pa\u00eds.<\/p>\n<p style=\"text-align: justify;\">La Facultad de Humanidades y Ciencias Sociales cuenta con las carreras de Bibliotecolog\u00eda y Lic. en Bibliotecolog\u00eda, y en el mes de septiembre se desarrollan una serie de actividades en homenaje a esta fecha emblem\u00e1tica , las cuales se denominan <strong><a href=\"https:\/\/www.fhycs.unam.edu.ar\/portada\/se-celebrara-el-dia-del-bibliotecario-en-la-fhycs\/\">Jornadas Bibliotecol\u00f3gicas<\/a><\/strong> y en 2017 ya lleva su d\u00e9cimo cuarta edici\u00f3n y en esta edici\u00f3n\u00a0se centrar\u00e1n en las experiencias en la formaci\u00f3n bibliotecol\u00f3gica y la vinculaci\u00f3n con la comunidad.<\/p>\n<p style=\"text-align: justify;\">El <strong><a href=\"https:\/\/www.fhycs.unam.edu.ar\/portada\/comienza-el-quinto-ciclo-de-cine-sobre-lecturas-imaginarias-en-posadas\/\">ciclo de cine<\/a><\/strong>: \u201cLecturas imaginarias: Miradas cinematogr\u00e1ficas sobre lectores y bibliotecas\u201d proyecta durante todos los lunes de septiembre una pel\u00edcula vinculada a los libros, este espacio es coordinado por el Departamento de Bibliotecolog\u00eda en conjunto a la Biblioteca Popular Posadas y constituye una de las propuestas que se organizan en el marco de las actividades de las jornadas bibliotecol\u00f3gicas.<\/p>\n","protected":false},"excerpt":{"rendered":"<p>Un 13 de septiembre de 1810, Mariano Moreno, miembro de la Primera Junta de Gobierno, anuncia en la \u201cGaceta de Buenos Aires\u201d la creaci\u00f3n de la Biblioteca P\u00fablica, hoy Biblioteca Nacional.\u00a0<\/p>\n","protected":false},"author":10,"featured_media":16995,"comment_status":"open","ping_status":"closed","sticky":false,"template":"","format":"standard","meta":{"extendify_custom_stylesheet":""},"categories":[73,2399],"tags":[106,1394,2787],"_links":{"self":[{"href":"https:\/\/www.fhycs.unam.edu.ar\/portada\/wp-json\/wp\/v2\/posts\/16994"}],"collection":[{"href":"https:\/\/www.fhycs.unam.edu.ar\/portada\/wp-json\/wp\/v2\/posts"}],"about":[{"href":"https:\/\/www.fhycs.unam.edu.ar\/portada\/wp-json\/wp\/v2\/types\/post"}],"author":[{"embeddable":true,"href":"https:\/\/www.fhycs.unam.edu.ar\/portada\/wp-json\/wp\/v2\/users\/10"}],"replies":[{"embeddable":true,"href":"https:\/\/www.fhycs.unam.edu.ar\/portada\/wp-json\/wp\/v2\/comments?post=16994"}],"version-history":[{"count":4,"href":"https:\/\/www.fhycs.unam.edu.ar\/portada\/wp-json\/wp\/v2\/posts\/16994\/revisions"}],"predecessor-version":[{"id":16999,"href":"https:\/\/www.fhycs.unam.edu.ar\/portada\/wp-json\/wp\/v2\/posts\/16994\/revisions\/16999"}],"wp:featuredmedia":[{"embeddable":true,"href":"https:\/\/www.fhycs.unam.edu.ar\/portada\/wp-json\/wp\/v2\/media\/16995"}],"wp:attachment":[{"href":"https:\/\/www.fhycs.unam.edu.ar\/portada\/wp-json\/wp\/v2\/media?parent=16994"}],"wp:term":[{"taxonomy":"category","embeddable":true,"href":"https:\/\/www.fhycs.unam.edu.ar\/portada\/wp-json\/wp\/v2\/categories?post=16994"},{"taxonomy":"post_tag","embeddable":true,"href":"https:\/\/www.fhycs.unam.edu.ar\/portada\/wp-json\/wp\/v2\/tags?post=16994"}],"curies":[{"name":"wp","href":"https:\/\/api.w.org\/{rel}","templated":true}]}}