{"id":17240,"date":"2017-09-25T14:53:07","date_gmt":"2017-09-25T17:53:07","guid":{"rendered":"http:\/\/www.fhycs.unam.edu.ar\/portada\/?p=17240"},"modified":"2017-10-02T10:56:43","modified_gmt":"2017-10-02T13:56:43","slug":"daniel-garcia-delgado-presentara-en-la-fhycs-su-libro-el-neoliberalismo-tardio-teoria-y-praxis","status":"publish","type":"post","link":"https:\/\/www.fhycs.unam.edu.ar\/portada\/daniel-garcia-delgado-presentara-en-la-fhycs-su-libro-el-neoliberalismo-tardio-teoria-y-praxis\/","title":{"rendered":"Daniel Garc\u00eda Delgado presentar\u00e1 en la FHyCS su libro \u201cEl Neoliberalismo tard\u00edo: Teor\u00eda y Praxis\u201d"},"content":{"rendered":"<div id=\"attachment_17255\" style=\"width: 235px\" class=\"wp-caption alignleft\"><img aria-describedby=\"caption-attachment-17255\" loading=\"lazy\" class=\"size-medium wp-image-17255\" src=\"https:\/\/www.fhycs.unam.edu.ar\/portada\/wp-content\/uploads\/2017\/09\/Neoliberalismo-Tard\u00edo-225x300.jpg\" alt=\"\" width=\"225\" height=\"300\" srcset=\"https:\/\/www.fhycs.unam.edu.ar\/portada\/wp-content\/uploads\/2017\/09\/Neoliberalismo-Tard\u00edo-225x300.jpg 225w, https:\/\/www.fhycs.unam.edu.ar\/portada\/wp-content\/uploads\/2017\/09\/Neoliberalismo-Tard\u00edo.jpg 768w\" sizes=\"(max-width: 225px) 100vw, 225px\" \/><p id=\"caption-attachment-17255\" class=\"wp-caption-text\">\u201cEl Neoliberalismo tard\u00edo: Teor\u00eda y Praxis\u201d<\/p><\/div>\n<p style=\"text-align: justify;\">Se trata del <strong><a href=\"https:\/\/www.fhycs.unam.edu.ar\/portada\/wp-content\/uploads\/2017\/09\/El-Neoliberalismo-tardio-Teoria-y-Praxis.pdf\" target=\"_blank\" rel=\"noopener\">documento de Trabajo N\u00ba 5<\/a><\/strong>, compilado por el <strong>Dr. Daniel Garc\u00eda Delgado<\/strong> y la <strong>Dra. Agustina Grandin<\/strong> y es parte del <strong>\u00c1rea Estado y Pol\u00edticas P\u00fablicas de FLACSO<\/strong>, donde reflexionan sobre <em>\u201cel cambio de ciclo pol\u00edtico y econ\u00f3mico en la regi\u00f3n, a partir del ascenso de la derecha en Argentina y Brasil entre el 2015 y el 2016\u201d.<\/em><!--more--><\/p>\n<blockquote>\n<h4 style=\"text-align: right;\"><span style=\"color: #008080;\">Ser\u00e1 presentado el mi\u00e9rcoles 4 de octubre a las 18:00 hs en el SUM del Edificio Juan Figueredo de la FHyCS (Col\u00f3n 2368).<\/span><\/h4>\n<\/blockquote>\n<p style=\"text-align: justify;\">La presentaci\u00f3n de la publicaci\u00f3n es organizada por <strong>Trabajadores Sociales por la Justicia Social<\/strong>, el <strong>Departamento de Trabajo Social<\/strong> y la <strong>Oficina de Graduados de la FHyCS<\/strong>.<\/p>\n<p style=\"text-align: justify;\">La compilaci\u00f3n forma parte de las<strong> <a href=\"http:\/\/flacso.org.ar\/noticias\/el-neoliberalismo-tardio-teoria-y-praxis\/\" target=\"_blank\" rel=\"noopener\">novedades editoriales <\/a><\/strong>de la <strong>Facultad Latinoamericana de Ciencias Sociales (FLACSO)<\/strong>, en ese sentido los compiladores explican en la introducci\u00f3n <em>\u201cEl cambio de ciclo pol\u00edtico y econ\u00f3mico en la regi\u00f3n, a partir del ascenso de la derecha en Argentina y Brasil entre el 2015 y el 2016, nos impone la obligaci\u00f3n de reflexionar y problematizar, desde el mundo acad\u00e9mico, este nuevo escenario&#8221;. <\/em><\/p>\n<p style=\"text-align: justify;\"><em>Tambi\u00e9n, consideraron que &#8220;este documento de trabajo, y los art\u00edculos que lo componen, son producto de esta necesidad de encontrar instrumentos te\u00f3ricos que nos permitan iluminar la complejidad de este proceso que, como sociedad, nos toca transitar&#8221;. <\/em><\/p>\n<p style=\"text-align: justify;\"><em>&#8220;Este nuevo ciclo ha producido un giro sustantivo respecto del rumbo que manten\u00edan los anteriores gobiernos nacional \u2013 populares, neo desarrollistas y de centro izquierda de la \u00faltima d\u00e9cada y media en Am\u00e9rica del Sur. En este escenario consideramos imperante interrogarnos sobre la sustentabilidad econ\u00f3mica, pol\u00edtica, social y cultural de esta ola neoliberal tard\u00eda, y por lo tanto, del futuro de la regi\u00f3n. Principio del formulario\u201d, describen.<\/em><\/p>\n<p style=\"text-align: justify;\">\u201cEn la Argentina se est\u00e1 viviendo desde hace m\u00e1s de un a\u00f1o, un cambio de ciclo que interrumpe una d\u00e9cada de pol\u00edticas p\u00fablicas, modificando la matriz productiva del pa\u00eds. Todo parece estar puesto nuevamente en cuesti\u00f3n, y todo parece volver a viejos debates pero sobre nuevas realidades. Por eso es necesario volver a pensar, y volver a las preguntas originarias de las Ciencias Sociales: preguntarnos por la naturaleza del poder, por el rol del Estado, por la din\u00e1mica del movimiento sindical y los movimientos sociales, por la ampliaci\u00f3n del espacio p\u00fablico y la ampliaci\u00f3n de derechos, por la justicia y sus instituciones, por el rol de los medios de comunicaci\u00f3n, y su impacto en el sentido com\u00fan y la cultura contempor\u00e1nea.\u201d Reflexiona <strong>Luis Alberto Quevedo Director FLACSO<\/strong> Sede Acad\u00e9mica Argentina.<\/p>\n<blockquote>\n<p style=\"text-align: justify;\"><a href=\"https:\/\/www.facebook.com\/ufi\/reaction\/profile\/browser\/?ft_ent_identifier=685074975022885&amp;av=100001018067999\"><br \/>\n<\/a><em>\u201clo tard\u00edo se explica por tres razones. Primero, porque ya no existe el consenso con que surgieron bajo el paradigma del pensamiento \u00fanico de Washington tras la ca\u00edda del Muro de Berl\u00edn. Es decir, la crisis neoliberal de principio de siglo mostr\u00f3 los l\u00edmites de ese modelo econ\u00f3mico y social. Segundo, el contexto de un mundo multipolar, agravado por el estancamiento econ\u00f3mico y el proteccionismo de los pa\u00edses centrales, es totalmente diferente a la fase aperturista y unipolar de los \u00b490. Y tercero, las sociedades de la regi\u00f3n que atravesaron el giro popular neodesarrollista, han profundizado y consolidado su conciencia de sus derechos y de sus posibilidades de acceso a mejores condiciones de vida, ingresos y oportunidades. Todo esto es, por lo menos hasta ahora, una memoria fresca de que \u201cotro mundo es posible\u201d.<\/em><\/p>\n<p style=\"text-align: justify;\">Daniel Garc\u00eda Delgado y Agustina Gradin<\/p>\n<\/blockquote>\n<p>&nbsp;<\/p>\n<h4>Garc\u00eda Delgado, Daniel<\/h4>\n<p style=\"text-align: justify;\">Doctor en Ciencia Pol\u00edtica. Director del \u00c1rea de Estado y Pol\u00edticas P\u00fablicas de FLACSO. Estudios de postgrado en FLACSO Argentina y en la Universidad de Maguncia (Alemania). Investigador CONICET, profesor regular de la UBA y docente de posgrado en FLACSO. Sus \u00e1reas de investigaci\u00f3n en los \u00faltimos a\u00f1os se concentran en el impacto de la globalizaci\u00f3n en la regi\u00f3n, la reforma del Estado, el modelo neoliberal y su crisis, el desarrollo y la democracia.<\/p>\n<h4>Ac\u00e1 el ejemplar<strong> <a href=\"https:\/\/www.fhycs.unam.edu.ar\/portada\/wp-content\/uploads\/2017\/09\/El-Neoliberalismo-tardio-Teoria-y-Praxis.pdf\" target=\"_blank\" rel=\"noopener\">complet\u00f3 en PDF<\/a><\/strong><\/h4>\n<iframe src=\"\/\/docs.google.com\/viewer?url=https%3A%2F%2Fwww.fhycs.unam.edu.ar%2Fportada%2Fwp-content%2Fuploads%2F2017%2F09%2FEl-Neoliberalismo-tardio-Teoria-y-Praxis.pdf&hl=es&embedded=true\" class=\"gde-frame\" style=\"width:100%; height:500px; border: none;\" scrolling=\"no\"><\/iframe>\n<p class=\"gde-text\"><a href=\"https:\/\/www.fhycs.unam.edu.ar\/portada\/wp-content\/uploads\/2017\/09\/El-Neoliberalismo-tardio-Teoria-y-Praxis.pdf\" class=\"gde-link\">Descargar (PDF, Desconocido)<\/a><\/p>\n","protected":false},"excerpt":{"rendered":"<p>Se trata del documento de Trabajo N\u00ba 5, compilado por el Dr. Daniel Garc\u00eda Delgado y la Dra. Agustina Grandin y es parte del \u00c1rea Estado y Pol\u00edticas P\u00fablicas de FLACSO, donde reflexionan sobre \u201cel cambio de ciclo pol\u00edtico y econ\u00f3mico en la regi\u00f3n, a partir del ascenso de la derecha en Argentina y Brasil [&hellip;]<\/p>\n","protected":false},"author":5,"featured_media":17260,"comment_status":"open","ping_status":"closed","sticky":false,"template":"","format":"standard","meta":{"extendify_custom_stylesheet":""},"categories":[42,2,2827],"tags":[2823,2824,2822,2825,5,2826],"_links":{"self":[{"href":"https:\/\/www.fhycs.unam.edu.ar\/portada\/wp-json\/wp\/v2\/posts\/17240"}],"collection":[{"href":"https:\/\/www.fhycs.unam.edu.ar\/portada\/wp-json\/wp\/v2\/posts"}],"about":[{"href":"https:\/\/www.fhycs.unam.edu.ar\/portada\/wp-json\/wp\/v2\/types\/post"}],"author":[{"embeddable":true,"href":"https:\/\/www.fhycs.unam.edu.ar\/portada\/wp-json\/wp\/v2\/users\/5"}],"replies":[{"embeddable":true,"href":"https:\/\/www.fhycs.unam.edu.ar\/portada\/wp-json\/wp\/v2\/comments?post=17240"}],"version-history":[{"count":10,"href":"https:\/\/www.fhycs.unam.edu.ar\/portada\/wp-json\/wp\/v2\/posts\/17240\/revisions"}],"predecessor-version":[{"id":17259,"href":"https:\/\/www.fhycs.unam.edu.ar\/portada\/wp-json\/wp\/v2\/posts\/17240\/revisions\/17259"}],"wp:featuredmedia":[{"embeddable":true,"href":"https:\/\/www.fhycs.unam.edu.ar\/portada\/wp-json\/wp\/v2\/media\/17260"}],"wp:attachment":[{"href":"https:\/\/www.fhycs.unam.edu.ar\/portada\/wp-json\/wp\/v2\/media?parent=17240"}],"wp:term":[{"taxonomy":"category","embeddable":true,"href":"https:\/\/www.fhycs.unam.edu.ar\/portada\/wp-json\/wp\/v2\/categories?post=17240"},{"taxonomy":"post_tag","embeddable":true,"href":"https:\/\/www.fhycs.unam.edu.ar\/portada\/wp-json\/wp\/v2\/tags?post=17240"}],"curies":[{"name":"wp","href":"https:\/\/api.w.org\/{rel}","templated":true}]}}