{"id":17351,"date":"2017-10-02T12:32:05","date_gmt":"2017-10-02T15:32:05","guid":{"rendered":"http:\/\/www.fhycs.unam.edu.ar\/portada\/?p=17351"},"modified":"2017-10-06T10:33:35","modified_gmt":"2017-10-06T13:33:35","slug":"inscriben-para-el-examen-de-certificacion-oficial-de-espanol-como-lengua-extranjera","status":"publish","type":"post","link":"https:\/\/www.fhycs.unam.edu.ar\/portada\/inscriben-para-el-examen-de-certificacion-oficial-de-espanol-como-lengua-extranjera\/","title":{"rendered":"Inscriben para el examen de Certificaci\u00f3n Oficial de Espa\u00f1ol como Lengua Extranjera en la UNaM"},"content":{"rendered":"<p style=\"text-align: justify;\"><img loading=\"lazy\" class=\"alignleft size-medium wp-image-17354\" src=\"https:\/\/www.fhycs.unam.edu.ar\/portada\/wp-content\/uploads\/2017\/10\/afiche-celu_A3_217_impresion-215x300.jpg\" alt=\"\" width=\"215\" height=\"300\" srcset=\"https:\/\/www.fhycs.unam.edu.ar\/portada\/wp-content\/uploads\/2017\/10\/afiche-celu_A3_217_impresion-215x300.jpg 215w, https:\/\/www.fhycs.unam.edu.ar\/portada\/wp-content\/uploads\/2017\/10\/afiche-celu_A3_217_impresion-768x1074.jpg 768w, https:\/\/www.fhycs.unam.edu.ar\/portada\/wp-content\/uploads\/2017\/10\/afiche-celu_A3_217_impresion-732x1024.jpg 732w, https:\/\/www.fhycs.unam.edu.ar\/portada\/wp-content\/uploads\/2017\/10\/afiche-celu_A3_217_impresion.jpg 858w\" sizes=\"(max-width: 215px) 100vw, 215px\" \/>La Universidad Nacional de Misiones es<strong>\u00a0<a href=\"https:\/\/www.fhycs.unam.edu.ar\/portada\/se-desarrollo-la-primer-evaluacion-de-espanol-como-idioma-extranjero\/\" target=\"_blank\" rel=\"noopener\">miembro del Consorcio ELSE<\/a><\/strong>\u00a0y es sede del examen desde 2015, en Proyecto Idiomas, de la FHyCS.\u00a0El <strong>10 de noviembre<\/strong> ser\u00e1 el examen CELU (Certificado de Espa\u00f1ol: Lengua y Uso) en las sedes en Argentina, Brasil, Asia y Europa.<br \/>\n<!--more--><\/p>\n<blockquote>\n<h4 style=\"text-align: right;\"><span style=\"color: #008080;\">La inscripci\u00f3n se podr\u00e1 hacer a trav\u00e9s del<strong> <a href=\"http:\/\/celu2.psi.unc.edu.ar\/es\/content\/inscripciones\" target=\"_blank\" rel=\"noopener\">sitio web<\/a><\/strong>\u00a0del <strong>Certificado de Espa\u00f1ol Lengua y Uso<\/strong> desde el 18 de septiembre <strong>hasta el 30 de octubre de 2017<\/strong>.<\/span><\/h4>\n<\/blockquote>\n<p style=\"text-align: justify;\">El <strong>CELU es el \u00fanico examen reconocido oficialmente por el Ministerio de Educaci\u00f3n y el Ministerio de Relaciones Exteriores de la Rep\u00fablica Argentina<\/strong>. Otorga un certificado de dominio que acredita el uso del idioma espa\u00f1ol como lengua segunda. Se acreditan dos niveles, el <strong>Intermedio<\/strong> y el <strong>Avanzado<\/strong>, que dan constancia, en distinto grado, de la capacidad ling\u00fc\u00edstica del hablante extranjero para actuar en situaciones laborales o acad\u00e9micas en cualquier pa\u00eds hispanohablante. Es un certificado de <strong>validez internacional sin fecha de caducidad<\/strong>. Al pie del certificado se incluyen las correlaciones de nivel con las escalas del Marco Com\u00fan de Referencia Europeo y el American Council on the Teaching of Foreign Languages:<\/p>\n<ul style=\"text-align: justify;\">\n<li>Celu Intermedio: B1+\/B2 del MCRE y Advanced Low de ACTFL<\/li>\n<li>Celu Avanzado: C1\/C2 del MCRE y Superior de ACTFL<\/li>\n<\/ul>\n<p style=\"text-align: justify;\"><img loading=\"lazy\" class=\"wp-image-17355 aligncenter\" src=\"https:\/\/www.fhycs.unam.edu.ar\/portada\/wp-content\/uploads\/2017\/10\/CELUDiptico2017-300x212.jpg\" alt=\"\" width=\"567\" height=\"401\" srcset=\"https:\/\/www.fhycs.unam.edu.ar\/portada\/wp-content\/uploads\/2017\/10\/CELUDiptico2017-300x212.jpg 300w, https:\/\/www.fhycs.unam.edu.ar\/portada\/wp-content\/uploads\/2017\/10\/CELUDiptico2017-768x543.jpg 768w, https:\/\/www.fhycs.unam.edu.ar\/portada\/wp-content\/uploads\/2017\/10\/CELUDiptico2017-1024x724.jpg 1024w, https:\/\/www.fhycs.unam.edu.ar\/portada\/wp-content\/uploads\/2017\/10\/CELUDiptico2017.jpg 1360w\" sizes=\"(max-width: 567px) 100vw, 567px\" \/>Se organizan dos tomas regulares por a\u00f1o. Tambi\u00e9n se organizan tomas extraordinarias a pedido de las sedes. Actualmente hay fechas extraordinarias en enero, marzo, abril y agosto. Los resultados se publican 45 d\u00edas despu\u00e9s del examen y los certificados se entregan aproximadamente tres meses m\u00e1s tarde.<\/p>\n<p style=\"text-align: justify;\">Esta certificaci\u00f3n cuenta con <strong>trece a\u00f1os de trayectoria en evaluaci\u00f3n, acreditaci\u00f3n y certificaci\u00f3n del espa\u00f1ol como lengua segunda<\/strong>. El equipo que dise\u00f1a, implementa y eval\u00faa el CELU se encuentra en constante capacitaci\u00f3n. M\u00e1s de 6000 personas ya lo han rendido, y el n\u00famero de inscriptos presenta un constante aumento desde el comienzo.<\/p>\n<blockquote>\n<h4 style=\"text-align: center;\"><a href=\"http:\/\/celu.lenguas.unc.edu.ar\/\" target=\"_blank\" rel=\"noopener\"><strong>Formulario de inscripci\u00f3n<\/strong><\/a><\/h4>\n<\/blockquote>\n<p style=\"text-align: justify;\"><strong>Para m\u00e1s informaci\u00f3n: www.celu.edu.ar \/ <a href=\"mailto:info@celu.edu.ar\">info@celu.edu.ar<\/a> <\/strong><\/p>\n","protected":false},"excerpt":{"rendered":"<p>La Universidad Nacional de Misiones es\u00a0miembro del Consorcio ELSE\u00a0y es sede del examen desde 2015, en Proyecto Idiomas, de la FHyCS.\u00a0El 10 de noviembre ser\u00e1 el examen CELU (Certificado de Espa\u00f1ol: Lengua y Uso) en las sedes en Argentina, Brasil, Asia y Europa.<\/p>\n","protected":false},"author":5,"featured_media":17353,"comment_status":"open","ping_status":"closed","sticky":false,"template":"","format":"standard","meta":{"extendify_custom_stylesheet":""},"categories":[965,10,1734,467],"tags":[2853,1776,1559,2852,621],"_links":{"self":[{"href":"https:\/\/www.fhycs.unam.edu.ar\/portada\/wp-json\/wp\/v2\/posts\/17351"}],"collection":[{"href":"https:\/\/www.fhycs.unam.edu.ar\/portada\/wp-json\/wp\/v2\/posts"}],"about":[{"href":"https:\/\/www.fhycs.unam.edu.ar\/portada\/wp-json\/wp\/v2\/types\/post"}],"author":[{"embeddable":true,"href":"https:\/\/www.fhycs.unam.edu.ar\/portada\/wp-json\/wp\/v2\/users\/5"}],"replies":[{"embeddable":true,"href":"https:\/\/www.fhycs.unam.edu.ar\/portada\/wp-json\/wp\/v2\/comments?post=17351"}],"version-history":[{"count":8,"href":"https:\/\/www.fhycs.unam.edu.ar\/portada\/wp-json\/wp\/v2\/posts\/17351\/revisions"}],"predecessor-version":[{"id":17368,"href":"https:\/\/www.fhycs.unam.edu.ar\/portada\/wp-json\/wp\/v2\/posts\/17351\/revisions\/17368"}],"wp:featuredmedia":[{"embeddable":true,"href":"https:\/\/www.fhycs.unam.edu.ar\/portada\/wp-json\/wp\/v2\/media\/17353"}],"wp:attachment":[{"href":"https:\/\/www.fhycs.unam.edu.ar\/portada\/wp-json\/wp\/v2\/media?parent=17351"}],"wp:term":[{"taxonomy":"category","embeddable":true,"href":"https:\/\/www.fhycs.unam.edu.ar\/portada\/wp-json\/wp\/v2\/categories?post=17351"},{"taxonomy":"post_tag","embeddable":true,"href":"https:\/\/www.fhycs.unam.edu.ar\/portada\/wp-json\/wp\/v2\/tags?post=17351"}],"curies":[{"name":"wp","href":"https:\/\/api.w.org\/{rel}","templated":true}]}}