{"id":18092,"date":"2017-11-02T07:26:54","date_gmt":"2017-11-02T10:26:54","guid":{"rendered":"http:\/\/www.fhycs.unam.edu.ar\/portada\/?p=18092"},"modified":"2017-11-02T11:11:46","modified_gmt":"2017-11-02T14:11:46","slug":"se-hizo-visible-al-publico-la-situacion-del-parador-turistico-disenado-por-clorindo-testa-en-aristobulo-del-valle","status":"publish","type":"post","link":"https:\/\/www.fhycs.unam.edu.ar\/portada\/se-hizo-visible-al-publico-la-situacion-del-parador-turistico-disenado-por-clorindo-testa-en-aristobulo-del-valle\/","title":{"rendered":"Se visibiliz\u00f3 la situaci\u00f3n del Parador Tur\u00edstico dise\u00f1ado por Clorindo Testa en Arist\u00f3bulo del Valle"},"content":{"rendered":"<p><strong><img loading=\"lazy\" class=\"size-medium wp-image-18093 alignleft\" src=\"https:\/\/www.fhycs.unam.edu.ar\/portada\/wp-content\/uploads\/2017\/11\/22893960_10212833070093767_3056229896571608871_n-212x300.jpg\" alt=\"\" width=\"212\" height=\"300\" srcset=\"https:\/\/www.fhycs.unam.edu.ar\/portada\/wp-content\/uploads\/2017\/11\/22893960_10212833070093767_3056229896571608871_n-212x300.jpg 212w, https:\/\/www.fhycs.unam.edu.ar\/portada\/wp-content\/uploads\/2017\/11\/22893960_10212833070093767_3056229896571608871_n.jpg 677w\" sizes=\"(max-width: 212px) 100vw, 212px\" \/><\/strong><\/p>\n<p style=\"text-align: justify;\">En una jornada organizada por integrantes del Proyecto <strong>MMM3: Provincializaci\u00f3n de Misiones: la arquitectura del Movimiento Moderno<\/strong>, dirigido por la <strong>Dra. Arq. Graciela Cecilia Gayetzky de Kuna<\/strong>; dependiente de la Facultad de Humanidades y Ciencias Sociales de la UNaM, se realiz\u00f3 el martes 31 de Octubre en el Sal\u00f3n del Bicentenario de la localidad de Arist\u00f3bulo del Valle.<!--more--><\/p>\n<blockquote>\n<h4 style=\"text-align: right;\"><span style=\"color: #008080;\"><strong>Las autoridades presentes tuvieron oportunidad de exponer las acciones que llevaban adelante con la intenci\u00f3n de declarar el edificio como Patrimonio Hist\u00f3rico y proponer acciones tendientes a su conservaci\u00f3n y reparaci\u00f3n.<\/strong><\/span><\/h4>\n<\/blockquote>\n<p style=\"text-align: justify;\">El evento cont\u00f3 con la presencia de la <strong>Subsecretaria de Cultura de la Provincia Prof. Luc\u00eda Mikitiuk<\/strong>, el <strong>Intendente de la localidad Eldor Hut<\/strong>, varios miembros del Concejo Deliberante y representantes de la sociedad local.<\/p>\n<p style=\"text-align: justify;\">Se inici\u00f3 con la disertaci\u00f3n a cargo del <strong>profesor Rub\u00e9n Stasuck<\/strong>, quien present\u00f3 al intendente y la Secretaria de Cultura, los que brindaron conceptos y manifestaron su apoyo a este proyecto. Luego Stasuck inici\u00f3 su exposici\u00f3n sobre el contexto hist\u00f3rico en el que fueron realizadas las obras, haciendo especial hincapi\u00e9 en la que est\u00e1 situada en un predio vecino al local donde se desarrollaba el evento.<\/p>\n<p><img loading=\"lazy\" class=\"size-medium wp-image-18095 alignright\" src=\"https:\/\/www.fhycs.unam.edu.ar\/portada\/wp-content\/uploads\/2017\/11\/23167661_10212833070133768_791097328971153711_n-300x212.jpg\" alt=\"\" width=\"300\" height=\"212\" srcset=\"https:\/\/www.fhycs.unam.edu.ar\/portada\/wp-content\/uploads\/2017\/11\/23167661_10212833070133768_791097328971153711_n-300x212.jpg 300w, https:\/\/www.fhycs.unam.edu.ar\/portada\/wp-content\/uploads\/2017\/11\/23167661_10212833070133768_791097328971153711_n-768x543.jpg 768w, https:\/\/www.fhycs.unam.edu.ar\/portada\/wp-content\/uploads\/2017\/11\/23167661_10212833070133768_791097328971153711_n.jpg 960w\" sizes=\"(max-width: 300px) 100vw, 300px\" \/><\/p>\n<p style=\"text-align: justify;\">A continuaci\u00f3n la arquitecta Agustina Basile profundiz\u00f3 los conceptos con respecto al dise\u00f1o de las estructuras y su construcci\u00f3n, lamentando el mal estado de conservaci\u00f3n en que se encuentran varias de las obras realizadas en la \u00e9poca del inicio de la provincializaci\u00f3n de Misiones, en un plan de desarrollo que abarc\u00f3 \u00e1reas de Turismo, Salud y Educaci\u00f3n. Varias de estas obras fueron dise\u00f1adas por el reconocido <strong>Arquitecto Clorindo Testa<\/strong>, pero muy pocos conocen el origen de las mismas.<\/p>\n<p style=\"text-align: justify;\">Cuando finaliz\u00f3 la exposici\u00f3n se plantearon preguntas y se abri\u00f3 un debate con respecto a la intervenci\u00f3n sin un plan de restauraci\u00f3n que est\u00e1 realizando Vialidad Provincial en el edificio. El parador se encuentra en el predio de este organismo y se encuentra en proceso de refacci\u00f3n, con el objeto de alojar personal, sin respetar el objetivo ni el dise\u00f1o original y da\u00f1ando parte de lo que queda en pie durante el proceso.<\/p>\n<p style=\"text-align: justify;\">(Fuente: Lic. Jorge Lavalle -integrante del proyecto)<\/p>\n","protected":false},"excerpt":{"rendered":"<p>En una jornada organizada por integrantes del Proyecto MMM3: Provincializaci\u00f3n de Misiones: la arquitectura del Movimiento Moderno, dirigido por la Dra. Arq. Graciela Cecilia Gayetzky de Kuna; dependiente de la Facultad de Humanidades y Ciencias Sociales de la UNaM, se realiz\u00f3 el martes 31 de Octubre en el Sal\u00f3n del Bicentenario de la localidad de [&hellip;]<\/p>\n","protected":false},"author":10,"featured_media":18094,"comment_status":"open","ping_status":"closed","sticky":false,"template":"","format":"standard","meta":{"extendify_custom_stylesheet":""},"categories":[10,794],"tags":[3029,3030],"_links":{"self":[{"href":"https:\/\/www.fhycs.unam.edu.ar\/portada\/wp-json\/wp\/v2\/posts\/18092"}],"collection":[{"href":"https:\/\/www.fhycs.unam.edu.ar\/portada\/wp-json\/wp\/v2\/posts"}],"about":[{"href":"https:\/\/www.fhycs.unam.edu.ar\/portada\/wp-json\/wp\/v2\/types\/post"}],"author":[{"embeddable":true,"href":"https:\/\/www.fhycs.unam.edu.ar\/portada\/wp-json\/wp\/v2\/users\/10"}],"replies":[{"embeddable":true,"href":"https:\/\/www.fhycs.unam.edu.ar\/portada\/wp-json\/wp\/v2\/comments?post=18092"}],"version-history":[{"count":3,"href":"https:\/\/www.fhycs.unam.edu.ar\/portada\/wp-json\/wp\/v2\/posts\/18092\/revisions"}],"predecessor-version":[{"id":18113,"href":"https:\/\/www.fhycs.unam.edu.ar\/portada\/wp-json\/wp\/v2\/posts\/18092\/revisions\/18113"}],"wp:featuredmedia":[{"embeddable":true,"href":"https:\/\/www.fhycs.unam.edu.ar\/portada\/wp-json\/wp\/v2\/media\/18094"}],"wp:attachment":[{"href":"https:\/\/www.fhycs.unam.edu.ar\/portada\/wp-json\/wp\/v2\/media?parent=18092"}],"wp:term":[{"taxonomy":"category","embeddable":true,"href":"https:\/\/www.fhycs.unam.edu.ar\/portada\/wp-json\/wp\/v2\/categories?post=18092"},{"taxonomy":"post_tag","embeddable":true,"href":"https:\/\/www.fhycs.unam.edu.ar\/portada\/wp-json\/wp\/v2\/tags?post=18092"}],"curies":[{"name":"wp","href":"https:\/\/api.w.org\/{rel}","templated":true}]}}