{"id":18240,"date":"2017-11-09T13:59:06","date_gmt":"2017-11-09T16:59:06","guid":{"rendered":"http:\/\/www.fhycs.unam.edu.ar\/portada\/?p=18240"},"modified":"2017-11-17T13:05:29","modified_gmt":"2017-11-17T16:05:29","slug":"la-fhycs-lanza-un-programa-sobre-el-centenario-de-la-reforma-universitaria","status":"publish","type":"post","link":"https:\/\/www.fhycs.unam.edu.ar\/portada\/la-fhycs-lanza-un-programa-sobre-el-centenario-de-la-reforma-universitaria\/","title":{"rendered":"La FHyCS lanza un Programa sobre el Centenario de la Reforma Universitaria"},"content":{"rendered":"<p><img loading=\"lazy\" class=\"size-medium wp-image-18284 alignleft\" src=\"https:\/\/www.fhycs.unam.edu.ar\/portada\/wp-content\/uploads\/2017\/11\/afiche-reforma-212x300.png\" alt=\"\" width=\"212\" height=\"300\" srcset=\"https:\/\/www.fhycs.unam.edu.ar\/portada\/wp-content\/uploads\/2017\/11\/afiche-reforma-212x300.png 212w, https:\/\/www.fhycs.unam.edu.ar\/portada\/wp-content\/uploads\/2017\/11\/afiche-reforma-768x1085.png 768w, https:\/\/www.fhycs.unam.edu.ar\/portada\/wp-content\/uploads\/2017\/11\/afiche-reforma-725x1024.png 725w, https:\/\/www.fhycs.unam.edu.ar\/portada\/wp-content\/uploads\/2017\/11\/afiche-reforma.png 1169w\" sizes=\"(max-width: 212px) 100vw, 212px\" \/><\/p>\n<p style=\"text-align: justify;\">En conmemoraci\u00f3n del Centenario de la Reforma de 1918 se realizar\u00e1 el Lanzamiento del Programa de Extensi\u00f3n: <strong><em>&#8220;La Reforma Universitaria y su Pensamiento Estrat\u00e9gico&#8221;<\/em><\/strong> de la Facultad de Humanidades y Ciencias Sociales de la UNaM, declarado de Inter\u00e9s por el Honorable Consejo Superior -Res.\u00a0HCS 071\/2017- \u00a0que plantea como uno de sus prop\u00f3sitos la recuperaci\u00f3n de experiencias de los \u00faltimos a\u00f1os, generando espacios de reflexi\u00f3n que habiliten modelos nuevos\u00a0 y eficientes para discutir y debatir sobre problem\u00e1ticas sociales, adem\u00e1s de reflexionar sobre las demandas de nuestro medio y sus perspectivas acad\u00e9micas.<!--more--><\/p>\n<blockquote>\n<h4 style=\"text-align: right;\"><span style=\"color: #008080;\">El lanzamiento se realizar\u00e1 el d\u00eda mi\u00e9rcoles 15 de noviembre del cte. a\u00f1o a las 18 hs en el SUM del Edificio Juan Figueredo- Col\u00f3n 2368, primer piso- . <\/span><\/h4>\n<h4 style=\"text-align: right;\"><span style=\"color: #008080;\">Efectuado el tr\u00e1mite de No C\u00f3mputo de Inasistencia ante el CGE mediante el N\u00b0 40343\/17, posteriormente se har\u00e1 entrega de certificados a los asistentes. <\/span><\/h4>\n<h4 style=\"text-align: right;\"><span style=\"color: #008080;\">Res. Honorable Consejo Directivo de la FHyCS N\u00b0 121\/2017<\/span><\/h4>\n<\/blockquote>\n<p style=\"text-align: justify;\">Este Programa se desarrollar\u00e1 entre noviembre de 2017 y noviembre 2018, per\u00edodo en el cual se desarrollar\u00e1n actividades en torno a ejes tem\u00e1ticas que surjan de los actores sociales como de las inquietudes acad\u00e9micas, como pueden ser, charlas, paneles, seminarios, talleres, jornadas de intercambio de las diferentes unidades acad\u00e9micas y con instituciones de nivel secundario, entre otras.<\/p>\n<p style=\"text-align: justify;\">Estar\u00e1n presentes el Rector de la UNaM, <strong>Dr. Javier Gortari<\/strong>, decanos de las diferentes unidades acad\u00e9micas, autoridades provinciales del poder Ejecutivo, Legislativa y Educativa, y el Decano de la Facultad de Ciencias Pol\u00edticas y Relaciones Internacionales de la Universidad Nacional de Rosario, <strong>Lic. Franco Bartolacci,<\/strong> quien brindar\u00e1 una conferencia magistral luego de la apertura protocolar.<\/p>\n<p style=\"text-align: justify;\">La actividad es totalmente libre y gratuita, destinada a docentes, graduados y estudiantes tanto de la universidad anfitriona como de otras instituciones del medios e interesados en la tem\u00e1tica.<\/p>\n<blockquote>\n<h4 style=\"text-align: center;\"><a href=\"https:\/\/docs.google.com\/forms\/d\/e\/1FAIpQLScgz7Yg61ZER8WKfhGwRuCtkVfAr0qW9W31SxwmD3IqF3y_FQ\/viewform?c=0&amp;w=1\" target=\"_blank\" rel=\"noopener\"><strong>Inscripci\u00f3n Online<\/strong><\/a><\/h4>\n<\/blockquote>\n<p><strong>Sobre el conferencista<\/strong><\/p>\n<iframe src=\"\/\/docs.google.com\/viewer?url=https%3A%2F%2Fwww.fhycs.unam.edu.ar%2Fportada%2Fwp-content%2Fuploads%2F2017%2F11%2F2017-11-CV-RESUMIDO-FRANCO-BARTOLACCI.pdf&hl=es&embedded=true\" class=\"gde-frame\" style=\"width:100%; height:500px; border: none;\" scrolling=\"no\"><\/iframe>\n<p class=\"gde-text\"><a href=\"https:\/\/www.fhycs.unam.edu.ar\/portada\/wp-content\/uploads\/2017\/11\/2017-11-CV-RESUMIDO-FRANCO-BARTOLACCI.pdf\" class=\"gde-link\">Descargar (PDF, 62KB)<\/a><\/p>\n<p style=\"text-align: center;\">\n","protected":false},"excerpt":{"rendered":"<p>En conmemoraci\u00f3n del Centenario de la Reforma de 1918 se realizar\u00e1 el Lanzamiento del Programa de Extensi\u00f3n: &#8220;La Reforma Universitaria y su Pensamiento Estrat\u00e9gico&#8221; de la Facultad de Humanidades y Ciencias Sociales de la UNaM, declarado de Inter\u00e9s por el Honorable Consejo Superior -Res.\u00a0HCS 071\/2017- \u00a0que plantea como uno de sus prop\u00f3sitos la recuperaci\u00f3n de [&hellip;]<\/p>\n","protected":false},"author":10,"featured_media":18312,"comment_status":"open","ping_status":"closed","sticky":false,"template":"","format":"standard","meta":{"extendify_custom_stylesheet":""},"categories":[10,3073,1428],"tags":[3096,3072,3074],"_links":{"self":[{"href":"https:\/\/www.fhycs.unam.edu.ar\/portada\/wp-json\/wp\/v2\/posts\/18240"}],"collection":[{"href":"https:\/\/www.fhycs.unam.edu.ar\/portada\/wp-json\/wp\/v2\/posts"}],"about":[{"href":"https:\/\/www.fhycs.unam.edu.ar\/portada\/wp-json\/wp\/v2\/types\/post"}],"author":[{"embeddable":true,"href":"https:\/\/www.fhycs.unam.edu.ar\/portada\/wp-json\/wp\/v2\/users\/10"}],"replies":[{"embeddable":true,"href":"https:\/\/www.fhycs.unam.edu.ar\/portada\/wp-json\/wp\/v2\/comments?post=18240"}],"version-history":[{"count":8,"href":"https:\/\/www.fhycs.unam.edu.ar\/portada\/wp-json\/wp\/v2\/posts\/18240\/revisions"}],"predecessor-version":[{"id":18315,"href":"https:\/\/www.fhycs.unam.edu.ar\/portada\/wp-json\/wp\/v2\/posts\/18240\/revisions\/18315"}],"wp:featuredmedia":[{"embeddable":true,"href":"https:\/\/www.fhycs.unam.edu.ar\/portada\/wp-json\/wp\/v2\/media\/18312"}],"wp:attachment":[{"href":"https:\/\/www.fhycs.unam.edu.ar\/portada\/wp-json\/wp\/v2\/media?parent=18240"}],"wp:term":[{"taxonomy":"category","embeddable":true,"href":"https:\/\/www.fhycs.unam.edu.ar\/portada\/wp-json\/wp\/v2\/categories?post=18240"},{"taxonomy":"post_tag","embeddable":true,"href":"https:\/\/www.fhycs.unam.edu.ar\/portada\/wp-json\/wp\/v2\/tags?post=18240"}],"curies":[{"name":"wp","href":"https:\/\/api.w.org\/{rel}","templated":true}]}}