{"id":18531,"date":"2017-11-21T13:05:12","date_gmt":"2017-11-21T16:05:12","guid":{"rendered":"http:\/\/www.fhycs.unam.edu.ar\/portada\/?p=18531"},"modified":"2017-11-21T13:05:12","modified_gmt":"2017-11-21T16:05:12","slug":"se-realizara-el-io-simposio-de-procesos-de-patrimonializacion-en-el-mercosur-dentro-de-la-ram","status":"publish","type":"post","link":"https:\/\/www.fhycs.unam.edu.ar\/portada\/se-realizara-el-io-simposio-de-procesos-de-patrimonializacion-en-el-mercosur-dentro-de-la-ram\/","title":{"rendered":"Se realizar\u00e1 el I\u00ba Simposio de Procesos de Patrimonializaci\u00f3n en el Mercosur dentro de la RAM"},"content":{"rendered":"<p style=\"text-align: justify;\"><img loading=\"lazy\" class=\"size-medium wp-image-18540 alignleft\" src=\"https:\/\/www.fhycs.unam.edu.ar\/portada\/wp-content\/uploads\/2017\/11\/Patrim-Simp-300x124.png\" alt=\"\" width=\"300\" height=\"124\" srcset=\"https:\/\/www.fhycs.unam.edu.ar\/portada\/wp-content\/uploads\/2017\/11\/Patrim-Simp-300x124.png 300w, https:\/\/www.fhycs.unam.edu.ar\/portada\/wp-content\/uploads\/2017\/11\/Patrim-Simp.png 403w\" sizes=\"(max-width: 300px) 100vw, 300px\" \/>Esta primera edici\u00f3n se inscribe en el marco de la <strong>XII Reuni\u00f3n de Antropolog\u00eda del Mercosur<\/strong>, y se desarrolla con el objetivo de crear un espacio de discusi\u00f3n cient\u00edfica sobre <strong>los procesos de patrimonializaci\u00f3n en la regi\u00f3n<\/strong>, reunir a expertos en la problem\u00e1tica-objeto provenientes de distintos pa\u00edses, y tambi\u00e9n compartir con la comunidad las <strong>producciones cient\u00edficas y art\u00edsticas<\/strong> que problematizan y dan cuenta del acervo patrimonial de nuestros pueblos.<!--more--><\/p>\n<p style=\"text-align: right;\"><strong><span style=\"color: #008080;\">5 y 6 de diciembre, 16:00 hs.\u00a0Audit\u00f3rium Museo An\u00edbal Cambas\u00a0(Roque Gonz\u00e1lez 550), Posadas<\/span><\/strong><\/p>\n<p style=\"text-align: justify;\">El mismo es organizado por el <strong>Departamento de Antropolog\u00eda Social<\/strong> de la Universidad Nacional de Misiones y es auspiciado por el programa Investiga Cultura del Ministerio de Cultura de la Naci\u00f3n.<\/p>\n<h6 style=\"text-align: justify;\"><strong>Cronograma de actividades:<\/strong><\/h6>\n<iframe src=\"\/\/docs.google.com\/viewer?url=https%3A%2F%2Fwww.fhycs.unam.edu.ar%2Fportada%2Fwp-content%2Fuploads%2F2017%2F11%2Fprograma-gral-A4-2-P_ginas.compressed.pdf&hl=es&embedded=true\" class=\"gde-frame\" style=\"width:100%; height:500px; border: none;\" scrolling=\"no\"><\/iframe>\n<p class=\"gde-text\"><a href=\"https:\/\/www.fhycs.unam.edu.ar\/portada\/wp-content\/uploads\/2017\/11\/programa-gral-A4-2-P_ginas.compressed.pdf\" class=\"gde-link\">Descargar (PDF, Desconocido)<\/a><\/p>\n<p style=\"text-align: justify;\"><span style=\"color: #008080;\"><strong>Contacto:<\/strong> <\/span><\/p>\n<p style=\"text-align: justify;\"><a href=\"mailto:siappm2017@gmail.com\">siappm2017@gmail.com<\/a><\/p>\n","protected":false},"excerpt":{"rendered":"<p>Esta primera edici\u00f3n se inscribe en el marco de la XII Reuni\u00f3n de Antropolog\u00eda del Mercosur, y se desarrolla con el objetivo de crear un espacio de discusi\u00f3n cient\u00edfica sobre los procesos de patrimonializaci\u00f3n en la regi\u00f3n, reunir a expertos en la problem\u00e1tica-objeto provenientes de distintos pa\u00edses, y tambi\u00e9n compartir con la comunidad las producciones [&hellip;]<\/p>\n","protected":false},"author":6,"featured_media":18534,"comment_status":"open","ping_status":"closed","sticky":false,"template":"","format":"standard","meta":{"extendify_custom_stylesheet":""},"categories":[36,794],"tags":[3124,5,3123,2439,2442],"_links":{"self":[{"href":"https:\/\/www.fhycs.unam.edu.ar\/portada\/wp-json\/wp\/v2\/posts\/18531"}],"collection":[{"href":"https:\/\/www.fhycs.unam.edu.ar\/portada\/wp-json\/wp\/v2\/posts"}],"about":[{"href":"https:\/\/www.fhycs.unam.edu.ar\/portada\/wp-json\/wp\/v2\/types\/post"}],"author":[{"embeddable":true,"href":"https:\/\/www.fhycs.unam.edu.ar\/portada\/wp-json\/wp\/v2\/users\/6"}],"replies":[{"embeddable":true,"href":"https:\/\/www.fhycs.unam.edu.ar\/portada\/wp-json\/wp\/v2\/comments?post=18531"}],"version-history":[{"count":11,"href":"https:\/\/www.fhycs.unam.edu.ar\/portada\/wp-json\/wp\/v2\/posts\/18531\/revisions"}],"predecessor-version":[{"id":18547,"href":"https:\/\/www.fhycs.unam.edu.ar\/portada\/wp-json\/wp\/v2\/posts\/18531\/revisions\/18547"}],"wp:featuredmedia":[{"embeddable":true,"href":"https:\/\/www.fhycs.unam.edu.ar\/portada\/wp-json\/wp\/v2\/media\/18534"}],"wp:attachment":[{"href":"https:\/\/www.fhycs.unam.edu.ar\/portada\/wp-json\/wp\/v2\/media?parent=18531"}],"wp:term":[{"taxonomy":"category","embeddable":true,"href":"https:\/\/www.fhycs.unam.edu.ar\/portada\/wp-json\/wp\/v2\/categories?post=18531"},{"taxonomy":"post_tag","embeddable":true,"href":"https:\/\/www.fhycs.unam.edu.ar\/portada\/wp-json\/wp\/v2\/tags?post=18531"}],"curies":[{"name":"wp","href":"https:\/\/api.w.org\/{rel}","templated":true}]}}