{"id":18552,"date":"2017-11-22T07:38:24","date_gmt":"2017-11-22T10:38:24","guid":{"rendered":"http:\/\/www.fhycs.unam.edu.ar\/portada\/?p=18552"},"modified":"2017-11-22T08:12:13","modified_gmt":"2017-11-22T11:12:13","slug":"colacion-2017-la-educacion-nos-permite-ver-criticamente-la-realidad","status":"publish","type":"post","link":"https:\/\/www.fhycs.unam.edu.ar\/portada\/colacion-2017-la-educacion-nos-permite-ver-criticamente-la-realidad\/","title":{"rendered":"Colaci\u00f3n 2017: &#8220;La educaci\u00f3n nos permite ver cr\u00edticamente la realidad&#8221;"},"content":{"rendered":"<p><img loading=\"lazy\" class=\"size-medium wp-image-18490 alignleft\" src=\"https:\/\/www.fhycs.unam.edu.ar\/portada\/wp-content\/uploads\/2017\/11\/TGU-300x200.jpg\" alt=\"\" width=\"300\" height=\"200\" srcset=\"https:\/\/www.fhycs.unam.edu.ar\/portada\/wp-content\/uploads\/2017\/11\/TGU-300x200.jpg 300w, https:\/\/www.fhycs.unam.edu.ar\/portada\/wp-content\/uploads\/2017\/11\/TGU-768x512.jpg 768w, https:\/\/www.fhycs.unam.edu.ar\/portada\/wp-content\/uploads\/2017\/11\/TGU-1024x683.jpg 1024w, https:\/\/www.fhycs.unam.edu.ar\/portada\/wp-content\/uploads\/2017\/11\/TGU.jpg 1152w\" sizes=\"(max-width: 300px) 100vw, 300px\" \/><\/p>\n<p style=\"text-align: justify;\">En un emotivo encuentro, graduados de las 16 carreras permanentes de la Facultad de Humanidades y Ciencias Sociales y los de la Tecnicatura en Gesti\u00f3n Universitaria (TGU) de la Universidad Nacional de Misiones, quienes recibieron sus diplomas en un acto cargado de an\u00e9cdotas y reflexiones en torno al momento celebratorio que se desarroll\u00f3.<!--more--><\/p>\n<blockquote>\n<h4 style=\"text-align: right;\"><span style=\"color: #008080;\">M\u00e1s de trescientos graduadxs recibieron sus diplomas acompa\u00f1ados de familiares y allegados.<\/span><\/h4>\n<\/blockquote>\n<p style=\"text-align: justify;\">En esta oportunidad se agasaj\u00f3 a los que culminaron sus respectivas carreras en el per\u00edodo 2016, siendo el primer acto de colaci\u00f3n de los flamantes graduados de la TGU en el 2015. Por este motivo, particip\u00f3 del evento el Sec. de Capacitaci\u00f3n de la FATUN, Daniel Villa.<img loading=\"lazy\" class=\"size-medium wp-image-18553 alignright\" src=\"https:\/\/www.fhycs.unam.edu.ar\/portada\/wp-content\/uploads\/2017\/11\/IMG_0182-FILEminimizer-300x200.jpg\" alt=\"\" width=\"300\" height=\"200\" srcset=\"https:\/\/www.fhycs.unam.edu.ar\/portada\/wp-content\/uploads\/2017\/11\/IMG_0182-FILEminimizer-300x200.jpg 300w, https:\/\/www.fhycs.unam.edu.ar\/portada\/wp-content\/uploads\/2017\/11\/IMG_0182-FILEminimizer-768x512.jpg 768w, https:\/\/www.fhycs.unam.edu.ar\/portada\/wp-content\/uploads\/2017\/11\/IMG_0182-FILEminimizer-1024x683.jpg 1024w, https:\/\/www.fhycs.unam.edu.ar\/portada\/wp-content\/uploads\/2017\/11\/IMG_0182-FILEminimizer.jpg 1152w\" sizes=\"(max-width: 300px) 100vw, 300px\" \/><\/p>\n<p style=\"text-align: justify;\">El acto, realizado el 4 de noviembre, estuvo presidido por el Vicerector de la UNaM. Ing. Fernando Kramer; el Secretario General del Gremio APUNaM, Sr. Diego Picaza; la Decana de la Facultad de Humanidades y Ciencias Sociales, Mgter. Gisela Spasiuk acompa\u00f1ada del Vicedecano, Mgter. Rub\u00e9n Zamboni.<\/p>\n<p style=\"text-align: justify;\">La Decana de la FHyCS destac\u00f3 el rol de la universidad en la sociedad que representa una posibilidad de movilidad social, por ello, enfatiz\u00f3 que, ante discursos facilistas que consideran la educaci\u00f3n p\u00fablica como un gasto, se torna necesario discutir y defender la educaci\u00f3n p\u00fablica para que est\u00e9 al alcance de todxs, sosteniendo que &#8220;la educaci\u00f3n nos interpela y permite que veamos cr\u00edticamente la realidad&#8221;.<\/p>\n<p style=\"text-align: justify;\"><strong>Reconocimientos<\/strong><\/p>\n<p style=\"text-align: justify;\">Fueron homenajeados los que obtuvieron los mejores promedios con una menci\u00f3n especial, destac\u00e1ndose a las medallas de Oro y Plata, Profesora Sof\u00eda Magdalena Szilak y Profesora Rosmary Anabella Sanjin\u00e9s, respectivamente. Ambas del profesorado en Historia con Orientaci\u00f3n en Ciencias Sociales, quienes dirigieron palabras alusivas a los presentes, tras recibir las medallas.<\/p>\n<p style=\"text-align: justify;\"><div id=\"metaslider-id-18493\" style=\"max-width: 1000px; margin: 0 auto;\" class=\"ml-slider-3-27-13 metaslider metaslider-nivo metaslider-18493 ml-slider ml-slider-lightbox-1-12-0 no-active-lightbox\">\n    <div id=\"metaslider_container_18493\">\n        <div class='slider-wrapper theme-default'><div class='ribbon'><\/div><div id='metaslider_18493' class='nivoSlider'><a href=\"https:\/\/www.fhycs.unam.edu.ar\/portada\/wp-content\/uploads\/2017\/11\/turismo.jpg\" target=\"_self\"><img src=\"https:\/\/www.fhycs.unam.edu.ar\/portada\/wp-content\/uploads\/2017\/11\/turismo-1000x600.jpg\" height=\"600\" width=\"1000\" alt=\"\" class=\"slider-18493 slide-18494\" \/><\/a><a href=\"https:\/\/www.fhycs.unam.edu.ar\/portada\/wp-content\/uploads\/2017\/11\/TGU.jpg\" target=\"_self\"><img src=\"https:\/\/www.fhycs.unam.edu.ar\/portada\/wp-content\/uploads\/2017\/11\/TGU-1000x600.jpg\" height=\"600\" width=\"1000\" alt=\"\" class=\"slider-18493 slide-18495\" \/><\/a><a href=\"https:\/\/www.fhycs.unam.edu.ar\/portada\/wp-content\/uploads\/2017\/11\/prof-portugues.jpg\" target=\"_self\"><img src=\"https:\/\/www.fhycs.unam.edu.ar\/portada\/wp-content\/uploads\/2017\/11\/prof-portugues-1000x600.jpg\" height=\"600\" width=\"1000\" alt=\"\" class=\"slider-18493 slide-18496\" \/><\/a><a href=\"https:\/\/www.fhycs.unam.edu.ar\/portada\/wp-content\/uploads\/2017\/11\/prof-educacion-especial.jpg\" target=\"_self\"><img src=\"https:\/\/www.fhycs.unam.edu.ar\/portada\/wp-content\/uploads\/2017\/11\/prof-educacion-especial-1000x600.jpg\" height=\"600\" width=\"1000\" alt=\"\" class=\"slider-18493 slide-18497\" \/><\/a><a href=\"https:\/\/www.fhycs.unam.edu.ar\/portada\/wp-content\/uploads\/2017\/11\/prof-ciencias-econ.jpg\" target=\"_self\"><img src=\"https:\/\/www.fhycs.unam.edu.ar\/portada\/wp-content\/uploads\/2017\/11\/prof-ciencias-econ-1000x600.jpg\" height=\"600\" width=\"1000\" alt=\"\" class=\"slider-18493 slide-18498\" \/><\/a><a href=\"https:\/\/www.fhycs.unam.edu.ar\/portada\/wp-content\/uploads\/2017\/11\/lic-y-tec-comunciacion.jpg\" target=\"_self\"><img src=\"https:\/\/www.fhycs.unam.edu.ar\/portada\/wp-content\/uploads\/2017\/11\/lic-y-tec-comunciacion-1000x600.jpg\" height=\"600\" width=\"1000\" alt=\"\" class=\"slider-18493 slide-18499\" \/><\/a><a href=\"https:\/\/www.fhycs.unam.edu.ar\/portada\/wp-content\/uploads\/2017\/11\/lic-trabajo-social.jpg\" target=\"_self\"><img src=\"https:\/\/www.fhycs.unam.edu.ar\/portada\/wp-content\/uploads\/2017\/11\/lic-trabajo-social-1000x600.jpg\" height=\"600\" width=\"1000\" alt=\"\" class=\"slider-18493 slide-18500\" \/><\/a><a href=\"https:\/\/www.fhycs.unam.edu.ar\/portada\/wp-content\/uploads\/2017\/11\/lic-prof-historia-2.jpg\" target=\"_self\"><img src=\"https:\/\/www.fhycs.unam.edu.ar\/portada\/wp-content\/uploads\/2017\/11\/lic-prof-historia-2-1000x600.jpg\" height=\"600\" width=\"1000\" alt=\"\" class=\"slider-18493 slide-18501\" \/><\/a><a href=\"https:\/\/www.fhycs.unam.edu.ar\/portada\/wp-content\/uploads\/2017\/11\/lic-prof-historia-1.jpg\" target=\"_self\"><img src=\"https:\/\/www.fhycs.unam.edu.ar\/portada\/wp-content\/uploads\/2017\/11\/lic-prof-historia-1-1000x600.jpg\" height=\"600\" width=\"1000\" alt=\"\" class=\"slider-18493 slide-18502\" \/><\/a><a href=\"https:\/\/www.fhycs.unam.edu.ar\/portada\/wp-content\/uploads\/2017\/11\/lic-bibliotecologia.jpg\" target=\"_self\"><img src=\"https:\/\/www.fhycs.unam.edu.ar\/portada\/wp-content\/uploads\/2017\/11\/lic-bibliotecologia-1000x600.jpg\" height=\"600\" width=\"1000\" alt=\"\" class=\"slider-18493 slide-18503\" \/><\/a><a href=\"https:\/\/www.fhycs.unam.edu.ar\/portada\/wp-content\/uploads\/2017\/11\/letras.jpg\" target=\"_self\"><img src=\"https:\/\/www.fhycs.unam.edu.ar\/portada\/wp-content\/uploads\/2017\/11\/letras-1000x600.jpg\" height=\"600\" width=\"1000\" alt=\"\" class=\"slider-18493 slide-18504\" \/><\/a><a href=\"https:\/\/www.fhycs.unam.edu.ar\/portada\/wp-content\/uploads\/2017\/11\/IMG_0206-FILEminimizer.jpg\" target=\"_self\"><img src=\"https:\/\/www.fhycs.unam.edu.ar\/portada\/wp-content\/uploads\/2017\/11\/IMG_0206-FILEminimizer-1000x600.jpg\" height=\"600\" width=\"1000\" alt=\"\" class=\"slider-18493 slide-18505\" \/><\/a><a href=\"https:\/\/www.fhycs.unam.edu.ar\/portada\/wp-content\/uploads\/2017\/11\/IMG_0185-FILEminimizer.jpg\" target=\"_self\"><img src=\"https:\/\/www.fhycs.unam.edu.ar\/portada\/wp-content\/uploads\/2017\/11\/IMG_0185-FILEminimizer-1000x600.jpg\" height=\"600\" width=\"1000\" alt=\"\" class=\"slider-18493 slide-18506\" \/><\/a><a href=\"https:\/\/www.fhycs.unam.edu.ar\/portada\/wp-content\/uploads\/2017\/11\/IMG_0178-FILEminimizer.jpg\" target=\"_self\"><img src=\"https:\/\/www.fhycs.unam.edu.ar\/portada\/wp-content\/uploads\/2017\/11\/IMG_0178-FILEminimizer-1000x600.jpg\" height=\"600\" width=\"1000\" alt=\"\" class=\"slider-18493 slide-18507\" \/><\/a><a href=\"https:\/\/www.fhycs.unam.edu.ar\/portada\/wp-content\/uploads\/2017\/11\/IMG_0087-FILEminimizer.jpg\" target=\"_self\"><img src=\"https:\/\/www.fhycs.unam.edu.ar\/portada\/wp-content\/uploads\/2017\/11\/IMG_0087-FILEminimizer-1000x600.jpg\" height=\"600\" width=\"1000\" alt=\"\" class=\"slider-18493 slide-18508\" \/><\/a><a href=\"https:\/\/www.fhycs.unam.edu.ar\/portada\/wp-content\/uploads\/2017\/11\/IMG_0064-FILEminimizer.jpg\" target=\"_self\"><img src=\"https:\/\/www.fhycs.unam.edu.ar\/portada\/wp-content\/uploads\/2017\/11\/IMG_0064-FILEminimizer-1000x600.jpg\" height=\"600\" width=\"1000\" alt=\"\" class=\"slider-18493 slide-18509\" \/><\/a><a href=\"https:\/\/www.fhycs.unam.edu.ar\/portada\/wp-content\/uploads\/2017\/11\/IMG_0059-FILEminimizer.jpg\" target=\"_self\"><img src=\"https:\/\/www.fhycs.unam.edu.ar\/portada\/wp-content\/uploads\/2017\/11\/IMG_0059-FILEminimizer-1000x600.jpg\" height=\"600\" width=\"1000\" alt=\"\" class=\"slider-18493 slide-18510\" \/><\/a><a href=\"https:\/\/www.fhycs.unam.edu.ar\/portada\/wp-content\/uploads\/2017\/11\/IMG_0055-FILEminimizer.jpg\" target=\"_self\"><img src=\"https:\/\/www.fhycs.unam.edu.ar\/portada\/wp-content\/uploads\/2017\/11\/IMG_0055-FILEminimizer-1000x600.jpg\" height=\"600\" width=\"1000\" alt=\"\" class=\"slider-18493 slide-18511\" \/><\/a><a href=\"https:\/\/www.fhycs.unam.edu.ar\/portada\/wp-content\/uploads\/2017\/11\/IMG_0031-FILEminimizer.jpg\" target=\"_self\"><img src=\"https:\/\/www.fhycs.unam.edu.ar\/portada\/wp-content\/uploads\/2017\/11\/IMG_0031-FILEminimizer-1000x600.jpg\" height=\"600\" width=\"1000\" alt=\"\" class=\"slider-18493 slide-18512\" \/><\/a><a href=\"https:\/\/www.fhycs.unam.edu.ar\/portada\/wp-content\/uploads\/2017\/11\/IMG_0014-FILEminimizer.jpg\" target=\"_self\"><img src=\"https:\/\/www.fhycs.unam.edu.ar\/portada\/wp-content\/uploads\/2017\/11\/IMG_0014-FILEminimizer-1000x600.jpg\" height=\"600\" width=\"1000\" alt=\"\" class=\"slider-18493 slide-18513\" \/><\/a><\/div><\/div>\n        \n    <\/div>\n<\/div><\/p>\n","protected":false},"excerpt":{"rendered":"<p>En un emotivo encuentro, graduados de las 16 carreras permanentes de la Facultad de Humanidades y Ciencias Sociales y los de la Tecnicatura en Gesti\u00f3n Universitaria (TGU) de la Universidad Nacional de Misiones, quienes recibieron sus diplomas en un acto cargado de an\u00e9cdotas y reflexiones en torno al momento celebratorio que se desarroll\u00f3.<\/p>\n","protected":false},"author":10,"featured_media":18480,"comment_status":"open","ping_status":"closed","sticky":false,"template":"","format":"standard","meta":{"extendify_custom_stylesheet":""},"categories":[1],"tags":[3128,3129,5],"_links":{"self":[{"href":"https:\/\/www.fhycs.unam.edu.ar\/portada\/wp-json\/wp\/v2\/posts\/18552"}],"collection":[{"href":"https:\/\/www.fhycs.unam.edu.ar\/portada\/wp-json\/wp\/v2\/posts"}],"about":[{"href":"https:\/\/www.fhycs.unam.edu.ar\/portada\/wp-json\/wp\/v2\/types\/post"}],"author":[{"embeddable":true,"href":"https:\/\/www.fhycs.unam.edu.ar\/portada\/wp-json\/wp\/v2\/users\/10"}],"replies":[{"embeddable":true,"href":"https:\/\/www.fhycs.unam.edu.ar\/portada\/wp-json\/wp\/v2\/comments?post=18552"}],"version-history":[{"count":3,"href":"https:\/\/www.fhycs.unam.edu.ar\/portada\/wp-json\/wp\/v2\/posts\/18552\/revisions"}],"predecessor-version":[{"id":18556,"href":"https:\/\/www.fhycs.unam.edu.ar\/portada\/wp-json\/wp\/v2\/posts\/18552\/revisions\/18556"}],"wp:featuredmedia":[{"embeddable":true,"href":"https:\/\/www.fhycs.unam.edu.ar\/portada\/wp-json\/wp\/v2\/media\/18480"}],"wp:attachment":[{"href":"https:\/\/www.fhycs.unam.edu.ar\/portada\/wp-json\/wp\/v2\/media?parent=18552"}],"wp:term":[{"taxonomy":"category","embeddable":true,"href":"https:\/\/www.fhycs.unam.edu.ar\/portada\/wp-json\/wp\/v2\/categories?post=18552"},{"taxonomy":"post_tag","embeddable":true,"href":"https:\/\/www.fhycs.unam.edu.ar\/portada\/wp-json\/wp\/v2\/tags?post=18552"}],"curies":[{"name":"wp","href":"https:\/\/api.w.org\/{rel}","templated":true}]}}