{"id":18639,"date":"2017-11-28T13:30:53","date_gmt":"2017-11-28T16:30:53","guid":{"rendered":"http:\/\/www.fhycs.unam.edu.ar\/portada\/?p=18639"},"modified":"2017-11-28T15:18:42","modified_gmt":"2017-11-28T18:18:42","slug":"docente-investigadora-de-la-fhycs-unam-galardonada-en-paraguay","status":"publish","type":"post","link":"https:\/\/www.fhycs.unam.edu.ar\/portada\/docente-investigadora-de-la-fhycs-unam-galardonada-en-paraguay\/","title":{"rendered":"Docente-Investigadora de la FHyCS-UNaM galardonada en Paraguay"},"content":{"rendered":"<p style=\"text-align: justify;\"><img loading=\"lazy\" class=\"alignleft wp-image-18642\" src=\"https:\/\/www.fhycs.unam.edu.ar\/portada\/wp-content\/uploads\/2017\/11\/branislava-susnik-234x300.jpg\" alt=\"\" width=\"189\" height=\"242\" srcset=\"https:\/\/www.fhycs.unam.edu.ar\/portada\/wp-content\/uploads\/2017\/11\/branislava-susnik-234x300.jpg 234w, https:\/\/www.fhycs.unam.edu.ar\/portada\/wp-content\/uploads\/2017\/11\/branislava-susnik.jpg 422w\" sizes=\"(max-width: 189px) 100vw, 189px\" \/>La \u00a0investigaci\u00f3n <strong>\u201cTransformaciones espaciales y recuperaci\u00f3n patrimonial. El caso de APH en la ciudad de Encarnaci\u00f3n, Paraguay\u201d<\/strong> de <strong>Adriana Car\u00edsimo Otero<\/strong> obtuvo el cuarto puesto del <strong>Premio Dra. Branislava Susnik 2017<\/strong>, organizado por el Museo Etnogr\u00e1fico Andr\u00e9s Barbero, el Centro de Estudios Antropol\u00f3gicos de la Universidad Cat\u00f3lica y la Asociaci\u00f3n Indigenista del Paraguay.<!--more--><\/p>\n<p style=\"text-align: justify;\">El galard\u00f3n, que en esta ocasi\u00f3n celebr\u00f3 su d\u00e9cimosexta edici\u00f3n, es organizado por dichas instituciones con el fin de reconocer los <strong>trabajos de investigaci\u00f3n en antropolog\u00eda relacionados con el Paraguay<\/strong>. La premiaci\u00f3n se llevar\u00e1 a cabo ma\u00f1ana mi\u00e9rcoles 29 de noviembre en la capital del vecino pa\u00eds.<\/p>\n<p style=\"text-align: justify;\">El trabajo <strong>\u201cCuerpos y biograf\u00edas. El pueblo Ach\u00e9 en la pr\u00e1ctica y el discurso de la Antropolog\u00eda\u201d<\/strong> de Marina L. Sardi y Diego Ballestero se qued\u00f3 con el primer puesto, mientras que el segundo lugar fue para Paulo Albertoni Lisboa, por su ensayo <strong>\u201cA fic\u00e7\u00e3o guarani emergente de Ol\u00edvio Jekup\u00e9.\u201d<\/strong><\/p>\n<p style=\"text-align: justify;\">En tercer lugar qued\u00f3 Aldo Torres por su obra<strong> \u201cLucha individual de una esclava en tiempos de la Independencia Nacional paraguaya<\/strong>.\u201d<\/p>\n<p style=\"text-align: justify;\">El jurado estuvo compuesto por Isabelle Comb\u00e8s, Diego Villar, Guillermo Lamenza, Marilin Rehnfeldt y Nahuel P\u00e9rez Bugallo. \u00a0Los cuatro trabajos ser\u00e1n publicaciones en el Suplemento Antropol\u00f3gico de la Universidad Cat\u00f3lica de Asunci\u00f3n.<\/p>\n<p style=\"text-align: justify;\"><strong><img loading=\"lazy\" class=\"alignright wp-image-18640\" src=\"https:\/\/www.fhycs.unam.edu.ar\/portada\/wp-content\/uploads\/2017\/11\/Adri-Carisimo-20171128_092804-300x300.jpg\" alt=\"\" width=\"206\" height=\"206\" srcset=\"https:\/\/www.fhycs.unam.edu.ar\/portada\/wp-content\/uploads\/2017\/11\/Adri-Carisimo-20171128_092804-300x300.jpg 300w, https:\/\/www.fhycs.unam.edu.ar\/portada\/wp-content\/uploads\/2017\/11\/Adri-Carisimo-20171128_092804-150x150.jpg 150w, https:\/\/www.fhycs.unam.edu.ar\/portada\/wp-content\/uploads\/2017\/11\/Adri-Carisimo-20171128_092804.jpg 640w\" sizes=\"(max-width: 206px) 100vw, 206px\" \/>Adriana Car\u00edsimo Otero<\/strong> es Mag\u00edster en Antropolog\u00eda Social y Licenciada en Comunicaci\u00f3n Social por la Facultad de Humanidades y Ciencias Sociales de la Universidad Nacional de Misiones. Actualmente se desempe\u00f1a como docente investigadora en esta casa de estudios y es miembro del Comit\u00e9 Editor de La Rivada, publicaci\u00f3n digital de dicha unidad acad\u00e9mica.<\/p>\n<p style=\"text-align: justify;\">La <strong>Dra. Branislava Susnik<\/strong> fue una reconocida antrop\u00f3loga e investigadora nacida en Eslovenia (marzo de 1920) que desarroll\u00f3 gran parte de su trabajo en el Paraguay. Reconocida por sus investigaciones en etnolog\u00eda, historia y ling\u00fc\u00edstica, fue la primera ciudadana y mujer en ganar el Premio Nacional de Ciencias en 1992. Muri\u00f3 en Asunci\u00f3n, en 1996.<\/p>\n<p style=\"text-align: justify;\"><strong>Fuente:<\/strong><\/p>\n<p style=\"text-align: justify;\"><a href=\"https:\/\/cienciadelsur.com\/2017\/11\/27\/trabajo-sobre-ache-gana-premio-susnik-2017\/\" target=\"_blank\" rel=\"noopener\">https:\/\/cienciadelsur.com\/2017\/11\/27\/trabajo-sobre-ache-gana-premio-susnik-2017\/<\/a><\/p>\n","protected":false},"excerpt":{"rendered":"<p>La \u00a0investigaci\u00f3n \u201cTransformaciones espaciales y recuperaci\u00f3n patrimonial. El caso de APH en la ciudad de Encarnaci\u00f3n, Paraguay\u201d de Adriana Car\u00edsimo Otero obtuvo el cuarto puesto del Premio Dra. Branislava Susnik 2017, organizado por el Museo Etnogr\u00e1fico Andr\u00e9s Barbero, el Centro de Estudios Antropol\u00f3gicos de la Universidad Cat\u00f3lica y la Asociaci\u00f3n Indigenista del Paraguay.<\/p>\n","protected":false},"author":6,"featured_media":18641,"comment_status":"open","ping_status":"closed","sticky":false,"template":"","format":"standard","meta":{"extendify_custom_stylesheet":""},"categories":[739,36,794],"tags":[3145,157,3149,5,2379,3146,3148,3150,3147],"_links":{"self":[{"href":"https:\/\/www.fhycs.unam.edu.ar\/portada\/wp-json\/wp\/v2\/posts\/18639"}],"collection":[{"href":"https:\/\/www.fhycs.unam.edu.ar\/portada\/wp-json\/wp\/v2\/posts"}],"about":[{"href":"https:\/\/www.fhycs.unam.edu.ar\/portada\/wp-json\/wp\/v2\/types\/post"}],"author":[{"embeddable":true,"href":"https:\/\/www.fhycs.unam.edu.ar\/portada\/wp-json\/wp\/v2\/users\/6"}],"replies":[{"embeddable":true,"href":"https:\/\/www.fhycs.unam.edu.ar\/portada\/wp-json\/wp\/v2\/comments?post=18639"}],"version-history":[{"count":8,"href":"https:\/\/www.fhycs.unam.edu.ar\/portada\/wp-json\/wp\/v2\/posts\/18639\/revisions"}],"predecessor-version":[{"id":18656,"href":"https:\/\/www.fhycs.unam.edu.ar\/portada\/wp-json\/wp\/v2\/posts\/18639\/revisions\/18656"}],"wp:featuredmedia":[{"embeddable":true,"href":"https:\/\/www.fhycs.unam.edu.ar\/portada\/wp-json\/wp\/v2\/media\/18641"}],"wp:attachment":[{"href":"https:\/\/www.fhycs.unam.edu.ar\/portada\/wp-json\/wp\/v2\/media?parent=18639"}],"wp:term":[{"taxonomy":"category","embeddable":true,"href":"https:\/\/www.fhycs.unam.edu.ar\/portada\/wp-json\/wp\/v2\/categories?post=18639"},{"taxonomy":"post_tag","embeddable":true,"href":"https:\/\/www.fhycs.unam.edu.ar\/portada\/wp-json\/wp\/v2\/tags?post=18639"}],"curies":[{"name":"wp","href":"https:\/\/api.w.org\/{rel}","templated":true}]}}