{"id":18657,"date":"2017-11-29T19:00:43","date_gmt":"2017-11-29T22:00:43","guid":{"rendered":"http:\/\/www.fhycs.unam.edu.ar\/portada\/?p=18657"},"modified":"2017-11-29T20:41:25","modified_gmt":"2017-11-29T23:41:25","slug":"en-2018-comienza-el-dictado-de-la-carrera-de-lengua-de-senas-en-la-fhycs","status":"publish","type":"post","link":"https:\/\/www.fhycs.unam.edu.ar\/portada\/en-2018-comienza-el-dictado-de-la-carrera-de-lengua-de-senas-en-la-fhycs\/","title":{"rendered":"En 2018 comienza el dictado de la carrera de Lengua de Se\u00f1as en la FHyCS"},"content":{"rendered":"<p style=\"text-align: justify;\"><img loading=\"lazy\" class=\"alignleft size-medium wp-image-18659\" src=\"https:\/\/www.fhycs.unam.edu.ar\/portada\/wp-content\/uploads\/2017\/11\/LSA_IMAGEN_350X300_PARA_PORTAL_CARRERAS-257x300.jpg\" alt=\"\" width=\"257\" height=\"300\" srcset=\"https:\/\/www.fhycs.unam.edu.ar\/portada\/wp-content\/uploads\/2017\/11\/LSA_IMAGEN_350X300_PARA_PORTAL_CARRERAS-257x300.jpg 257w, https:\/\/www.fhycs.unam.edu.ar\/portada\/wp-content\/uploads\/2017\/11\/LSA_IMAGEN_350X300_PARA_PORTAL_CARRERAS.jpg 300w\" sizes=\"(max-width: 257px) 100vw, 257px\" \/>La <strong><a href=\"http:\/\/www.fhycs.unam.edu.ar\/carreras\/ingresantes-2018\/\" target=\"_blank\" rel=\"noopener\">inscripci\u00f3n<\/a><\/strong> para esta nueva oferta acad\u00e9mica ya est\u00e1 habilitada, al igual que para las restantes <strong><a href=\"http:\/\/www.fhycs.unam.edu.ar\/carreras\/\" target=\"_blank\" rel=\"noopener\">17 carreras<\/a><\/strong> que ofrece la Facultad de Humanidades y Ciencias Sociales de la Universidad Nacional de Misiones.<!--more--><\/p>\n<p style=\"text-align: justify;\">La carrera de <a href=\"http:\/\/www.fhycs.unam.edu.ar\/carreras\/interprete-en-lengua-de-senas-argentina\/\" target=\"_blank\" rel=\"noopener\"><strong>Int\u00e9rprete Universitario en Lengua de Se\u00f1as Argentina-Espa\u00f1ol<\/strong> <\/a>ser\u00e1 parte de la oferta acad\u00e9mica de la Facultad de Humanidades y Ciencias Sociales, cuenta con la reciente a aprobaci\u00f3n del Ministerio de Educaci\u00f3n de la Naci\u00f3n. Esta es la cuarta carrera de su tipo en todo el pa\u00eds.<\/p>\n<p style=\"text-align: justify;\">El Lanzamiento oficial de la carrera fue el 2 de Noviembre y cont\u00f3 con gran concurrencia de interesados en comenzar el pr\u00f3ximo a\u00f1o la carrera. La FHyCS a trav\u00e9s del curso de la Secretar\u00eda de Extensi\u00f3n y Vinculaci\u00f3n Tecnol\u00f3gica de &#8220;Lengua de Se\u00f1as&#8221; dirigido por la Prof. Lilia Rodr\u00edguez cubr\u00eda de cierta forma esa demanda para el aprendizaje de esa Lengua y ahora contar\u00e1 con la carrera permanente un anhelo de hace muchos a\u00f1os de la instituci\u00f3n.<\/p>\n<blockquote>\n<h4 style=\"text-align: right;\"><span style=\"color: #008080;\">&#8220;Es una carrera que viene a dar respuesta a una demanda social de a\u00f1os&#8221; <\/span><\/h4>\n<p style=\"text-align: right;\"><span style=\"color: #008080;\">Prof. Lilia Rodr\u00edguez<\/span><\/p>\n<\/blockquote>\n<p style=\"text-align: justify;\">La <strong>Prof. Lilia Rodr\u00edguez<\/strong>, como directora de la carrera y una de las impulsoras del proyecto reflexion\u00f3 sobre el tema y coment\u00f3 como fue el proceso hasta la aprobaci\u00f3n por Ministerio de Educaci\u00f3n de la Naci\u00f3n. Tambi\u00e9n explic\u00f3 que <em>\u201cel planteo es b\u00e1sicamente formar a int\u00e9rpretes con una actitud cr\u00edtica con mucho respeto a la Cultura Sorda y a la Lengua de la Comunidad Sorda\u201d<\/em>.<\/p>\n<p>&nbsp;<\/p>\n<blockquote>\n<h4 style=\"text-align: right;\"><span style=\"color: #008080;\">&#8220;Nos tenemos que hacer cargo de formar profesionales id\u00f3neos para atender la inclusi\u00f3n y la accesibilidad&#8221;\u00a0<\/span><\/h4>\n<p style=\"text-align: right;\"><span style=\"color: #008080;\">Mgter. Gisela Spasiuk<\/span><\/p>\n<\/blockquote>\n<p><img loading=\"lazy\" class=\"size-medium wp-image-18714 alignright\" src=\"https:\/\/www.fhycs.unam.edu.ar\/portada\/wp-content\/uploads\/2017\/11\/LENGUA_DE_SE\u00d1AS_LILIA_RODRIGUEZ-1-300x200.jpg\" alt=\"\" width=\"300\" height=\"200\" srcset=\"https:\/\/www.fhycs.unam.edu.ar\/portada\/wp-content\/uploads\/2017\/11\/LENGUA_DE_SE\u00d1AS_LILIA_RODRIGUEZ-1-300x200.jpg 300w, https:\/\/www.fhycs.unam.edu.ar\/portada\/wp-content\/uploads\/2017\/11\/LENGUA_DE_SE\u00d1AS_LILIA_RODRIGUEZ-1-768x512.jpg 768w, https:\/\/www.fhycs.unam.edu.ar\/portada\/wp-content\/uploads\/2017\/11\/LENGUA_DE_SE\u00d1AS_LILIA_RODRIGUEZ-1.jpg 1000w\" sizes=\"(max-width: 300px) 100vw, 300px\" \/><\/p>\n<p style=\"text-align: justify;\">La Decana de la Facultad de Humanidades y Ciencias Sociales, <strong>Mgter. Gisela Spasiuk<\/strong>, tambi\u00e9n habl\u00f3 sobre la apertura de esta nueva propuesta acad\u00e9mica en la instituci\u00f3n <em>\u201ces gratificante, porque es un indicador de que la instituci\u00f3n est\u00e1 trabajando y creciendo, para atender las demandas del medio social, demandas de formaci\u00f3n de nuevos profesionales que formados s\u00f3lidamente puedan dar respuesta a nuevos temas de agenda social o a problem\u00e1ticas que tienen nuevos desaf\u00edos\u201d<\/em>, agreg\u00f3.<\/p>\n<h4>&#8220;La historia institucional no se hace de un d\u00eda para otro&#8221;<\/h4>\n<p style=\"text-align: justify;\">Gisela Spasiuk se refiri\u00f3 a el trabajo institucional y al aporte de muchos actores para llegar a estos objetivos <em>&#8220;este es un esfuerzo institucional de varios actores y que inclusive comenz\u00f3 antes de esta gesti\u00f3n y eso me parece que es sumamente importante remarcarlo, porque la historia institucional no se hace de un d\u00eda para otro se hace de modo sostenido, entre todos co-gestionando, acordando y discutiendo propuestas cada uno desde su lugar&#8221;.\u00a0<\/em><\/p>\n<h4>Inscripciones 2018<\/h4>\n<p style=\"text-align: justify;\">Las inscripciones\u00a0para las 18 carreras de grado y pre-grado que conforman la propuesta educativa de la Facultad de Humanidades y Ciencias Sociales podr\u00e1n realizarse\u00a0<b>hasta el 22 de diciembre de 2017\u00a0<\/b>y en Febrero de 2018 desde\u00a0<b>el 5 al 23. <\/b>Con la nueva propuesta:\u00a0<strong><a href=\"http:\/\/www.fhycs.unam.edu.ar\/carreras\/interprete-en-lengua-de-senas-argentina\/\" target=\"_blank\" rel=\"noopener\">Int\u00e9rprete en Lengua de Se\u00f1as Argentina<\/a>.\u00a0<\/strong><\/p>\n<blockquote>\n<h4 style=\"text-align: right;\">Son dos etapas obligatorias para concretar la inscripci\u00f3n, la primera es\u00a0<strong><a href=\"https:\/\/inscripcion2018.fhycs.unam.edu.ar\/inscripcion\/\" target=\"_blank\" rel=\"noopener\">online\u00a0<\/a><\/strong>y la segunda es presencial, con la entrega de documentaci\u00f3n para la inscripci\u00f3n definitiva a la Universidad, P\u00fablica, Gratuita y de Calidad. Para las inscripciones online hay una\u00a0<a href=\"https:\/\/inscripcion2018.fhycs.unam.edu.ar\/docs\/inscripcion_online_2018.pdf\" target=\"_blank\" rel=\"noopener\"><strong>gu\u00eda PDF<\/strong><\/a>\u00a0la que se recomienda leer antes de comenzar la inscripci\u00f3n.<\/h4>\n<\/blockquote>\n<blockquote class=\"wp-embedded-content\" data-secret=\"2FZXHj6MUD\"><p><a href=\"https:\/\/www.fhycs.unam.edu.ar\/portada\/inscripciones-2018-con-nueva-propuesta-se-abrio-la-inscripcion-a-carreras-en-la-fhycs\/\">Inscripciones 2018: con nueva propuesta se abri\u00f3 la inscripci\u00f3n a carreras en la FHyCS<\/a><\/p><\/blockquote>\n<p><iframe class=\"wp-embedded-content\" sandbox=\"allow-scripts\" security=\"restricted\" style=\"position: absolute; clip: rect(1px, 1px, 1px, 1px);\" src=\"https:\/\/www.fhycs.unam.edu.ar\/portada\/inscripciones-2018-con-nueva-propuesta-se-abrio-la-inscripcion-a-carreras-en-la-fhycs\/embed\/#?secret=2FZXHj6MUD\" data-secret=\"2FZXHj6MUD\" width=\"500\" height=\"282\" title=\"&#8220;Inscripciones 2018: con nueva propuesta se abri\u00f3 la inscripci\u00f3n a carreras en la FHyCS&#8221; &#8212; Facultad de Humanidades y Ciencias Sociales\" frameborder=\"0\" marginwidth=\"0\" marginheight=\"0\" scrolling=\"no\"><\/iframe><\/p>\n<p>&nbsp;<\/p>\n","protected":false},"excerpt":{"rendered":"<p>La inscripci\u00f3n para esta nueva oferta acad\u00e9mica ya est\u00e1 habilitada, al igual que para las restantes 17 carreras que ofrece la Facultad de Humanidades y Ciencias Sociales de la Universidad Nacional de Misiones.<\/p>\n","protected":false},"author":5,"featured_media":18721,"comment_status":"open","ping_status":"closed","sticky":false,"template":"","format":"standard","meta":{"extendify_custom_stylesheet":""},"categories":[965,10,3108,1781,3027,1,8],"tags":[153,5,446,668,3114],"_links":{"self":[{"href":"https:\/\/www.fhycs.unam.edu.ar\/portada\/wp-json\/wp\/v2\/posts\/18657"}],"collection":[{"href":"https:\/\/www.fhycs.unam.edu.ar\/portada\/wp-json\/wp\/v2\/posts"}],"about":[{"href":"https:\/\/www.fhycs.unam.edu.ar\/portada\/wp-json\/wp\/v2\/types\/post"}],"author":[{"embeddable":true,"href":"https:\/\/www.fhycs.unam.edu.ar\/portada\/wp-json\/wp\/v2\/users\/5"}],"replies":[{"embeddable":true,"href":"https:\/\/www.fhycs.unam.edu.ar\/portada\/wp-json\/wp\/v2\/comments?post=18657"}],"version-history":[{"count":16,"href":"https:\/\/www.fhycs.unam.edu.ar\/portada\/wp-json\/wp\/v2\/posts\/18657\/revisions"}],"predecessor-version":[{"id":18726,"href":"https:\/\/www.fhycs.unam.edu.ar\/portada\/wp-json\/wp\/v2\/posts\/18657\/revisions\/18726"}],"wp:featuredmedia":[{"embeddable":true,"href":"https:\/\/www.fhycs.unam.edu.ar\/portada\/wp-json\/wp\/v2\/media\/18721"}],"wp:attachment":[{"href":"https:\/\/www.fhycs.unam.edu.ar\/portada\/wp-json\/wp\/v2\/media?parent=18657"}],"wp:term":[{"taxonomy":"category","embeddable":true,"href":"https:\/\/www.fhycs.unam.edu.ar\/portada\/wp-json\/wp\/v2\/categories?post=18657"},{"taxonomy":"post_tag","embeddable":true,"href":"https:\/\/www.fhycs.unam.edu.ar\/portada\/wp-json\/wp\/v2\/tags?post=18657"}],"curies":[{"name":"wp","href":"https:\/\/api.w.org\/{rel}","templated":true}]}}