{"id":18700,"date":"2017-11-29T13:20:40","date_gmt":"2017-11-29T16:20:40","guid":{"rendered":"http:\/\/www.fhycs.unam.edu.ar\/portada\/?p=18700"},"modified":"2017-11-30T11:21:02","modified_gmt":"2017-11-30T14:21:02","slug":"faltan-5-dias-para-que-inicie-la-ram","status":"publish","type":"post","link":"https:\/\/www.fhycs.unam.edu.ar\/portada\/faltan-5-dias-para-que-inicie-la-ram\/","title":{"rendered":"Faltan 4 d\u00edas para que inicie la RAM"},"content":{"rendered":"<p style=\"text-align: justify;\"><img loading=\"lazy\" class=\"alignleft wp-image-18702\" src=\"https:\/\/www.fhycs.unam.edu.ar\/portada\/wp-content\/uploads\/2017\/11\/RAM-Logo-300x109.png\" alt=\"\" width=\"358\" height=\"130\" srcset=\"https:\/\/www.fhycs.unam.edu.ar\/portada\/wp-content\/uploads\/2017\/11\/RAM-Logo-300x109.png 300w, https:\/\/www.fhycs.unam.edu.ar\/portada\/wp-content\/uploads\/2017\/11\/RAM-Logo-768x279.png 768w, https:\/\/www.fhycs.unam.edu.ar\/portada\/wp-content\/uploads\/2017\/11\/RAM-Logo-1024x372.png 1024w, https:\/\/www.fhycs.unam.edu.ar\/portada\/wp-content\/uploads\/2017\/11\/RAM-Logo.png 1355w\" sizes=\"(max-width: 358px) 100vw, 358px\" \/>La\u00a0<strong>XII Reuni\u00f3n de Antrop\u00f3log\u00eda del Mercosur\u00a0<\/strong>comenzar\u00e1 el pr\u00f3ximo <strong>lunes 4 de diciembre<\/strong> en la ciudad de\u00a0<strong>Posadas<\/strong> y tendr\u00e1 lugar hasta el jueves\u00a07. Su presidenta, la <strong>Mgter. Ana Mar\u00eda Gorosito Kramer<\/strong>, invita a trav\u00e9s del presente video a participar de uno de los eventos cient\u00edficos m\u00e1s importantes de la regi\u00f3n.<!--more--><\/p>\n<blockquote>\n<h5 style=\"text-align: right;\"><span style=\"color: #008080;\">Desde la organizaci\u00f3n confirmaron que el lunes a las 17:30hs saldr\u00e1n colectivos desde la Facultad de Humanidades y Ciencias Sociales -Tucum\u00e1n 1946- con destino al Centro del Conocimiento para asistir al acto de apertura y Conferencia Inaugural. Al cierre, alrededor de las 23:00hs regresar\u00e1n a la facultad.<\/span><\/h5>\n<\/blockquote>\n<p style=\"text-align: justify;\">El <strong>Departamento de Antropolog\u00eda Social<\/strong> y el <strong>Programa de Posgrado en Antropolog\u00eda Social<\/strong> de la <strong>Universidad Nacional de Misiones<\/strong> son los organizadores de dicho encuentro que contar\u00e1 con la presencia de m\u00e1s de 3000 participantes.<\/p>\n<blockquote><p><em>Este encuentro cient\u00edfico bianual fue impulsado por la Associa\u00e7\u00e3o Brasileira de Antropologia (ABA) en 1995. Desde entonces se realiza de manera itinerante con sede en los pa\u00edses miembros del bloque. Se trata de un encuentro para discutir y actualizar los conocimientos antropol\u00f3gicos en sus distintas corrientes, ramas, objetos y perspectivas te\u00f3rico-metodol\u00f3gicas, en di\u00e1logo tambi\u00e9n con otras disciplinas.<\/em><\/p><\/blockquote>\n<p style=\"text-align: justify;\">El lema <strong>\u201cExperiencias etnogr\u00e1ficas: desaf\u00edos y acciones para el Siglo XXI\u201d<\/strong>\u00a0 invita a repensar el lugar actual de la <strong>etnograf\u00eda<\/strong> en la antropolog\u00eda y en otras ciencias. La etnograf\u00eda -marca distintiva de la disciplina desde sus inicios- puede ser considerada por su potencial descriptivo y comprensivo, uno de los caminos para afrontar las diversas problem\u00e1ticas que convulsionan el devenir de este siglo.<\/p>\n<p style=\"text-align: justify;\">Los desaf\u00edos que plantea la<strong> realidad sociopol\u00edtica<\/strong> que atraviesan especialmente los pa\u00edses del Cono Sur, interpelan a los investigadores en cuanto al conocimiento producido y a las acciones que el mismo posibilita como respuesta. Por ello, en la presente edici\u00f3n de la RAM esperamos brindar un espacio de di\u00e1logo y debate donde confluyan diversas experiencias que aporten revisiones a problemas cl\u00e1sicos, nuevas propuestas y desarrollos creativos.<\/p>\n<p style=\"text-align: justify;\"><strong>M\u00e1s Informaci\u00f3n:<\/strong><\/p>\n<p style=\"text-align: justify;\"><a href=\"http:\/\/ram2017.com.ar\/\">www.ram2017.com.ar<\/a><\/p>\n<div id=\"metaslider-id-18735\" style=\"max-width: 1000px; margin: 0 auto;\" class=\"ml-slider-3-27-13 metaslider metaslider-nivo metaslider-18735 ml-slider ml-slider-lightbox-1-12-0 no-active-lightbox\">\n    <div id=\"metaslider_container_18735\">\n        <div class='slider-wrapper theme-default'><div class='ribbon'><\/div><div id='metaslider_18735' class='nivoSlider'><a href=\"https:\/\/www.fhycs.unam.edu.ar\/portada\/wp-content\/uploads\/2017\/11\/Simposio-5-YERBA.png\" target=\"_self\"><img src=\"https:\/\/www.fhycs.unam.edu.ar\/portada\/wp-content\/uploads\/2017\/11\/Simposio-5-YERBA-743x446.png\" height=\"600\" width=\"1000\" alt=\"\" class=\"slider-18735 slide-18743\" \/><\/a><a href=\"https:\/\/www.fhycs.unam.edu.ar\/portada\/wp-content\/uploads\/2017\/11\/simposio-material.1.png\" target=\"_self\"><img src=\"https:\/\/www.fhycs.unam.edu.ar\/portada\/wp-content\/uploads\/2017\/11\/simposio-material.1-746x448.png\" height=\"600\" width=\"1000\" alt=\"\" class=\"slider-18735 slide-18744\" \/><\/a><a href=\"https:\/\/www.fhycs.unam.edu.ar\/portada\/wp-content\/uploads\/2017\/11\/simposio-material..png\" target=\"_self\"><img src=\"https:\/\/www.fhycs.unam.edu.ar\/portada\/wp-content\/uploads\/2017\/11\/simposio-material.-746x448.png\" height=\"600\" width=\"1000\" alt=\"\" class=\"slider-18735 slide-18745\" \/><\/a><a href=\"https:\/\/www.fhycs.unam.edu.ar\/portada\/wp-content\/uploads\/2017\/11\/Simposio-1.png\" target=\"_self\"><img src=\"https:\/\/www.fhycs.unam.edu.ar\/portada\/wp-content\/uploads\/2017\/11\/Simposio-1-741x445.png\" height=\"600\" width=\"1000\" alt=\"\" class=\"slider-18735 slide-18746\" \/><\/a><a href=\"https:\/\/www.fhycs.unam.edu.ar\/portada\/wp-content\/uploads\/2017\/11\/Simposio-2.png\" target=\"_self\"><img src=\"https:\/\/www.fhycs.unam.edu.ar\/portada\/wp-content\/uploads\/2017\/11\/Simposio-2-741x445.png\" height=\"600\" width=\"1000\" alt=\"\" class=\"slider-18735 slide-18747\" \/><\/a><a href=\"https:\/\/www.fhycs.unam.edu.ar\/portada\/wp-content\/uploads\/2017\/11\/Simposio-3.png\" target=\"_self\"><img src=\"https:\/\/www.fhycs.unam.edu.ar\/portada\/wp-content\/uploads\/2017\/11\/Simposio-3-746x448.png\" height=\"600\" width=\"1000\" alt=\"\" class=\"slider-18735 slide-18748\" \/><\/a><a href=\"https:\/\/www.fhycs.unam.edu.ar\/portada\/wp-content\/uploads\/2017\/11\/Simposio-4.png\" target=\"_self\"><img src=\"https:\/\/www.fhycs.unam.edu.ar\/portada\/wp-content\/uploads\/2017\/11\/Simposio-4-745x447.png\" height=\"600\" width=\"1000\" alt=\"\" class=\"slider-18735 slide-18749\" \/><\/a><\/div><\/div>\n        \n    <\/div>\n<\/div>\n","protected":false},"excerpt":{"rendered":"<p>La\u00a0XII Reuni\u00f3n de Antrop\u00f3log\u00eda del Mercosur\u00a0comenzar\u00e1 el pr\u00f3ximo lunes 4 de diciembre en la ciudad de\u00a0Posadas y tendr\u00e1 lugar hasta el jueves\u00a07. Su presidenta, la Mgter. Ana Mar\u00eda Gorosito Kramer, invita a trav\u00e9s del presente video a participar de uno de los eventos cient\u00edficos m\u00e1s importantes de la regi\u00f3n.<\/p>\n","protected":false},"author":6,"featured_media":18701,"comment_status":"open","ping_status":"closed","sticky":false,"template":"","format":"standard","meta":{"extendify_custom_stylesheet":""},"categories":[36,794,8],"tags":[5,2439],"_links":{"self":[{"href":"https:\/\/www.fhycs.unam.edu.ar\/portada\/wp-json\/wp\/v2\/posts\/18700"}],"collection":[{"href":"https:\/\/www.fhycs.unam.edu.ar\/portada\/wp-json\/wp\/v2\/posts"}],"about":[{"href":"https:\/\/www.fhycs.unam.edu.ar\/portada\/wp-json\/wp\/v2\/types\/post"}],"author":[{"embeddable":true,"href":"https:\/\/www.fhycs.unam.edu.ar\/portada\/wp-json\/wp\/v2\/users\/6"}],"replies":[{"embeddable":true,"href":"https:\/\/www.fhycs.unam.edu.ar\/portada\/wp-json\/wp\/v2\/comments?post=18700"}],"version-history":[{"count":8,"href":"https:\/\/www.fhycs.unam.edu.ar\/portada\/wp-json\/wp\/v2\/posts\/18700\/revisions"}],"predecessor-version":[{"id":18754,"href":"https:\/\/www.fhycs.unam.edu.ar\/portada\/wp-json\/wp\/v2\/posts\/18700\/revisions\/18754"}],"wp:featuredmedia":[{"embeddable":true,"href":"https:\/\/www.fhycs.unam.edu.ar\/portada\/wp-json\/wp\/v2\/media\/18701"}],"wp:attachment":[{"href":"https:\/\/www.fhycs.unam.edu.ar\/portada\/wp-json\/wp\/v2\/media?parent=18700"}],"wp:term":[{"taxonomy":"category","embeddable":true,"href":"https:\/\/www.fhycs.unam.edu.ar\/portada\/wp-json\/wp\/v2\/categories?post=18700"},{"taxonomy":"post_tag","embeddable":true,"href":"https:\/\/www.fhycs.unam.edu.ar\/portada\/wp-json\/wp\/v2\/tags?post=18700"}],"curies":[{"name":"wp","href":"https:\/\/api.w.org\/{rel}","templated":true}]}}