{"id":19049,"date":"2017-12-28T10:05:44","date_gmt":"2017-12-28T13:05:44","guid":{"rendered":"http:\/\/www.fhycs.unam.edu.ar\/portada\/?p=19049"},"modified":"2018-01-03T18:38:46","modified_gmt":"2018-01-03T21:38:46","slug":"estan-abiertas-las-inscripciones-para-los-cursos-de-veranos-en-la-fhycs","status":"publish","type":"post","link":"https:\/\/www.fhycs.unam.edu.ar\/portada\/estan-abiertas-las-inscripciones-para-los-cursos-de-veranos-en-la-fhycs\/","title":{"rendered":"Est\u00e1n abiertas las inscripciones para los cursos de veranos en la FHyCS"},"content":{"rendered":"<p style=\"text-align: justify;\"><img loading=\"lazy\" class=\"size-medium wp-image-18843 alignleft\" src=\"https:\/\/www.fhycs.unam.edu.ar\/portada\/wp-content\/uploads\/2017\/12\/CURSOS_VERANO_EXTESNION-300x185.png\" alt=\"\" width=\"300\" height=\"185\" srcset=\"https:\/\/www.fhycs.unam.edu.ar\/portada\/wp-content\/uploads\/2017\/12\/CURSOS_VERANO_EXTESNION-300x185.png 300w, https:\/\/www.fhycs.unam.edu.ar\/portada\/wp-content\/uploads\/2017\/12\/CURSOS_VERANO_EXTESNION.png 486w\" sizes=\"(max-width: 300px) 100vw, 300px\" \/>Se trata de tres propuestas de cursada para el <strong>verano 2018<\/strong>. Uno de ellos abordar\u00e1 sobre creaci\u00f3n y gesti\u00f3n de trabajo, emprendimiento y comunicaci\u00f3n, marketing y branding para profesionales, <strong>\u201c<\/strong><em><strong>Crecer en trabajo, crecer en lo laboral\u201d<\/strong>. <\/em>El segundo curso denominado <em><strong>\u201ctu vida, tu creatividad\u201d<\/strong> buscar\u00e1 <\/em>facilitar herramientas para el cambio de paradigma y expansi\u00f3n de\u00a0 la conciencia. Y el tercero sobre trabajar\u00e1 sobre el derecho social<!--more--><\/p>\n<blockquote>\n<h5 style=\"text-align: right;\"><strong><span style=\"color: #008080;\">Se desarrollar\u00e1n desde el 3 al 10 de enero del 2018, en el Sum del Edificio Juan Figueredo de la Facultad de Humanidades y Ciencias Sociales.<\/span><\/strong><\/h5>\n<h5 style=\"text-align: right;\"><strong><span style=\"color: #008080;\">Son abiertas y gratuitas a toda la comunidad. Se entregar\u00e1n certificados<\/span><\/strong><\/h5>\n<\/blockquote>\n<p style=\"text-align: justify;\">Estos cursos son impulsadas por la <strong>Secretar\u00eda de Extensi\u00f3n y Vinculaci\u00f3n Tecnol\u00f3gica<\/strong> en el marco del programa \u00a0<strong>\u201cVerano en la Universidad\u201d<\/strong> que tiene como consigna fomentar distintas actividades art\u00edsticas y acad\u00e9micas para toda la comunidad durante el 2018.<\/p>\n<blockquote>\n<h5><strong>Sobre los cursos<\/strong><\/h5>\n<h6 style=\"text-align: justify;\"><strong>\u00a0<em>\u201cTu vida, tu creatividad\u201d<\/em><\/strong><\/h6>\n<p style=\"text-align: justify;\">Es un ciclo de talleres que tiene como objetivo <strong>facilitar herramientas para el cambio de paradigma y expansi\u00f3n de\u00a0 conciencia<\/strong>, para poder crear de forma consiente la realidad que cada uno quiere vivir ahora. Invitan a reconectarse con las fuentes, a elevar las vibraciones individuales y potenciar la vibraci\u00f3n global del amor incondicional.<\/p>\n<p style=\"text-align: justify;\"><strong>Modalidad de cursada<\/strong><\/p>\n<p style=\"text-align: justify;\">El programa est\u00e1 dividido en 3 m\u00f3dulos. La cursada comenzar\u00e1 el mi\u00e9rcoles 3 de enero \u00a0y \u00a0finalizar\u00e1 el mi\u00e9rcoles 10 de enero, de 9 a 11 hs.<\/p>\n<p style=\"text-align: justify;\">Taller <strong><em>\u201cCreando tu 2018 so\u00f1ado\u201d<\/em><\/strong> con <strong>Rosana Toraglio<\/strong>. Crear\u00e1n un tablero inspirado en el libro <strong><em>\u201cEl secreto\u201d<\/em><\/strong>.<\/p>\n<p style=\"text-align: justify;\">Taller <strong><em>\u201cLibertad Financiera\u201d<\/em><\/strong> con <strong>Perla Dieminger<\/strong>. Se trabajar\u00e1 en aprender a manejar las finanzas y a descubrir cu\u00e1les son las creencias que\u00a0 limitan para lograr la libertad financiera y c\u00f3mo abordarlas para el \u00e9xito.<\/p>\n<p style=\"text-align: justify;\">Taller <strong><em>\u201cVibrando en frecuencia Cristal\u201d<\/em><\/strong>\u00a0se trabajar\u00e1 con cuencos tibetanos, meditando con la flor de la vida para generar una planilla financiera propia.<\/p>\n<h5 style=\"text-align: justify;\"><span style=\"color: #008080;\"><strong><a style=\"color: #008080;\" href=\"https:\/\/docs.google.com\/forms\/d\/e\/1FAIpQLSfos0IhbKWo9DIgLc73m5xh-_zJmXxz-h1xB0L7wn77jDiloQ\/viewform\" target=\"_blank\" rel=\"noopener\">Inscribirse aqu\u00ed<\/a><\/strong><\/span><\/h5>\n<p style=\"text-align: justify;\"><strong>Consultas<\/strong><\/p>\n<p style=\"text-align: justify;\">Lic. Mar\u00eda del Carmen Espindola\u00a0 &#8211; Coordinadora de la propuesta<\/p>\n<p style=\"text-align: justify;\">Cel. 376 464 3853<\/p>\n<h5><\/h5>\n<h6 style=\"text-align: justify;\"><strong>\u201c<em>Crecer en trabajo, crecer en lo laboral\u201d<\/em><\/strong><\/h6>\n<p style=\"text-align: justify;\"><strong>Se divide en 3 talleres cortos de 2 horas con el objetivo de brindar t\u00e9cnicas pr\u00e1cticas en base a la experiencia de cada participante. Se dictar\u00e1n desde el lunes 8 al mi\u00e9rcoles 10 de 14 a 16hs.<\/strong><\/p>\n<p style=\"text-align: justify;\"><strong>Taller b\u00fasqueda de empleo<\/strong><strong>\u201cCreaci\u00f3n y gesti\u00f3n del Trabajo\u201d<\/strong><\/p>\n<p style=\"text-align: justify;\">El desaf\u00edo es comprender c\u00f3mo enfrentar el reto del trabajo y del empleo para as\u00ed generar un crecimiento social y por ende econ\u00f3mico que sea sustentable, para ello es necesario que las personas reconozcan las pautas y herramientas m\u00ednimas necesaria para realizar eficaz y eficientemente\u00a0 tanto un trabajo como un ofrecimiento de servicio personal acorde con las necesidades reales del contexto.<\/p>\n<p style=\"text-align: justify;\">Se brindar\u00e1n las herramientas y conocimientos b\u00e1sicos para salir airosos del desaf\u00edo del contexto productivo, laboral y de empleo.<\/p>\n<p style=\"text-align: justify;\"><strong>Taller emprender ya<\/strong><\/p>\n<p style=\"text-align: justify;\">Intentar\u00e1n compartir t\u00e9cnicas, vivencias y casos para ayudar a los que participan de estos talleres, e ir acompa\u00f1ando en el complejo proceso desde la idea hasta la relaci\u00f3n con el cliente y la sustentabilidad del propio proyecto.<\/p>\n<p style=\"text-align: justify;\"><strong>Taller comunicaci\u00f3n, marketing y branding para profesionales<\/strong><\/p>\n<p style=\"text-align: justify;\">El sistema de trabajo de los profesionales, ya sean independientes o bajo relaci\u00f3n de dependencia, hace que deban ser reconocidos y sus habilidades destacadas, es all\u00ed donde estos talleres marcar\u00e1n una sustancial diferencia con la presentaci\u00f3n de herramientas tradicionales y no tradicionales para sustentar una nueva visi\u00f3n y pr\u00e1ctica de divulgaci\u00f3n de un perfil profesional.<\/p>\n<h5 style=\"text-align: justify;\"><span style=\"color: #008080;\"><strong><a style=\"color: #008080;\" href=\"https:\/\/docs.google.com\/forms\/d\/e\/1FAIpQLSeD0ssDkhei0qMeUuTeyI9IayWCAo2lOnyB3Tvr4rtf0tKYvw\/viewform\" target=\"_blank\" rel=\"noopener\">Inscribirse aqu\u00ed<\/a><\/strong><\/span><\/h5>\n<p style=\"text-align: justify;\"><strong>Consultas<\/strong><\/p>\n<p style=\"text-align: justify;\">Lic. Claudio Villalba\u00a0\u00a0 Coordinador de la propuesta<\/p>\n<p style=\"text-align: justify;\">Cel. 3764 213849<\/p>\n<p style=\"text-align: justify;\">e-mail: claudio.villalba.v@gmail.com<\/p>\n<p><strong>Curso sobre Derecho Social<\/strong><\/p>\n<p style=\"text-align: justify;\">Se realizar\u00e1 a partir de mi\u00e9rcoles 3 \u00a0al mi\u00e9rcoles 10 de enero de 8 a 13 hs y ser\u00e1 dictado por Mariano Ant\u00f3n y Esteban Lozina.Abierto a todo p\u00fablico.<\/p>\n<p><a href=\"https:\/\/docs.google.com\/forms\/d\/e\/1FAIpQLSd5jnCz1uNZ6b0YK-L-znyKWB8-gLGGKiuAfqfb-MGyB60Ekg\/viewform?usp=sf_link\" target=\"_blank\" rel=\"noopener\"><strong>Inscribirse aqu\u00ed<\/strong><\/a><\/p>\n<p>&nbsp;<\/p><\/blockquote>\n","protected":false},"excerpt":{"rendered":"<p>Se trata de tres propuestas de cursada para el verano 2018. Uno de ellos abordar\u00e1 sobre creaci\u00f3n y gesti\u00f3n de trabajo, emprendimiento y comunicaci\u00f3n, marketing y branding para profesionales, \u201cCrecer en trabajo, crecer en lo laboral\u201d. El segundo curso denominado \u201ctu vida, tu creatividad\u201d buscar\u00e1 facilitar herramientas para el cambio de paradigma y expansi\u00f3n de\u00a0 [&hellip;]<\/p>\n","protected":false},"author":25,"featured_media":18843,"comment_status":"open","ping_status":"closed","sticky":false,"template":"","format":"standard","meta":{"extendify_custom_stylesheet":""},"categories":[1,1428],"tags":[3106,3216,138,3214,3215,57,5,446,3213,3174],"_links":{"self":[{"href":"https:\/\/www.fhycs.unam.edu.ar\/portada\/wp-json\/wp\/v2\/posts\/19049"}],"collection":[{"href":"https:\/\/www.fhycs.unam.edu.ar\/portada\/wp-json\/wp\/v2\/posts"}],"about":[{"href":"https:\/\/www.fhycs.unam.edu.ar\/portada\/wp-json\/wp\/v2\/types\/post"}],"author":[{"embeddable":true,"href":"https:\/\/www.fhycs.unam.edu.ar\/portada\/wp-json\/wp\/v2\/users\/25"}],"replies":[{"embeddable":true,"href":"https:\/\/www.fhycs.unam.edu.ar\/portada\/wp-json\/wp\/v2\/comments?post=19049"}],"version-history":[{"count":23,"href":"https:\/\/www.fhycs.unam.edu.ar\/portada\/wp-json\/wp\/v2\/posts\/19049\/revisions"}],"predecessor-version":[{"id":19082,"href":"https:\/\/www.fhycs.unam.edu.ar\/portada\/wp-json\/wp\/v2\/posts\/19049\/revisions\/19082"}],"wp:featuredmedia":[{"embeddable":true,"href":"https:\/\/www.fhycs.unam.edu.ar\/portada\/wp-json\/wp\/v2\/media\/18843"}],"wp:attachment":[{"href":"https:\/\/www.fhycs.unam.edu.ar\/portada\/wp-json\/wp\/v2\/media?parent=19049"}],"wp:term":[{"taxonomy":"category","embeddable":true,"href":"https:\/\/www.fhycs.unam.edu.ar\/portada\/wp-json\/wp\/v2\/categories?post=19049"},{"taxonomy":"post_tag","embeddable":true,"href":"https:\/\/www.fhycs.unam.edu.ar\/portada\/wp-json\/wp\/v2\/tags?post=19049"}],"curies":[{"name":"wp","href":"https:\/\/api.w.org\/{rel}","templated":true}]}}