{"id":19518,"date":"2018-03-13T10:07:41","date_gmt":"2018-03-13T13:07:41","guid":{"rendered":"http:\/\/www.fhycs.unam.edu.ar\/portada\/?p=19518"},"modified":"2018-03-13T10:56:14","modified_gmt":"2018-03-13T13:56:14","slug":"en-2018-cacubra-cumple-una-decada-de-existencia","status":"publish","type":"post","link":"https:\/\/www.fhycs.unam.edu.ar\/portada\/en-2018-cacubra-cumple-una-decada-de-existencia\/","title":{"rendered":"En 2018: CACUBRA cumple una d\u00e9cada de existencia"},"content":{"rendered":"<p><img loading=\"lazy\" class=\"size-medium wp-image-19565 alignleft\" src=\"https:\/\/www.fhycs.unam.edu.ar\/portada\/wp-content\/uploads\/2018\/03\/Imagen-Capoeira-300x274.jpg\" alt=\"\" width=\"300\" height=\"274\" srcset=\"https:\/\/www.fhycs.unam.edu.ar\/portada\/wp-content\/uploads\/2018\/03\/Imagen-Capoeira-300x274.jpg 300w, https:\/\/www.fhycs.unam.edu.ar\/portada\/wp-content\/uploads\/2018\/03\/Imagen-Capoeira.jpg 594w\" sizes=\"(max-width: 300px) 100vw, 300px\" \/><\/p>\n<p style=\"text-align: justify;\">En el d\u00e9cimo a\u00f1o aniversario del Centro Cultural Brasilero -CACUBRA-, este proyecto de Extensi\u00f3n de la Facultad de Humanidades y Ciencias Sociales, lo celebra abriendo sus puertas a una gama de propuestas destinada a toda persona interesada en conocer sobre la cultura brasilera, desde sus rituales hasta su idioma.<!--more--><\/p>\n<blockquote>\n<h4 style=\"text-align: right;\"><span style=\"color: #008080;\">Con tres propuestas inicia sus actividades en el 2018, cursos de Portugu\u00e9s para rendir el Celpe-Bras; cursos de Portugu\u00e9s en todos los niveles y Capoira.<\/span><\/h4>\n<h4 style=\"text-align: right;\"><span style=\"color: #008080;\">Para consultas dirigirse a la Oficina del Proyecto -San Lorenzo 2551, planta baja- de lunes\u00a0 a viernes desde las 18hs.<\/span><\/h4>\n<\/blockquote>\n<p style=\"text-align: justify;\">Si bien, el proyecto se aprob\u00f3 el 18 de diciembre del 2007 por el Honorable Consejo Directivo de la FHyCS, mediante Res. 283\/07, comenz\u00f3 a ejecutarse desde el a\u00f1o 2008 con el objetivo de difundir la cultura brasile\u00f1a y\u00a0 la ense\u00f1anza de la lengua portuguesa.<\/p>\n<p style=\"text-align: justify;\">Como plante\u00f3 su Directora, la Mgter. Ivene Da Maia, &#8220;hace una d\u00e9cada que con excelencia, respeto y responsabilidad hemos venido forjando un espacio de intercambio de reflexiones y aprendizajes en el marco de nuestra Universidad P\u00fablica&#8221;, d\u00e9cada en la cual han pasado cientos de personas que adem\u00e1s de haber aprendido en este proceso dejaron su huella indeleble. Cabe mencionar que, se realizaron cursos y talleres a lo largo de toda la provincia, logrando reciprocidad de experiencias y aprendizajes con instituciones, docentes, alumnos y la comunidad en general.<\/p>\n<p style=\"text-align: justify;\"><strong>CACUBRA<\/strong><\/p>\n<p style=\"text-align: justify;\">Centro de Actividades Culturales Brasile\u00f1as es un Proyecto de Extensi\u00f3n Universitaria de la Carrera de Profesorado en Portugu\u00e9s de la UNaM, que tiene como principal finalidad, compartir con la comunidad el conocimiento y la empat\u00eda por la cultura de Brasil.<\/p>\n<p style=\"text-align: justify;\">Como se plantea desde su <a href=\"https:\/\/cacubra.webnode.com\/\">p\u00e1gina web<\/a>, desde una perspectiva integral, CACUBRA realiza diversas actividades acad\u00e9micas, socializadoras y recreativas, donde interact\u00faan los diferentes lenguajes de la cultura Brasile\u00f1a. De este modo, adem\u00e1s de cursos y capacitaciones en el idioma portugu\u00e9s el proyecto\u00a0brinda a la comunidad\u00a0una diversificada gama de\u00a0actividades, como: oficinas de literatura, m\u00fasica, capoeira, percusi\u00f3n, pl\u00e1stica, artesan\u00eda, mitolog\u00eda, clases de danzas, teatro en portugu\u00e9s, ciclos de cine, conmemoraciones y fiestas tradicionales del Brasil, entre otras.<\/p>\n<p>Leer m\u00e1s: <a href=\"https:\/\/cacubra.webnode.com\/?utm_source=copy&amp;utm_medium=paste&amp;utm_campaign=copypaste&amp;utm_content=https%3A%2F%2Fcacubra.webnode.com%2F\">https:\/\/cacubra.webnode.com\/<\/a><\/p>\n","protected":false},"excerpt":{"rendered":"<p>En el d\u00e9cimo a\u00f1o aniversario del Centro Cultural Brasilero -CACUBRA-, este proyecto de Extensi\u00f3n de la Facultad de Humanidades y Ciencias Sociales, lo celebra abriendo sus puertas a una gama de propuestas destinada a toda persona interesada en conocer sobre la cultura brasilera, desde sus rituales hasta su idioma.<\/p>\n","protected":false},"author":10,"featured_media":19565,"comment_status":"open","ping_status":"closed","sticky":false,"template":"","format":"standard","meta":{"extendify_custom_stylesheet":""},"categories":[1519,1428],"tags":[3293,5],"_links":{"self":[{"href":"https:\/\/www.fhycs.unam.edu.ar\/portada\/wp-json\/wp\/v2\/posts\/19518"}],"collection":[{"href":"https:\/\/www.fhycs.unam.edu.ar\/portada\/wp-json\/wp\/v2\/posts"}],"about":[{"href":"https:\/\/www.fhycs.unam.edu.ar\/portada\/wp-json\/wp\/v2\/types\/post"}],"author":[{"embeddable":true,"href":"https:\/\/www.fhycs.unam.edu.ar\/portada\/wp-json\/wp\/v2\/users\/10"}],"replies":[{"embeddable":true,"href":"https:\/\/www.fhycs.unam.edu.ar\/portada\/wp-json\/wp\/v2\/comments?post=19518"}],"version-history":[{"count":2,"href":"https:\/\/www.fhycs.unam.edu.ar\/portada\/wp-json\/wp\/v2\/posts\/19518\/revisions"}],"predecessor-version":[{"id":19570,"href":"https:\/\/www.fhycs.unam.edu.ar\/portada\/wp-json\/wp\/v2\/posts\/19518\/revisions\/19570"}],"wp:featuredmedia":[{"embeddable":true,"href":"https:\/\/www.fhycs.unam.edu.ar\/portada\/wp-json\/wp\/v2\/media\/19565"}],"wp:attachment":[{"href":"https:\/\/www.fhycs.unam.edu.ar\/portada\/wp-json\/wp\/v2\/media?parent=19518"}],"wp:term":[{"taxonomy":"category","embeddable":true,"href":"https:\/\/www.fhycs.unam.edu.ar\/portada\/wp-json\/wp\/v2\/categories?post=19518"},{"taxonomy":"post_tag","embeddable":true,"href":"https:\/\/www.fhycs.unam.edu.ar\/portada\/wp-json\/wp\/v2\/tags?post=19518"}],"curies":[{"name":"wp","href":"https:\/\/api.w.org\/{rel}","templated":true}]}}