{"id":19752,"date":"2018-03-27T07:35:13","date_gmt":"2018-03-27T10:35:13","guid":{"rendered":"http:\/\/www.fhycs.unam.edu.ar\/portada\/?p=19752"},"modified":"2018-04-25T10:32:33","modified_gmt":"2018-04-25T13:32:33","slug":"cursos-2018-inscriben-a-capacitacion-en-lengua-de-senas-y-cultura-sorda","status":"publish","type":"post","link":"https:\/\/www.fhycs.unam.edu.ar\/portada\/cursos-2018-inscriben-a-capacitacion-en-lengua-de-senas-y-cultura-sorda\/","title":{"rendered":"Cursos 2018: Inscriben a curso en &#8220;Lengua de se\u00f1as y cultura sorda&#8221; en Posadas y Corpus"},"content":{"rendered":"<p><img loading=\"lazy\" class=\"size-medium wp-image-19781 alignleft\" src=\"https:\/\/www.fhycs.unam.edu.ar\/portada\/wp-content\/uploads\/2018\/03\/cursolenguadesenias-200x300.jpg\" alt=\"\" width=\"200\" height=\"300\" srcset=\"https:\/\/www.fhycs.unam.edu.ar\/portada\/wp-content\/uploads\/2018\/03\/cursolenguadesenias-200x300.jpg 200w, https:\/\/www.fhycs.unam.edu.ar\/portada\/wp-content\/uploads\/2018\/03\/cursolenguadesenias-768x1155.jpg 768w, https:\/\/www.fhycs.unam.edu.ar\/portada\/wp-content\/uploads\/2018\/03\/cursolenguadesenias-681x1024.jpg 681w, https:\/\/www.fhycs.unam.edu.ar\/portada\/wp-content\/uploads\/2018\/03\/cursolenguadesenias.jpg 800w\" sizes=\"(max-width: 200px) 100vw, 200px\" \/><\/p>\n<p style=\"text-align: justify;\">Este curso tiene como objetivo conocer y aprender la lengua de la cultura sorda. La modalidad de\u00a0 cursada es te\u00f3rico\/pr\u00e1ctico y permitir\u00e1 generarar un intercambio entre los participantes.<\/p>\n<p><!--more--><\/p>\n<blockquote>\n<h4 style=\"text-align: right;\"><span style=\"color: #008080;\"><strong>Comenzar\u00e1 el 10 de abril en la Facultad de Humanidades y Ciencias Sociales y ser\u00e1 durante todo el primer cuatrimestre.<\/strong><\/span><\/h4>\n<h4 style=\"text-align: right;\"><span style=\"color: #008080;\"><strong>Para inscripci\u00f3n y consultas dirigirse a la Secretar\u00eda de Extensi\u00f3n y V.T. -Col\u00f3n 2368- o llamar al 3764434344 int. 133.<br \/>\n<\/strong><\/span><\/h4>\n<\/blockquote>\n<p style=\"text-align: justify;\">Contar\u00e1 con tres niveles, b\u00e1sico, intermedio y avanzado con un encuentro de dos horas semanales. Esta forma de comunicaci\u00f3n implica utilizar los gestos, la memoria y un poder de actitud para comunicarse en lengua de se\u00f1as.<\/p>\n<p style=\"text-align: justify;\"><img loading=\"lazy\" class=\"size-medium wp-image-19902 alignright\" src=\"https:\/\/www.fhycs.unam.edu.ar\/portada\/wp-content\/uploads\/2018\/03\/Sin-t\u00edtulo-1-241x300.png\" alt=\"\" width=\"241\" height=\"300\" srcset=\"https:\/\/www.fhycs.unam.edu.ar\/portada\/wp-content\/uploads\/2018\/03\/Sin-t\u00edtulo-1-241x300.png 241w, https:\/\/www.fhycs.unam.edu.ar\/portada\/wp-content\/uploads\/2018\/03\/Sin-t\u00edtulo-1-768x955.png 768w, https:\/\/www.fhycs.unam.edu.ar\/portada\/wp-content\/uploads\/2018\/03\/Sin-t\u00edtulo-1-824x1024.png 824w, https:\/\/www.fhycs.unam.edu.ar\/portada\/wp-content\/uploads\/2018\/03\/Sin-t\u00edtulo-1.png 1680w\" sizes=\"(max-width: 241px) 100vw, 241px\" \/>Este a\u00f1o el Programa de Conocimiento en Lengua de Se\u00f1as y Cultura Sorda suma una propuesta para realizar el curso en la ciudad de Corpus. Para inscripci\u00f3n y consultas se habilit\u00f3 un correo de contatco: itepcorpus@gmail.com.<\/p>\n<blockquote>\n<h4 style=\"text-align: right;\"><span style=\"color: #008080;\">En Corpus inicia el 12 de abril en el horario de 15 a 17hs.<\/span><\/h4>\n<\/blockquote>\n<p style=\"text-align: justify;\"><!--more-->El curso en todos sus niveles est\u00e1 destinado a todo p\u00fablico y cuenta con un arancel diferenciado para estudiantes de la UNaM.<\/p>\n","protected":false},"excerpt":{"rendered":"<p>Este curso tiene como objetivo conocer y aprender la lengua de la cultura sorda. La modalidad de\u00a0 cursada es te\u00f3rico\/pr\u00e1ctico y permitir\u00e1 generarar un intercambio entre los participantes.<\/p>\n","protected":false},"author":10,"featured_media":15997,"comment_status":"open","ping_status":"closed","sticky":false,"template":"","format":"standard","meta":{"extendify_custom_stylesheet":""},"categories":[3,47,35],"tags":[3320,5,44,968],"_links":{"self":[{"href":"https:\/\/www.fhycs.unam.edu.ar\/portada\/wp-json\/wp\/v2\/posts\/19752"}],"collection":[{"href":"https:\/\/www.fhycs.unam.edu.ar\/portada\/wp-json\/wp\/v2\/posts"}],"about":[{"href":"https:\/\/www.fhycs.unam.edu.ar\/portada\/wp-json\/wp\/v2\/types\/post"}],"author":[{"embeddable":true,"href":"https:\/\/www.fhycs.unam.edu.ar\/portada\/wp-json\/wp\/v2\/users\/10"}],"replies":[{"embeddable":true,"href":"https:\/\/www.fhycs.unam.edu.ar\/portada\/wp-json\/wp\/v2\/comments?post=19752"}],"version-history":[{"count":4,"href":"https:\/\/www.fhycs.unam.edu.ar\/portada\/wp-json\/wp\/v2\/posts\/19752\/revisions"}],"predecessor-version":[{"id":19903,"href":"https:\/\/www.fhycs.unam.edu.ar\/portada\/wp-json\/wp\/v2\/posts\/19752\/revisions\/19903"}],"wp:featuredmedia":[{"embeddable":true,"href":"https:\/\/www.fhycs.unam.edu.ar\/portada\/wp-json\/wp\/v2\/media\/15997"}],"wp:attachment":[{"href":"https:\/\/www.fhycs.unam.edu.ar\/portada\/wp-json\/wp\/v2\/media?parent=19752"}],"wp:term":[{"taxonomy":"category","embeddable":true,"href":"https:\/\/www.fhycs.unam.edu.ar\/portada\/wp-json\/wp\/v2\/categories?post=19752"},{"taxonomy":"post_tag","embeddable":true,"href":"https:\/\/www.fhycs.unam.edu.ar\/portada\/wp-json\/wp\/v2\/tags?post=19752"}],"curies":[{"name":"wp","href":"https:\/\/api.w.org\/{rel}","templated":true}]}}