{"id":20186,"date":"2018-04-24T11:52:15","date_gmt":"2018-04-24T14:52:15","guid":{"rendered":"http:\/\/www.fhycs.unam.edu.ar\/portada\/?p=20186"},"modified":"2018-04-24T11:52:15","modified_gmt":"2018-04-24T14:52:15","slug":"declararon-de-interes-municipal-el-curso-de-lengua-de-senas-en-corpus","status":"publish","type":"post","link":"https:\/\/www.fhycs.unam.edu.ar\/portada\/declararon-de-interes-municipal-el-curso-de-lengua-de-senas-en-corpus\/","title":{"rendered":"Declararon de inter\u00e9s municipal el Curso de Lengua de Se\u00f1as en Corpus"},"content":{"rendered":"<p style=\"text-align: justify;\">Organizado por el <strong>Instituto Tecnol\u00f3gico Provincial N\u00ba 2<\/strong> (ITEP) de esa localidad en conjunto con la<strong> Universidad Nacional de Misiones<\/strong>\u00a0<strong><a href=\"https:\/\/www.fhycs.unam.edu.ar\/portada\/cursos-2018-inscriben-a-capacitacion-en-lengua-de-senas-y-cultura-sorda\/\" target=\"_blank\" rel=\"noopener\"> el curso<\/a><\/strong> comenz\u00f3 a desarrollarse el jueves 12 de abril y tendr\u00e1 una extensi\u00f3n de 16 clases por cada nivel (b\u00e1sico, intermedio y avanzado) durante los dos cuatrimestres de 2018.<\/p>\n<p style=\"text-align: justify;\"><!--more--><\/p>\n<p style=\"text-align: justify;\">La declaraci\u00f3n del Honorable concejo deliberante destaca que dicho curso tiene como objeto conocer y aprender la lengua de la cultura sorda y que adem\u00e1s <em>\u201cfortalece la promoci\u00f3n, el conocimiento y despertar el inter\u00e9s de ni\u00f1os, j\u00f3venes y adultos sobre la importancia de aprender lenguaje de se\u00f1as\u201d. <\/em><\/p>\n<p style=\"text-align: justify;\">Esta propuesta surgi\u00f3 del VI Congreso Internacional de Turismo, Educaci\u00f3n Intercultural y Desarrollo Local de las Misiones Jesu\u00edticas Guaran\u00edes del Mercosur realizado en Corpus Christi.<\/p>\n<div id=\"attachment_20192\" style=\"width: 310px\" class=\"wp-caption alignright\"><img aria-describedby=\"caption-attachment-20192\" loading=\"lazy\" class=\"wp-image-20192 size-medium\" src=\"https:\/\/www.fhycs.unam.edu.ar\/portada\/wp-content\/uploads\/2018\/04\/IMG-20180412-WA0015-300x180.jpg\" alt=\"\" width=\"300\" height=\"180\" srcset=\"https:\/\/www.fhycs.unam.edu.ar\/portada\/wp-content\/uploads\/2018\/04\/IMG-20180412-WA0015-300x180.jpg 300w, https:\/\/www.fhycs.unam.edu.ar\/portada\/wp-content\/uploads\/2018\/04\/IMG-20180412-WA0015-768x461.jpg 768w, https:\/\/www.fhycs.unam.edu.ar\/portada\/wp-content\/uploads\/2018\/04\/IMG-20180412-WA0015-1024x614.jpg 1024w, https:\/\/www.fhycs.unam.edu.ar\/portada\/wp-content\/uploads\/2018\/04\/IMG-20180412-WA0015.jpg 1280w\" sizes=\"(max-width: 300px) 100vw, 300px\" \/><p id=\"caption-attachment-20192\" class=\"wp-caption-text\">FOTO: gentileza de la organizaci\u00f3n<\/p><\/div>\n<p style=\"text-align: justify;\">Seg\u00fan los organizadores se han inscripto m\u00e1s de 70 personas, por lo que se ha abierto otra comisi\u00f3n. Es por eso que dictar\u00e1n las clases en dos momentos, todos los jueves de 15:30 a 17:30 hs y de 18 a 20 hs.<\/p>\n<p style=\"text-align: justify;\">Durante el acto de apertura tambi\u00e9n estuvieron presentes concejales de la localidad, donde manifestaron la necesidad de conocer m\u00e1s sobre esta tem\u00e1tica, y brindar accesibilidad a las personas sordas, los concejales aseguraron que <em>\u201ces un compromiso que asum\u00eda en ese momento el HCD de Corpus\u201d.<\/em><\/p>\n<h3>Declaraci\u00f3n de inter\u00e9s<\/h3>\n<p>&nbsp;<\/p>\n<p><img loading=\"lazy\" class=\"wp-image-20189 aligncenter\" src=\"https:\/\/www.fhycs.unam.edu.ar\/portada\/wp-content\/uploads\/2018\/04\/decla-interes-corpus-2-216x300.jpg\" alt=\"\" width=\"726\" height=\"1008\" srcset=\"https:\/\/www.fhycs.unam.edu.ar\/portada\/wp-content\/uploads\/2018\/04\/decla-interes-corpus-2-216x300.jpg 216w, https:\/\/www.fhycs.unam.edu.ar\/portada\/wp-content\/uploads\/2018\/04\/decla-interes-corpus-2-768x1067.jpg 768w, https:\/\/www.fhycs.unam.edu.ar\/portada\/wp-content\/uploads\/2018\/04\/decla-interes-corpus-2-737x1024.jpg 737w, https:\/\/www.fhycs.unam.edu.ar\/portada\/wp-content\/uploads\/2018\/04\/decla-interes-corpus-2.jpg 996w\" sizes=\"(max-width: 726px) 100vw, 726px\" \/><\/p>\n<p>&nbsp;<\/p>\n<p>&nbsp;<\/p>\n","protected":false},"excerpt":{"rendered":"<p>Organizado por el Instituto Tecnol\u00f3gico Provincial N\u00ba 2 (ITEP) de esa localidad en conjunto con la Universidad Nacional de Misiones\u00a0 el curso comenz\u00f3 a desarrollarse el jueves 12 de abril y tendr\u00e1 una extensi\u00f3n de 16 clases por cada nivel (b\u00e1sico, intermedio y avanzado) durante los dos cuatrimestres de 2018.<\/p>\n","protected":false},"author":5,"featured_media":18713,"comment_status":"open","ping_status":"closed","sticky":false,"template":"","format":"standard","meta":{"extendify_custom_stylesheet":""},"categories":[3,47],"tags":[3374,3375,3376,5,968],"_links":{"self":[{"href":"https:\/\/www.fhycs.unam.edu.ar\/portada\/wp-json\/wp\/v2\/posts\/20186"}],"collection":[{"href":"https:\/\/www.fhycs.unam.edu.ar\/portada\/wp-json\/wp\/v2\/posts"}],"about":[{"href":"https:\/\/www.fhycs.unam.edu.ar\/portada\/wp-json\/wp\/v2\/types\/post"}],"author":[{"embeddable":true,"href":"https:\/\/www.fhycs.unam.edu.ar\/portada\/wp-json\/wp\/v2\/users\/5"}],"replies":[{"embeddable":true,"href":"https:\/\/www.fhycs.unam.edu.ar\/portada\/wp-json\/wp\/v2\/comments?post=20186"}],"version-history":[{"count":6,"href":"https:\/\/www.fhycs.unam.edu.ar\/portada\/wp-json\/wp\/v2\/posts\/20186\/revisions"}],"predecessor-version":[{"id":20197,"href":"https:\/\/www.fhycs.unam.edu.ar\/portada\/wp-json\/wp\/v2\/posts\/20186\/revisions\/20197"}],"wp:featuredmedia":[{"embeddable":true,"href":"https:\/\/www.fhycs.unam.edu.ar\/portada\/wp-json\/wp\/v2\/media\/18713"}],"wp:attachment":[{"href":"https:\/\/www.fhycs.unam.edu.ar\/portada\/wp-json\/wp\/v2\/media?parent=20186"}],"wp:term":[{"taxonomy":"category","embeddable":true,"href":"https:\/\/www.fhycs.unam.edu.ar\/portada\/wp-json\/wp\/v2\/categories?post=20186"},{"taxonomy":"post_tag","embeddable":true,"href":"https:\/\/www.fhycs.unam.edu.ar\/portada\/wp-json\/wp\/v2\/tags?post=20186"}],"curies":[{"name":"wp","href":"https:\/\/api.w.org\/{rel}","templated":true}]}}