{"id":20254,"date":"2018-04-27T12:16:50","date_gmt":"2018-04-27T15:16:50","guid":{"rendered":"http:\/\/www.fhycs.unam.edu.ar\/portada\/?p=20254"},"modified":"2018-04-27T12:16:50","modified_gmt":"2018-04-27T15:16:50","slug":"ya-se-puede-ver-y-descargar-mujeres-en-la-historia-regional-sobre-historias-de-mujeres","status":"publish","type":"post","link":"https:\/\/www.fhycs.unam.edu.ar\/portada\/ya-se-puede-ver-y-descargar-mujeres-en-la-historia-regional-sobre-historias-de-mujeres\/","title":{"rendered":"Ya se puede ver y descargar \u201cMujeres en la historia regional\u201d sobre historias de mujeres"},"content":{"rendered":"<p style=\"text-align: justify;\">Producidos por la UNaM, ya se publicaron dos micros audiovisuales realizados en el marco de un proyecto del <strong>Centro de Estudios y Promoci\u00f3n de Equidad de G\u00e9neros \u201cFlora Trist\u00e1n\u201d<\/strong> y el <strong>Centro de Estudios Hist\u00f3ricos<\/strong> de la Facultad de Humanidades y Ciencias Sociales (FHyCS \u2013 UNaM) con el aporte del PUHAL (Programa Universitario de Historia Argentina y Latinoamericana \u2013 MESCyT).<!--more--><\/p>\n<p style=\"text-align: justify;\"><img loading=\"lazy\" class=\"wp-image-20260 aligncenter\" src=\"https:\/\/www.fhycs.unam.edu.ar\/portada\/wp-content\/uploads\/2018\/04\/Mujeres-en-la-historia-regional_1-300x169.jpg\" alt=\"\" width=\"637\" height=\"359\" srcset=\"https:\/\/www.fhycs.unam.edu.ar\/portada\/wp-content\/uploads\/2018\/04\/Mujeres-en-la-historia-regional_1-300x169.jpg 300w, https:\/\/www.fhycs.unam.edu.ar\/portada\/wp-content\/uploads\/2018\/04\/Mujeres-en-la-historia-regional_1-768x432.jpg 768w, https:\/\/www.fhycs.unam.edu.ar\/portada\/wp-content\/uploads\/2018\/04\/Mujeres-en-la-historia-regional_1-1024x576.jpg 1024w, https:\/\/www.fhycs.unam.edu.ar\/portada\/wp-content\/uploads\/2018\/04\/Mujeres-en-la-historia-regional_1.jpg 1366w\" sizes=\"(max-width: 637px) 100vw, 637px\" \/>La producci\u00f3n se enmarca en el <strong>Programa de Calidad Universitaria Programa Universitario de Historia Argentina y Latinoamericana P.U.H.A.L<\/strong>. El proyecto titulado\u00a0<em>\u201cHistorias de mujeres y mujeres en la historia regional\u201d<\/em>\u00a0 tiene como Directora General del Proyecto a la <strong>Mgter. Norma Oviedo<\/strong> (Directora del Centro de Estudios Hist\u00f3ricos).<\/p>\n<p style=\"text-align: justify;\">La narrativa de estos micros se desarrolla a trav\u00e9s de las voces de los protagonistas: <strong>Dora Barrancos <\/strong>(historiadora y directora del CONICET), <strong>Ana Mar\u00eda Gorosito Kramer<\/strong> (docente investigadora de la UNaM), <strong>Emilia Gil Navarro<\/strong> (docente e investigadora de la UNaM), <strong>Graciela de Melo<\/strong> (integrante de la CCC), <strong>Malvina Lara<\/strong> (promotora del Progen y estudiante universitaria), <strong>Mercedes Oviedo<\/strong> (ex vicegobernadora de Misiones), <strong>Omar Acha<\/strong> (investigador) y <strong>Zunilda Sosa <\/strong>(ingeniera civil).<\/p>\n<p style=\"text-align: justify;\">El equipo t\u00e9cnico est\u00e1 conformado por <strong>Ana Espinoza<\/strong> y <strong>Elian Guerin<\/strong> (realizaci\u00f3n general), <strong>Sofia Schiavoni<\/strong> (c\u00e1mara), <strong>Santiago Schiavoni<\/strong> (sonido) y <strong>Gustavo Sejumil<\/strong> (dise\u00f1o y animaci\u00f3n).<\/p>\n<h6 style=\"text-align: justify;\">Para ver los dos micros documentales ya disponibles online:<\/h6>\n<h4 style=\"text-align: justify;\"><strong>Mujeres y conocimiento<\/strong><\/h4>\n<p><code><iframe loading=\"lazy\" src=\"https:\/\/www.youtube.com\/embed\/apBgvpdiKU4\" width=\"560\" height=\"315\" frameborder=\"0\" allowfullscreen=\"allowfullscreen\"><\/iframe><\/code><\/p>\n<p>&nbsp;<\/p>\n<h4 style=\"text-align: justify;\"><strong>Mujeres y participaci\u00f3n pol\u00edtica<\/strong><\/h4>\n<p><code><iframe loading=\"lazy\" src=\"https:\/\/www.youtube.com\/embed\/qrHtSr1hvx4\" width=\"560\" height=\"315\" frameborder=\"0\" allowfullscreen=\"allowfullscreen\"><\/iframe><\/code><\/p>\n<blockquote>\n<h3 style=\"text-align: center;\"><strong>Para descargar ambos cap\u00edtulos: <a href=\"https:\/\/drive.google.com\/drive\/folders\/1GcMbCq0JlAu6Gh5t3fTiu5RmLV3P7IgM\" target=\"_blank\" rel=\"noopener\">CLICK AQU\u00cd<\/a><\/strong><\/h3>\n<\/blockquote>\n<h4 style=\"text-align: justify;\">Sobre los micros documentales<\/h4>\n<p style=\"text-align: justify;\">A partir de dos ejes se construye el relato de dos micros documental que brindan una contextualizaci\u00f3n, una revisi\u00f3n hist\u00f3rica y una mirada (local, regional y global) sobre la situaci\u00f3n de las mujeres en el pasado reciente y en el presente; por un lado, en el cap\u00edtulo <em>\u201cMujeres y conocimiento\u201d<\/em> se aborda la tem\u00e1tica de la ciencia y la investigaci\u00f3n, qu\u00e9 lugar ocupa la universidad (o las instituciones) en el acceso al conocimiento, c\u00f3mo est\u00e1 posicionada la mujer hoy en la ciencia, qu\u00e9 importancia tuvo y tiene el acceso al conocimiento para lograr la igualdad; por otro lado, en el eje <em>\u201cMujeres y participaci\u00f3n pol\u00edtica\u201d<\/em> se pone el foco en las experiencias pol\u00edticas y la participaci\u00f3n en distintos espacios de la vida social de las mujeres a lo largo de la historia.<\/p>\n<p style=\"text-align: justify;\">El relato audiovisual es narrado desde dos miradas que a su vez est\u00e1n conectadas: por un lado, las historias de vida de las protagonistas y por el otro, las voces de especialistas que contribuyen a inscribir esas experiencias particulares en una trama social m\u00e1s densa; es decir, es un ida y vuelta, de lo particular a lo general o de lo local a lo global.<\/p>\n<p><img loading=\"lazy\" class=\"wp-image-20266 aligncenter\" src=\"https:\/\/www.fhycs.unam.edu.ar\/portada\/wp-content\/uploads\/2018\/04\/Mujeres-en-la-historia-regional_2-300x169.jpg\" alt=\"\" width=\"637\" height=\"359\" srcset=\"https:\/\/www.fhycs.unam.edu.ar\/portada\/wp-content\/uploads\/2018\/04\/Mujeres-en-la-historia-regional_2-300x169.jpg 300w, https:\/\/www.fhycs.unam.edu.ar\/portada\/wp-content\/uploads\/2018\/04\/Mujeres-en-la-historia-regional_2-768x432.jpg 768w, https:\/\/www.fhycs.unam.edu.ar\/portada\/wp-content\/uploads\/2018\/04\/Mujeres-en-la-historia-regional_2-1024x576.jpg 1024w, https:\/\/www.fhycs.unam.edu.ar\/portada\/wp-content\/uploads\/2018\/04\/Mujeres-en-la-historia-regional_2.jpg 1366w\" sizes=\"(max-width: 637px) 100vw, 637px\" \/><\/p>\n","protected":false},"excerpt":{"rendered":"<p>Producidos por la UNaM, ya se publicaron dos micros audiovisuales realizados en el marco de un proyecto del Centro de Estudios y Promoci\u00f3n de Equidad de G\u00e9neros \u201cFlora Trist\u00e1n\u201d y el Centro de Estudios Hist\u00f3ricos de la Facultad de Humanidades y Ciencias Sociales (FHyCS \u2013 UNaM) con el aporte del PUHAL (Programa Universitario de Historia [&hellip;]<\/p>\n","protected":false},"author":5,"featured_media":20268,"comment_status":"open","ping_status":"closed","sticky":false,"template":"","format":"standard","meta":{"extendify_custom_stylesheet":""},"categories":[2197,2170,62,754],"tags":[3399,3393,3390,3392,3400,3394,5,3395,3403,3396,3397,3391,3398,3402,3401],"_links":{"self":[{"href":"https:\/\/www.fhycs.unam.edu.ar\/portada\/wp-json\/wp\/v2\/posts\/20254"}],"collection":[{"href":"https:\/\/www.fhycs.unam.edu.ar\/portada\/wp-json\/wp\/v2\/posts"}],"about":[{"href":"https:\/\/www.fhycs.unam.edu.ar\/portada\/wp-json\/wp\/v2\/types\/post"}],"author":[{"embeddable":true,"href":"https:\/\/www.fhycs.unam.edu.ar\/portada\/wp-json\/wp\/v2\/users\/5"}],"replies":[{"embeddable":true,"href":"https:\/\/www.fhycs.unam.edu.ar\/portada\/wp-json\/wp\/v2\/comments?post=20254"}],"version-history":[{"count":10,"href":"https:\/\/www.fhycs.unam.edu.ar\/portada\/wp-json\/wp\/v2\/posts\/20254\/revisions"}],"predecessor-version":[{"id":20267,"href":"https:\/\/www.fhycs.unam.edu.ar\/portada\/wp-json\/wp\/v2\/posts\/20254\/revisions\/20267"}],"wp:featuredmedia":[{"embeddable":true,"href":"https:\/\/www.fhycs.unam.edu.ar\/portada\/wp-json\/wp\/v2\/media\/20268"}],"wp:attachment":[{"href":"https:\/\/www.fhycs.unam.edu.ar\/portada\/wp-json\/wp\/v2\/media?parent=20254"}],"wp:term":[{"taxonomy":"category","embeddable":true,"href":"https:\/\/www.fhycs.unam.edu.ar\/portada\/wp-json\/wp\/v2\/categories?post=20254"},{"taxonomy":"post_tag","embeddable":true,"href":"https:\/\/www.fhycs.unam.edu.ar\/portada\/wp-json\/wp\/v2\/tags?post=20254"}],"curies":[{"name":"wp","href":"https:\/\/api.w.org\/{rel}","templated":true}]}}