{"id":20329,"date":"2018-05-03T11:08:00","date_gmt":"2018-05-03T14:08:00","guid":{"rendered":"http:\/\/www.fhycs.unam.edu.ar\/portada\/?p=20329"},"modified":"2018-05-03T11:08:00","modified_gmt":"2018-05-03T14:08:00","slug":"invitan-a-charla-sobre-el-rol-del-trabajador-social-en-salud-publica","status":"publish","type":"post","link":"https:\/\/www.fhycs.unam.edu.ar\/portada\/invitan-a-charla-sobre-el-rol-del-trabajador-social-en-salud-publica\/","title":{"rendered":"Invitan a charla sobre el rol del Trabajador Social en Salud P\u00fablica"},"content":{"rendered":"<p><img loading=\"lazy\" class=\"size-medium wp-image-20335 alignleft\" src=\"https:\/\/www.fhycs.unam.edu.ar\/portada\/wp-content\/uploads\/2018\/05\/debatirnos3-214x300.png\" alt=\"\" width=\"214\" height=\"300\" srcset=\"https:\/\/www.fhycs.unam.edu.ar\/portada\/wp-content\/uploads\/2018\/05\/debatirnos3-214x300.png 214w, https:\/\/www.fhycs.unam.edu.ar\/portada\/wp-content\/uploads\/2018\/05\/debatirnos3-768x1075.png 768w, https:\/\/www.fhycs.unam.edu.ar\/portada\/wp-content\/uploads\/2018\/05\/debatirnos3-731x1024.png 731w, https:\/\/www.fhycs.unam.edu.ar\/portada\/wp-content\/uploads\/2018\/05\/debatirnos3.png 1500w\" sizes=\"(max-width: 214px) 100vw, 214px\" \/><\/p>\n<p style=\"text-align: justify;\">Lxs estudiantes de Trabajo Social entendiendo la importancia de generar espacios de discusiones, construir un posicionamiento ideol\u00f3gico y pol\u00edtico ante determinados sucesos que se vienen desarrollando en el contexto actual, invitan a participar de una nueva propuesta en el ciclo: <a href=\"https:\/\/www.facebook.com\/Trabajadores-Sociales-por-la-Justicia-Social-319578298486794\/\">&#8220;Debatirnos en Trabajo Social&#8221;<\/a> organizado desde el Departamento de la carrera.<\/p>\n<h4 style=\"text-align: right;\"><!--more--><\/h4>\n<h3 style=\"text-align: right;\"><span style=\"color: #008080;\">Charla-debate: <span class=\"text_exposed_show\">\u201cRe-pensando las pr\u00e1cticas profesionales del Trabajo Social en la salud Publica\u201d con la Licenciada Rossana Crosetto<\/span><\/span><\/h3>\n<h4 style=\"text-align: right;\"><span style=\"color: #008080;\">Jueves 3 de mayo <\/span><span style=\"color: #008080;\">a las 16hs.<\/span><\/h4>\n<h4 style=\"text-align: right;\"><span style=\"color: #008080;\">en el SUM del edificio Juan Figueredo -Col\u00f3n 2368-<br \/>\n<\/span><\/h4>\n<h4 style=\"text-align: right;\"><span style=\"color: #008080;\">Entrada libre y gratuita con entrega de certificados por asistencia.<\/span><\/h4>\n<p style=\"text-align: justify;\">De este modo, intentan construir un trabajo social cr\u00edtico y reflexivo que tenga en sus principios la defensa de los derechos humanos como as\u00ed tambi\u00e9n un posicionamiento claro ante los contextos hist\u00f3ricos-sociales que nos atraviesan.<\/p>\n<p><strong>Rosana Crosetto<\/strong><\/p>\n<p style=\"text-align: justify;\">Lic. en Trabajo Social. Posgraduada en diversas tem\u00e1ticas vinculadas con Familias, Salud y pol\u00edticas p\u00fablicas. Maestranda en Ciencias Sociales (UNC). Profesora de la Escuela de Trabajo Social, Universidad Nacional C\u00f3rdoba. Integrante del Grupo de Trabajo Familias y g\u00e9nero de CLACSO (Consejo Latinoamericano de Ciencias Sociales). Autora de varios libros relacionados con las tem\u00e1ticas de Trabajo Social, Familias y salud. Co-directora proyecto de investigaci\u00f3n \u201cLas pol\u00edticas hacia las familias en C\u00f3rdoba: Institucionalidad, procesos y sujetos\u201d, aprobado y financiado por SeCyT, a\u00f1os 2010-2011. Miembro del equipo coordinador del proyecto de investigaci\u00f3n 2010\/2013: understanding and supporting families with complex needs\u201d. Supporting Families.<\/p>\n<p style=\"text-align: justify;\">Con capacidad en Planificaci\u00f3n y Gesti\u00f3n de pol\u00edticas sociales, especialmente en pol\u00edticas de salud, su vinculaci\u00f3n con los procesos de Salud Enfermedad-atenci\u00f3n en estrategias de prevenci\u00f3n, promoci\u00f3n y asistencia en APS y trabajo interdisciplinario. La Lic. Crosetto posee experticia en intervenci\u00f3n profesional con familias, articulando docencia, investigaci\u00f3n y ejercicio profesional.<\/p>\n","protected":false},"excerpt":{"rendered":"<p>Lxs estudiantes de Trabajo Social entendiendo la importancia de generar espacios de discusiones, construir un posicionamiento ideol\u00f3gico y pol\u00edtico ante determinados sucesos que se vienen desarrollando en el contexto actual, invitan a participar de una nueva propuesta en el ciclo: &#8220;Debatirnos en Trabajo Social&#8221; organizado desde el Departamento de la carrera.<\/p>\n","protected":false},"author":10,"featured_media":20338,"comment_status":"open","ping_status":"closed","sticky":false,"template":"","format":"standard","meta":{"extendify_custom_stylesheet":""},"categories":[1001,89,42],"tags":[3416,3415],"_links":{"self":[{"href":"https:\/\/www.fhycs.unam.edu.ar\/portada\/wp-json\/wp\/v2\/posts\/20329"}],"collection":[{"href":"https:\/\/www.fhycs.unam.edu.ar\/portada\/wp-json\/wp\/v2\/posts"}],"about":[{"href":"https:\/\/www.fhycs.unam.edu.ar\/portada\/wp-json\/wp\/v2\/types\/post"}],"author":[{"embeddable":true,"href":"https:\/\/www.fhycs.unam.edu.ar\/portada\/wp-json\/wp\/v2\/users\/10"}],"replies":[{"embeddable":true,"href":"https:\/\/www.fhycs.unam.edu.ar\/portada\/wp-json\/wp\/v2\/comments?post=20329"}],"version-history":[{"count":1,"href":"https:\/\/www.fhycs.unam.edu.ar\/portada\/wp-json\/wp\/v2\/posts\/20329\/revisions"}],"predecessor-version":[{"id":20340,"href":"https:\/\/www.fhycs.unam.edu.ar\/portada\/wp-json\/wp\/v2\/posts\/20329\/revisions\/20340"}],"wp:featuredmedia":[{"embeddable":true,"href":"https:\/\/www.fhycs.unam.edu.ar\/portada\/wp-json\/wp\/v2\/media\/20338"}],"wp:attachment":[{"href":"https:\/\/www.fhycs.unam.edu.ar\/portada\/wp-json\/wp\/v2\/media?parent=20329"}],"wp:term":[{"taxonomy":"category","embeddable":true,"href":"https:\/\/www.fhycs.unam.edu.ar\/portada\/wp-json\/wp\/v2\/categories?post=20329"},{"taxonomy":"post_tag","embeddable":true,"href":"https:\/\/www.fhycs.unam.edu.ar\/portada\/wp-json\/wp\/v2\/tags?post=20329"}],"curies":[{"name":"wp","href":"https:\/\/api.w.org\/{rel}","templated":true}]}}