{"id":20486,"date":"2018-05-15T11:24:16","date_gmt":"2018-05-15T14:24:16","guid":{"rendered":"http:\/\/www.fhycs.unam.edu.ar\/portada\/?p=20486"},"modified":"2018-05-15T11:24:16","modified_gmt":"2018-05-15T14:24:16","slug":"charla-y-curso-sobre-abordaje-gerontologico-en-la-fhycs","status":"publish","type":"post","link":"https:\/\/www.fhycs.unam.edu.ar\/portada\/charla-y-curso-sobre-abordaje-gerontologico-en-la-fhycs\/","title":{"rendered":"Charla y Curso sobre abordaje gerontol\u00f3gico en la FHyCS"},"content":{"rendered":"<p><img loading=\"lazy\" class=\"size-medium wp-image-20487 alignleft\" src=\"https:\/\/www.fhycs.unam.edu.ar\/portada\/wp-content\/uploads\/2018\/05\/Afiche-corregido1-212x300.jpg\" alt=\"\" width=\"212\" height=\"300\" srcset=\"https:\/\/www.fhycs.unam.edu.ar\/portada\/wp-content\/uploads\/2018\/05\/Afiche-corregido1-212x300.jpg 212w, https:\/\/www.fhycs.unam.edu.ar\/portada\/wp-content\/uploads\/2018\/05\/Afiche-corregido1-768x1085.jpg 768w, https:\/\/www.fhycs.unam.edu.ar\/portada\/wp-content\/uploads\/2018\/05\/Afiche-corregido1-725x1024.jpg 725w, https:\/\/www.fhycs.unam.edu.ar\/portada\/wp-content\/uploads\/2018\/05\/Afiche-corregido1.jpg 1123w\" sizes=\"(max-width: 212px) 100vw, 212px\" \/><\/p>\n<p style=\"text-align: justify;\">En 2018 se volver\u00e1 a dictar un Curso de Actualizaci\u00f3n Profesional sobre Abordaje Gerontol\u00f3gico en el marco de la Maestr\u00eda y Especializaci\u00f3n en Abordaje Familiar Integral en la Facultad de Humanidades y Ciencias Sociales. En el mismo contexto se desarrollar\u00e1 una charla abierta.<!--more-->En esta oportunidad el curso abordar\u00e1 las &#8220;nuevas configuraciones, enfoques y estrategias de intervenci\u00f3n&#8221; y estar\u00e1 a cargo del Dr. Ricardo Iacub, como as\u00ed tambi\u00e9n la charla abierta que se realizar\u00e1 el mismo d\u00eda.<\/p>\n<blockquote>\n<h4 style=\"text-align: right;\"><span style=\"color: #008080;\">CHARLA ABIERTA: Viernes 18 de mayo 9hs.<br \/>\n<\/span><\/h4>\n<h4 style=\"text-align: right;\"><span style=\"color: #008080;\">CURSO: Viernes 18 de mayo a las 15hs <\/span><\/h4>\n<h4 style=\"text-align: right;\"><span style=\"color: #008080;\">Ambas actividades se realizar\u00e1n en el SUM del Edif. Juan Figueredo -Col\u00f3n 2368- de la FHyCS-UNaM. <\/span><\/h4>\n<h4 style=\"text-align: right;\"><span style=\"color: #008080;\">Inscripci\u00f3n ese mismo d\u00eda antes del inicio del curso.<\/span><\/h4>\n<\/blockquote>\n<h3><strong>Ricardo Iacub<\/strong><\/h3>\n<p>Es profesor de Psicolog\u00eda y profesor de la Facultad de Psicolog\u00eda de la Universidad de Buenos Aires. Dicta cursos y conferencias en universidades americanas y europeas sobre psicolog\u00eda del envejecimiento. Desarrolla Programas prejubilatorios y comunitarios para personas mayores a nivel internacional y asesora organismos dedicados a la tem\u00e1tica.<\/p>\n<p>P\u00e1gina web: <a href=\"http:\/\/www.ricardoiacub.com.ar\/\">http:\/\/www.ricardoiacub.com.ar\/<\/a><\/p>\n<p>&nbsp;<\/p>\n","protected":false},"excerpt":{"rendered":"<p>En 2018 se volver\u00e1 a dictar un Curso de Actualizaci\u00f3n Profesional sobre Abordaje Gerontol\u00f3gico en el marco de la Maestr\u00eda y Especializaci\u00f3n en Abordaje Familiar Integral en la Facultad de Humanidades y Ciencias Sociales. En el mismo contexto se desarrollar\u00e1 una charla abierta.<\/p>\n","protected":false},"author":10,"featured_media":20494,"comment_status":"open","ping_status":"closed","sticky":false,"template":"","format":"standard","meta":{"extendify_custom_stylesheet":""},"categories":[10],"tags":[501],"_links":{"self":[{"href":"https:\/\/www.fhycs.unam.edu.ar\/portada\/wp-json\/wp\/v2\/posts\/20486"}],"collection":[{"href":"https:\/\/www.fhycs.unam.edu.ar\/portada\/wp-json\/wp\/v2\/posts"}],"about":[{"href":"https:\/\/www.fhycs.unam.edu.ar\/portada\/wp-json\/wp\/v2\/types\/post"}],"author":[{"embeddable":true,"href":"https:\/\/www.fhycs.unam.edu.ar\/portada\/wp-json\/wp\/v2\/users\/10"}],"replies":[{"embeddable":true,"href":"https:\/\/www.fhycs.unam.edu.ar\/portada\/wp-json\/wp\/v2\/comments?post=20486"}],"version-history":[{"count":1,"href":"https:\/\/www.fhycs.unam.edu.ar\/portada\/wp-json\/wp\/v2\/posts\/20486\/revisions"}],"predecessor-version":[{"id":20501,"href":"https:\/\/www.fhycs.unam.edu.ar\/portada\/wp-json\/wp\/v2\/posts\/20486\/revisions\/20501"}],"wp:featuredmedia":[{"embeddable":true,"href":"https:\/\/www.fhycs.unam.edu.ar\/portada\/wp-json\/wp\/v2\/media\/20494"}],"wp:attachment":[{"href":"https:\/\/www.fhycs.unam.edu.ar\/portada\/wp-json\/wp\/v2\/media?parent=20486"}],"wp:term":[{"taxonomy":"category","embeddable":true,"href":"https:\/\/www.fhycs.unam.edu.ar\/portada\/wp-json\/wp\/v2\/categories?post=20486"},{"taxonomy":"post_tag","embeddable":true,"href":"https:\/\/www.fhycs.unam.edu.ar\/portada\/wp-json\/wp\/v2\/tags?post=20486"}],"curies":[{"name":"wp","href":"https:\/\/api.w.org\/{rel}","templated":true}]}}