{"id":20629,"date":"2018-05-22T13:04:25","date_gmt":"2018-05-22T16:04:25","guid":{"rendered":"http:\/\/www.fhycs.unam.edu.ar\/portada\/?p=20629"},"modified":"2018-05-22T13:04:25","modified_gmt":"2018-05-22T16:04:25","slug":"realizaran-pena-solidaria-por-el-derecho-al-trabajo","status":"publish","type":"post","link":"https:\/\/www.fhycs.unam.edu.ar\/portada\/realizaran-pena-solidaria-por-el-derecho-al-trabajo\/","title":{"rendered":"Realizar\u00e1n pe\u00f1a solidaria por el derecho al trabajo"},"content":{"rendered":"<p style=\"text-align: justify;\"><img loading=\"lazy\" class=\"size-medium wp-image-20630 alignleft\" src=\"https:\/\/www.fhycs.unam.edu.ar\/portada\/wp-content\/uploads\/2018\/05\/pe\u00f1a-solidaria-215x300.jpg\" alt=\"\" width=\"215\" height=\"300\" srcset=\"https:\/\/www.fhycs.unam.edu.ar\/portada\/wp-content\/uploads\/2018\/05\/pe\u00f1a-solidaria-215x300.jpg 215w, https:\/\/www.fhycs.unam.edu.ar\/portada\/wp-content\/uploads\/2018\/05\/pe\u00f1a-solidaria.jpg 720w\" sizes=\"(max-width: 215px) 100vw, 215px\" \/>Con el lema de participaci\u00f3n y organizaci\u00f3n colectiva invitan a sumarse a una pe\u00f1a solidaria en Defensa del Derecho al Trabajo como &#8220;manera de resisitir la injusticia de trabajadores despededidos por el accionar del Gobierno Nacional y contra las pol\u00edticas de ajuste&#8221;.<!--more--><\/p>\n<h4 style=\"text-align: right;\"><span style=\"color: #008080;\">Ser\u00e1 en el Comedor Universitario -F\u00e9lix Bogado 2160, casi Av. Uruguay-el jueves 24 de mayo a las 22:30hs con entrada libre y gratuita.<\/span><\/h4>\n<h4 style=\"text-align: right;\"><span style=\"color: #008080;\">Organizan el Departamento de Trabajo Social y el Colegio de Profesionales de Servicio Social de Misiones. <\/span><\/h4>\n<h4 style=\"text-align: right;\"><span style=\"color: #008080;\">Apoya, la Facultad de Humanidades y Ciencias Sociales de la UNaM.<\/span><\/h4>\n<p style=\"text-align: justify;\">Con el objetivo de visibilizar a partir de un encuentro las pol\u00edticas de exclusi\u00f3n del gobierno actual, para mantener la unidad y el esp\u00edritu cr\u00edtico de lucha contra una situaci\u00f3n que afecta a mucho y puede profundizarse, se organiz\u00f3 esta pe\u00f1a que tendr\u00e1 bandas en vivo, n\u00fameros art\u00edsticos, sorteos, servicio de cantina, y otras propuestas para todxs los que quieran asistir.<\/p>\n","protected":false},"excerpt":{"rendered":"<p>Con el lema de participaci\u00f3n y organizaci\u00f3n colectiva invitan a sumarse a una pe\u00f1a solidaria en Defensa del Derecho al Trabajo como &#8220;manera de resisitir la injusticia de trabajadores despededidos por el accionar del Gobierno Nacional y contra las pol\u00edticas de ajuste&#8221;.<\/p>\n","protected":false},"author":10,"featured_media":20631,"comment_status":"open","ping_status":"closed","sticky":false,"template":"","format":"standard","meta":{"extendify_custom_stylesheet":""},"categories":[10],"tags":[3451],"_links":{"self":[{"href":"https:\/\/www.fhycs.unam.edu.ar\/portada\/wp-json\/wp\/v2\/posts\/20629"}],"collection":[{"href":"https:\/\/www.fhycs.unam.edu.ar\/portada\/wp-json\/wp\/v2\/posts"}],"about":[{"href":"https:\/\/www.fhycs.unam.edu.ar\/portada\/wp-json\/wp\/v2\/types\/post"}],"author":[{"embeddable":true,"href":"https:\/\/www.fhycs.unam.edu.ar\/portada\/wp-json\/wp\/v2\/users\/10"}],"replies":[{"embeddable":true,"href":"https:\/\/www.fhycs.unam.edu.ar\/portada\/wp-json\/wp\/v2\/comments?post=20629"}],"version-history":[{"count":1,"href":"https:\/\/www.fhycs.unam.edu.ar\/portada\/wp-json\/wp\/v2\/posts\/20629\/revisions"}],"predecessor-version":[{"id":20632,"href":"https:\/\/www.fhycs.unam.edu.ar\/portada\/wp-json\/wp\/v2\/posts\/20629\/revisions\/20632"}],"wp:featuredmedia":[{"embeddable":true,"href":"https:\/\/www.fhycs.unam.edu.ar\/portada\/wp-json\/wp\/v2\/media\/20631"}],"wp:attachment":[{"href":"https:\/\/www.fhycs.unam.edu.ar\/portada\/wp-json\/wp\/v2\/media?parent=20629"}],"wp:term":[{"taxonomy":"category","embeddable":true,"href":"https:\/\/www.fhycs.unam.edu.ar\/portada\/wp-json\/wp\/v2\/categories?post=20629"},{"taxonomy":"post_tag","embeddable":true,"href":"https:\/\/www.fhycs.unam.edu.ar\/portada\/wp-json\/wp\/v2\/tags?post=20629"}],"curies":[{"name":"wp","href":"https:\/\/api.w.org\/{rel}","templated":true}]}}