{"id":20655,"date":"2018-05-23T09:52:00","date_gmt":"2018-05-23T12:52:00","guid":{"rendered":"http:\/\/www.fhycs.unam.edu.ar\/portada\/?p=20655"},"modified":"2018-05-23T10:24:16","modified_gmt":"2018-05-23T13:24:16","slug":"presentaran-bajo-el-simbolo-de-la-victoria-en-la-fhycs","status":"publish","type":"post","link":"https:\/\/www.fhycs.unam.edu.ar\/portada\/presentaran-bajo-el-simbolo-de-la-victoria-en-la-fhycs\/","title":{"rendered":"Presentar\u00e1n &#8220;Bajo el s\u00edmbolo de la victoria&#8221; en la FHyCS"},"content":{"rendered":"<p><img loading=\"lazy\" class=\"size-medium wp-image-20656 alignleft\" src=\"https:\/\/www.fhycs.unam.edu.ar\/portada\/wp-content\/uploads\/2018\/05\/33032554_194398161213978_5070139026694995968_nn-259x300.jpg\" alt=\"\" width=\"259\" height=\"300\" srcset=\"https:\/\/www.fhycs.unam.edu.ar\/portada\/wp-content\/uploads\/2018\/05\/33032554_194398161213978_5070139026694995968_nn-259x300.jpg 259w, https:\/\/www.fhycs.unam.edu.ar\/portada\/wp-content\/uploads\/2018\/05\/33032554_194398161213978_5070139026694995968_nn.jpg 319w\" sizes=\"(max-width: 259px) 100vw, 259px\" \/><\/p>\n<p style=\"text-align: justify;\">Con la presencia de Juan Carlos Alderete se presentar\u00e1 el libro &#8220;Bajo el s\u00edmbolo de la victoria&#8221; publicada por la Editorial Milor ser\u00e1 presentada en la Facultad de Humanidades y Ciencias Sociales de manera abierta y gratuita.<\/p>\n<blockquote>\n<h4 style=\"text-align: right;\"><!--more--><span style=\"color: #008080;\">Jueves 24 de Mayo a las 18 hs en el SUM del Edificio &#8220;Juan Figueredo&#8221; de la Facultad de Humanidades y Ciencias Sociales de la UNaM (Col\u00f3n 2368, Posadas, Misiones).<\/span><\/h4>\n<\/blockquote>\n<p style=\"text-align: justify;\">La obra escrita por L\u00eda Cavila es una autobiograf\u00eda de Juan Carlos Alderetese -conductor nacional de la Corriente Clasista y Combativa (CCC)- donde se plasman &#8220;entrevistas con compa\u00f1eros, aliados y amigos; sus viajes por el mundo y la construcci\u00f3n de la CCC se ven reflejadas en \u00e9stas p\u00e1ginas&#8221;.<\/p>\n<p style=\"text-align: justify;\">En una entrevista para <a href=\"https:\/\/radiocut.fm\/audiocut\/presentacion-del-libro-bajo-el-simbolo-de-la-victoria-de-renzis-ayer-y-hoy-viernes-09032018\/\">radio Out<\/a> sobre el libro Alderete sostuvo &#8220;cuando yo era muy joven ten\u00eda la imagen del Che Guevara, del joven rebelde, de que quer\u00eda cambiar la sociedad, es decir, quer\u00eda ser guerrillero. Por supuesto que equivocadamente porque despu\u00e9s me fui dando cuenta en la vida que no tiene que haber salvadores, nos tenemos que juntar por un proyecto comun en defensa de nuestros intereses, nuestra patria [&#8230;] con mucha diligencia tambi\u00e9n para discutir lo mejor que necesite nuestro pueblo&#8221;.<\/p>\n<p style=\"text-align: justify;\">Del libro, &#8220;Su historia y la del pa\u00eds lo moldearon, transformaron a Juan Carlos en uno de esos personajes de la historia subterr\u00e1nea latinoamericana que emergen desde lo profundo con mucha fuerza y, como muchos otros, \u201csus marchas\u201d, su andar seguro por esta vida, ya merecen ser contadas\u201d.<\/p>\n<p>&nbsp;<\/p>\n","protected":false},"excerpt":{"rendered":"<p>Con la presencia de Juan Carlos Alderete se presentar\u00e1 el libro &#8220;Bajo el s\u00edmbolo de la victoria&#8221; publicada por la Editorial Milor ser\u00e1 presentada en la Facultad de Humanidades y Ciencias Sociales de manera abierta y gratuita.<\/p>\n","protected":false},"author":10,"featured_media":20657,"comment_status":"open","ping_status":"closed","sticky":false,"template":"","format":"standard","meta":{"extendify_custom_stylesheet":""},"categories":[10],"tags":[3457],"_links":{"self":[{"href":"https:\/\/www.fhycs.unam.edu.ar\/portada\/wp-json\/wp\/v2\/posts\/20655"}],"collection":[{"href":"https:\/\/www.fhycs.unam.edu.ar\/portada\/wp-json\/wp\/v2\/posts"}],"about":[{"href":"https:\/\/www.fhycs.unam.edu.ar\/portada\/wp-json\/wp\/v2\/types\/post"}],"author":[{"embeddable":true,"href":"https:\/\/www.fhycs.unam.edu.ar\/portada\/wp-json\/wp\/v2\/users\/10"}],"replies":[{"embeddable":true,"href":"https:\/\/www.fhycs.unam.edu.ar\/portada\/wp-json\/wp\/v2\/comments?post=20655"}],"version-history":[{"count":3,"href":"https:\/\/www.fhycs.unam.edu.ar\/portada\/wp-json\/wp\/v2\/posts\/20655\/revisions"}],"predecessor-version":[{"id":20661,"href":"https:\/\/www.fhycs.unam.edu.ar\/portada\/wp-json\/wp\/v2\/posts\/20655\/revisions\/20661"}],"wp:featuredmedia":[{"embeddable":true,"href":"https:\/\/www.fhycs.unam.edu.ar\/portada\/wp-json\/wp\/v2\/media\/20657"}],"wp:attachment":[{"href":"https:\/\/www.fhycs.unam.edu.ar\/portada\/wp-json\/wp\/v2\/media?parent=20655"}],"wp:term":[{"taxonomy":"category","embeddable":true,"href":"https:\/\/www.fhycs.unam.edu.ar\/portada\/wp-json\/wp\/v2\/categories?post=20655"},{"taxonomy":"post_tag","embeddable":true,"href":"https:\/\/www.fhycs.unam.edu.ar\/portada\/wp-json\/wp\/v2\/tags?post=20655"}],"curies":[{"name":"wp","href":"https:\/\/api.w.org\/{rel}","templated":true}]}}